{"id":10410,"date":"2026-03-04T18:47:52","date_gmt":"2026-03-04T21:47:52","guid":{"rendered":"https:\/\/blogs.correiobraziliense.com.br\/lianasabo\/?p=10410"},"modified":"2026-03-04T18:48:16","modified_gmt":"2026-03-04T21:48:16","slug":"novo-menu-do-aquavit-vai-da-amazonia-aos-pampas","status":"publish","type":"post","link":"https:\/\/blogs.correiobraziliense.com.br\/lianasabo\/novo-menu-do-aquavit-vai-da-amazonia-aos-pampas\/","title":{"rendered":"Novo menu do Aquavit vai da Amaz\u00f4nia aos Pampas"},"content":{"rendered":"<h3>Estreia do card\u00e1pio criado pelo chef do Aquavit, Simon Lau Cederholm, estreia nesta sexta-feira (6)<\/h3>\n<p>Como fruto da viv\u00eancia de quatro d\u00e9cadas no Brasil, o chef e pesquisador dinamarqu\u00eas Simon Lau Cederholm lan\u00e7a no Aquavit menu para celebrar alguns alimentos ic\u00f4nicos de cada regi\u00e3o do pa\u00eds. S\u00e3o ingredientes nativos, ind\u00edgenas ou tidos como regionais, como baunilha-do-cerrado, guariroba, cumaru e puxuri, semente arom\u00e1tica amaz\u00f4nica conhecida como noz-moscada brasileira.<\/p>\n<p>Composto de oito etapas, o card\u00e1pio exclusivo ser\u00e1 servido todas as sextas-feiras e s\u00e1bados, sempre \u00e0 noite, por quase dois meses: a partir do dia 6 de mar\u00e7o at\u00e9 18 de abril. Come\u00e7a com aperitivos servidos antes de apresentar propriamente o menu. Nessa fase, h\u00e1 p\u00e3o maltada e castanha, pat\u00ea de f\u00edgado, cora\u00e7\u00e3o e aliche, manteiga de baunilha-do-cerrado, aspargo e o premiado queijo Tulha da Fazenda Atalaia (SP), tartar de fil\u00e9, guariroba, raspa de lim\u00e3o siciliano e emuls\u00e3o de temperos goianos. Na ta\u00e7a, Fabian Nature, Tradicional Chard\/Pinot Noir da Serra Ga\u00facha.<\/p>\n<p><strong>Prote\u00ednas e frutas<\/strong><\/p>\n<figure id=\"attachment_10411\" aria-describedby=\"caption-attachment-10411\" style=\"width: 781px\" class=\"wp-caption aligncenter\"><a href=\"https:\/\/blogs.correiobraziliense.com.br\/lianasabo\/wp-content\/uploads\/sites\/25\/2026\/03\/WhatsApp-Image-2026-03-04-at-17.16.02.jpeg\"><img loading=\"lazy\" decoding=\"async\" class=\"wp-image-10411 size-large\" src=\"https:\/\/blogs.correiobraziliense.com.br\/lianasabo\/wp-content\/uploads\/sites\/25\/2026\/03\/WhatsApp-Image-2026-03-04-at-17.16.02-781x1024.jpeg\" alt=\"\" width=\"781\" height=\"1024\" srcset=\"https:\/\/blogs.correiobraziliense.com.br\/lianasabo\/wp-content\/uploads\/sites\/25\/2026\/03\/WhatsApp-Image-2026-03-04-at-17.16.02.jpeg 781w, https:\/\/blogs.correiobraziliense.com.br\/lianasabo\/wp-content\/uploads\/sites\/25\/2026\/03\/WhatsApp-Image-2026-03-04-at-17.16.02-229x300.jpeg 229w, https:\/\/blogs.correiobraziliense.com.br\/lianasabo\/wp-content\/uploads\/sites\/25\/2026\/03\/WhatsApp-Image-2026-03-04-at-17.16.02-768x1006.jpeg 768w, https:\/\/blogs.correiobraziliense.com.br\/lianasabo\/wp-content\/uploads\/sites\/25\/2026\/03\/WhatsApp-Image-2026-03-04-at-17.16.02-800x1048.jpeg 800w, https:\/\/blogs.correiobraziliense.com.br\/lianasabo\/wp-content\/uploads\/sites\/25\/2026\/03\/WhatsApp-Image-2026-03-04-at-17.16.02-550x721.jpeg 550w, https:\/\/blogs.correiobraziliense.com.br\/lianasabo\/wp-content\/uploads\/sites\/25\/2026\/03\/WhatsApp-Image-2026-03-04-at-17.16.02-230x301.jpeg 230w\" sizes=\"auto, (max-width: 781px) 100vw, 781px\" \/><\/a><figcaption id=\"caption-attachment-10411\" class=\"wp-caption-text\">A escolha dos ingredientes \u00e9 um dos trunfos no menu elaborado por Simon Lau Cederholm para o Aquavit<\/figcaption><\/figure>\n<p>O primeiro prato traz ostras de Santa Catarina, sorvete de tucupi, pipoca de torresmo e tucupi preto da grife paraense Manioca, de Joana Martins, harmonizadas com Blanc de Noir da Perini Vintage Brut 2022, seguindo fettuccine de lula, tamb\u00e9m vinda de Floripa, palmito e carambola com aut\u00eantico Riesling alsaciano Cave de Ribeauville 2023. O tinto da Borgonha, Pinot Noir da Villa Wolf 2023 acompanha creme de mandioca, codorna, couve e farinha de mandioca de Goi\u00e1s Velho, da mesma forma que vem harmonizar o fil\u00e9-mignon black angus, tutano, ervilhas e molho feito com o pr\u00f3prio vinho.<\/p>\n<p>Passando para o universo doce, h\u00e1 sorvete de baunilha pompona, chocolate branco e maracuj\u00e1. A casa encerra o banquete com carolinas, cumaru, am\u00eandoas e creme de chocolate da Bahia regadas com Moscatel Premium da Casa Valduga e ainda um caf\u00e9 do Cerrado Mineiro, do Arbor Caf\u00e9s produzido na Fazenda Jatob\u00e1, munic\u00edpio de Patroc\u00ednio.<\/p>\n<p>O menu com vinho sai por R$ 700 e sem vinho por R$ 500. Reservas podem ser feitas com Leo no telefone (61) 99336-6173.<\/p>\n","protected":false},"excerpt":{"rendered":"<p>Estreia do card\u00e1pio criado pelo chef do Aquavit, Simon Lau Cederholm, estreia nesta sexta-feira (6) Como fruto da viv\u00eancia de quatro d\u00e9cadas no Brasil, o chef e pesquisador dinamarqu\u00eas Simon Lau Cederholm lan\u00e7a no Aquavit menu para celebrar alguns alimentos ic\u00f4nicos de cada regi\u00e3o do pa\u00eds. S\u00e3o ingredientes nativos, ind\u00edgenas ou tidos como regionais, como baunilha-do-cerrado, guariroba, cumaru e puxuri, [&hellip;]<\/p>\n","protected":false},"author":54,"featured_media":10094,"comment_status":"open","ping_status":"open","sticky":false,"template":"","format":"standard","meta":{"footnotes":""},"categories":[320],"tags":[],"class_list":["post-10410","post","type-post","status-publish","format-standard","has-post-thumbnail","hentry","category-culinaria-internacional"],"_links":{"self":[{"href":"https:\/\/blogs.correiobraziliense.com.br\/lianasabo\/wp-json\/wp\/v2\/posts\/10410","targetHints":{"allow":["GET"]}}],"collection":[{"href":"https:\/\/blogs.correiobraziliense.com.br\/lianasabo\/wp-json\/wp\/v2\/posts"}],"about":[{"href":"https:\/\/blogs.correiobraziliense.com.br\/lianasabo\/wp-json\/wp\/v2\/types\/post"}],"author":[{"embeddable":true,"href":"https:\/\/blogs.correiobraziliense.com.br\/lianasabo\/wp-json\/wp\/v2\/users\/54"}],"replies":[{"embeddable":true,"href":"https:\/\/blogs.correiobraziliense.com.br\/lianasabo\/wp-json\/wp\/v2\/comments?post=10410"}],"version-history":[{"count":2,"href":"https:\/\/blogs.correiobraziliense.com.br\/lianasabo\/wp-json\/wp\/v2\/posts\/10410\/revisions"}],"predecessor-version":[{"id":10413,"href":"https:\/\/blogs.correiobraziliense.com.br\/lianasabo\/wp-json\/wp\/v2\/posts\/10410\/revisions\/10413"}],"wp:featuredmedia":[{"embeddable":true,"href":"https:\/\/blogs.correiobraziliense.com.br\/lianasabo\/wp-json\/wp\/v2\/media\/10094"}],"wp:attachment":[{"href":"https:\/\/blogs.correiobraziliense.com.br\/lianasabo\/wp-json\/wp\/v2\/media?parent=10410"}],"wp:term":[{"taxonomy":"category","embeddable":true,"href":"https:\/\/blogs.correiobraziliense.com.br\/lianasabo\/wp-json\/wp\/v2\/categories?post=10410"},{"taxonomy":"post_tag","embeddable":true,"href":"https:\/\/blogs.correiobraziliense.com.br\/lianasabo\/wp-json\/wp\/v2\/tags?post=10410"}],"curies":[{"name":"wp","href":"https:\/\/api.w.org\/{rel}","templated":true}]}}