{"id":1041,"date":"2017-03-10T10:00:31","date_gmt":"2017-03-10T13:00:31","guid":{"rendered":"https:\/\/blogs.correiobraziliense.com.br\/lianasabo\/?p=1041"},"modified":"2017-03-09T17:54:40","modified_gmt":"2017-03-09T20:54:40","slug":"setor-de-vinhos-finos-cresce-apesar-da-crise","status":"publish","type":"post","link":"https:\/\/blogs.correiobraziliense.com.br\/lianasabo\/setor-de-vinhos-finos-cresce-apesar-da-crise\/","title":{"rendered":"Setor de vinhos finos cresce, apesar da crise"},"content":{"rendered":"<p>A crise econ\u00f4mica iniciada ano passado afetou muito mais a comercializa\u00e7\u00e3o de vinho de mesa e de suco de uva natural, com queda de 20%, do que de vinho fino, que apresentou uma redu\u00e7\u00e3o menos expressiva, de apenas 2,8%, segundo dados do Ibravin (Instituto Brasileiro do Vinho). Os n\u00fameros s\u00e3o gerais, mas h\u00e1 exce\u00e7\u00f5es, como a vin\u00edcola Lidio Carraro, no Vale dos Vinhedos, em Bento Gon\u00e7alves, que tem o nome do fundador. L\u00e1 o desempenho comercial cresceu 35% em rela\u00e7\u00e3o a 2015.<\/p>\n<p>&nbsp;<\/p>\n<figure id=\"attachment_1043\" aria-describedby=\"caption-attachment-1043\" style=\"width: 84px\" class=\"wp-caption alignleft\"><a href=\"https:\/\/blogs.correiobraziliense.com.br\/lianasabo\/wp-content\/uploads\/sites\/25\/2017\/03\/CBNFOT070320171485.jpg\" rel=\"attachment wp-att-1043\"><img loading=\"lazy\" decoding=\"async\" class=\"size-medium wp-image-1043\" src=\"https:\/\/blogs.correiobraziliense.com.br\/lianasabo\/wp-content\/uploads\/sites\/25\/2017\/03\/CBNFOT070320171485-84x300.jpg\" alt=\"Vinho premiado Lidio Carraro - AGNVS Tannat. A Garrafeira.\" width=\"84\" height=\"300\" srcset=\"https:\/\/blogs.correiobraziliense.com.br\/lianasabo\/wp-content\/uploads\/sites\/25\/2017\/03\/CBNFOT070320171485-84x300.jpg 84w, https:\/\/blogs.correiobraziliense.com.br\/lianasabo\/wp-content\/uploads\/sites\/25\/2017\/03\/CBNFOT070320171485-768x2756.jpg 768w, https:\/\/blogs.correiobraziliense.com.br\/lianasabo\/wp-content\/uploads\/sites\/25\/2017\/03\/CBNFOT070320171485-550x1974.jpg 550w, https:\/\/blogs.correiobraziliense.com.br\/lianasabo\/wp-content\/uploads\/sites\/25\/2017\/03\/CBNFOT070320171485-230x825.jpg 230w, https:\/\/blogs.correiobraziliense.com.br\/lianasabo\/wp-content\/uploads\/sites\/25\/2017\/03\/CBNFOT070320171485.jpg 800w\" sizes=\"auto, (max-width: 84px) 100vw, 84px\" \/><\/a><figcaption id=\"caption-attachment-1043\" class=\"wp-caption-text\">AGNVS Tannat<\/figcaption><\/figure>\n<p>Quem afirma \u00e9 o diretor comercial da marca Juliano Carraro, que toca a empresa ao lado dos irm\u00e3os Giovanni e Patricia, enquanto o pai cuida das vinhas. Juliano passou dois dias em Bras\u00edlia divulgando o portf\u00f3lio da empresa, cujo destaque \u00e9 o Agnus Tannat, apontado como o melhor tinto brasileiro na Expovinis 2016. \u201cApesar da alta carga tribut\u00e1ria \u2014 cerca de 60% \u2014 o vinho brasileiro ainda tem competitividade em rela\u00e7\u00e3o ao importado\u201d, afirma Carraro, que comandou segunda-feira a primeira degusta\u00e7\u00e3o na loja A Garrafeira, onde a garrafa do vinho premiado sai por R$ 60.<\/p>\n<p>&nbsp;<\/p>\n<p>&nbsp;<\/p>\n<h2>Um mundo de garrafas<\/h2>\n<p>Carlos de Medeiros, o dono da loja, n\u00e3o \u00e9 um ne\u00f3fito. De 1981 a 1995, comandou a Adega Don Raphael, no Cine S\u00e3o Francisco, onde permanece o irm\u00e3o Paulo Medeiros. No \u00faltimo m\u00eas de dezembro, abriu A Garrafeira no Bloco A da 311 Sul com uma proposta cem por cento nacionalista: s\u00f3 vende bebidas do Brasil. A loja funciona de segunda a s\u00e1bado, das 10h \u00e0s 20h.<\/p>\n<p>Nas prateleiras voc\u00ea poder\u00e1 encontrar duas centenas de itens produzidos em 15 vin\u00edcolas, uma cervejaria e dois alambiques e os pre\u00e7os dos vinhos variam de R$ 20 a R$ 427, uma assemblage especial da Viapiana, cujo en\u00f3logo n\u00e3o divulga nem a safra nem as uvas. Medeiros \u00e9 otimista como Juliano Carraro, que prev\u00ea para sua grife crescimento de 25% em rela\u00e7\u00e3o ao ano passado. Aqui em Bras\u00edlia, a marca \u00e9 representada pela Trilix, de Santiago Tamer.<\/p>\n","protected":false},"excerpt":{"rendered":"<p>A crise econ\u00f4mica iniciada ano passado afetou muito mais a comercializa\u00e7\u00e3o de vinho de mesa e de suco de uva natural, com queda de 20%, do que de vinho fino, que apresentou uma redu\u00e7\u00e3o menos expressiva, de apenas 2,8%, segundo dados do Ibravin (Instituto Brasileiro do Vinho). Os n\u00fameros s\u00e3o gerais, mas h\u00e1 exce\u00e7\u00f5es, como a vin\u00edcola Lidio Carraro, no [&hellip;]<\/p>\n","protected":false},"author":54,"featured_media":1042,"comment_status":"open","ping_status":"open","sticky":false,"template":"","format":"standard","meta":{"footnotes":""},"categories":[1],"tags":[],"class_list":["post-1041","post","type-post","status-publish","format-standard","has-post-thumbnail","hentry","category-sem-categoria"],"_links":{"self":[{"href":"https:\/\/blogs.correiobraziliense.com.br\/lianasabo\/wp-json\/wp\/v2\/posts\/1041","targetHints":{"allow":["GET"]}}],"collection":[{"href":"https:\/\/blogs.correiobraziliense.com.br\/lianasabo\/wp-json\/wp\/v2\/posts"}],"about":[{"href":"https:\/\/blogs.correiobraziliense.com.br\/lianasabo\/wp-json\/wp\/v2\/types\/post"}],"author":[{"embeddable":true,"href":"https:\/\/blogs.correiobraziliense.com.br\/lianasabo\/wp-json\/wp\/v2\/users\/54"}],"replies":[{"embeddable":true,"href":"https:\/\/blogs.correiobraziliense.com.br\/lianasabo\/wp-json\/wp\/v2\/comments?post=1041"}],"version-history":[{"count":1,"href":"https:\/\/blogs.correiobraziliense.com.br\/lianasabo\/wp-json\/wp\/v2\/posts\/1041\/revisions"}],"predecessor-version":[{"id":1044,"href":"https:\/\/blogs.correiobraziliense.com.br\/lianasabo\/wp-json\/wp\/v2\/posts\/1041\/revisions\/1044"}],"wp:featuredmedia":[{"embeddable":true,"href":"https:\/\/blogs.correiobraziliense.com.br\/lianasabo\/wp-json\/wp\/v2\/media\/1042"}],"wp:attachment":[{"href":"https:\/\/blogs.correiobraziliense.com.br\/lianasabo\/wp-json\/wp\/v2\/media?parent=1041"}],"wp:term":[{"taxonomy":"category","embeddable":true,"href":"https:\/\/blogs.correiobraziliense.com.br\/lianasabo\/wp-json\/wp\/v2\/categories?post=1041"},{"taxonomy":"post_tag","embeddable":true,"href":"https:\/\/blogs.correiobraziliense.com.br\/lianasabo\/wp-json\/wp\/v2\/tags?post=1041"}],"curies":[{"name":"wp","href":"https:\/\/api.w.org\/{rel}","templated":true}]}}