{"id":10371,"date":"2026-02-11T17:06:26","date_gmt":"2026-02-11T20:06:26","guid":{"rendered":"https:\/\/blogs.correiobraziliense.com.br\/lianasabo\/?p=10371"},"modified":"2026-02-11T17:40:47","modified_gmt":"2026-02-11T20:40:47","slug":"zero61-promove-edicao-especial-do-samba-com-feijao-no-sabado","status":"publish","type":"post","link":"https:\/\/blogs.correiobraziliense.com.br\/lianasabo\/zero61-promove-edicao-especial-do-samba-com-feijao-no-sabado\/","title":{"rendered":"Zero61 promove edi\u00e7\u00e3o especial do \u201cSamba com Feij\u00e3o\u201d no s\u00e1bado"},"content":{"rendered":"<p>O clima de Carnaval ganha sabor especial no Zero61 Gastrobar, no Polo Gastron\u00f4mico do Ven\u00e2ncio Shopping. Neste s\u00e1bado (14), a casa realiza a terceira edi\u00e7\u00e3o do Samba com Feij\u00e3o, evento que re\u00fane feijoada completa e m\u00fasica ao vivo, na varanda do estabelecimento.<\/p>\n<figure id=\"attachment_10372\" aria-describedby=\"caption-attachment-10372\" style=\"width: 800px\" class=\"wp-caption aligncenter\"><a href=\"https:\/\/blogs.correiobraziliense.com.br\/lianasabo\/wp-content\/uploads\/sites\/25\/2026\/02\/carol.nogueira-1.jpeg\"><img loading=\"lazy\" decoding=\"async\" class=\"size-full wp-image-10372\" src=\"https:\/\/blogs.correiobraziliense.com.br\/lianasabo\/wp-content\/uploads\/sites\/25\/2026\/02\/carol.nogueira-1.jpeg\" alt=\"\" width=\"800\" height=\"533\" srcset=\"https:\/\/blogs.correiobraziliense.com.br\/lianasabo\/wp-content\/uploads\/sites\/25\/2026\/02\/carol.nogueira-1.jpeg 800w, https:\/\/blogs.correiobraziliense.com.br\/lianasabo\/wp-content\/uploads\/sites\/25\/2026\/02\/carol.nogueira-1-300x200.jpeg 300w, https:\/\/blogs.correiobraziliense.com.br\/lianasabo\/wp-content\/uploads\/sites\/25\/2026\/02\/carol.nogueira-1-768x512.jpeg 768w, https:\/\/blogs.correiobraziliense.com.br\/lianasabo\/wp-content\/uploads\/sites\/25\/2026\/02\/carol.nogueira-1-550x366.jpeg 550w, https:\/\/blogs.correiobraziliense.com.br\/lianasabo\/wp-content\/uploads\/sites\/25\/2026\/02\/carol.nogueira-1-230x153.jpeg 230w\" sizes=\"auto, (max-width: 800px) 100vw, 800px\" \/><\/a><figcaption id=\"caption-attachment-10372\" class=\"wp-caption-text\">Carol Nogueira. Cr\u00e9dito: Divulga\u00e7\u00e3o<\/figcaption><\/figure>\n<p>A programa\u00e7\u00e3o come\u00e7a \u00e0s 11h30, com show do Carol Nogueira Quarteto \u00e0s 14h30. Formado por Carol Nogueira (voz), Pedro Vasconcellos (cavaquinho), Igor Diniz (baixo) e Stive Marta (bateria), o grupo apresenta repert\u00f3rio que revisita cl\u00e1ssicos da MPB em vers\u00f5es de samba e choro. Al\u00e9m da feijoada, o p\u00fablico encontra carta de drinque autorais, vinhos e cervejas.<\/p>\n<p>Inaugurado no fim de 2025, o Zero61 aposta na combina\u00e7\u00e3o entre gastronomia contempor\u00e2nea e m\u00fasica ao vivo. O menu \u00e9 assinado pelo chef Matheus Grilo, com releituras da culin\u00e1ria brasileira e petiscos cl\u00e1ssicos repaginados.<\/p>\n<p><strong>Servi\u00e7o<\/strong><\/p>\n<p><strong>Samba com Feij\u00e3o \u2013 edi\u00e7\u00e3o especial de Carnaval<\/strong><br \/>\n<strong>Local:<\/strong> Zero61 Gastrobar \u2013 Ven\u00e2ncio Shopping<br \/>\n<strong>Data:<\/strong> S\u00e1bado (14\/2), abertura\u00a0\u00e0s 11h30; show \u00e0s 14h30<br \/>\n<strong>Entrada:<\/strong> R$ 20 (obrigat\u00f3ria durante o show). Classifica\u00e7\u00e3o livre<\/p>\n","protected":false},"excerpt":{"rendered":"<p>O clima de Carnaval ganha sabor especial no Zero61 Gastrobar, no Polo Gastron\u00f4mico do Ven\u00e2ncio Shopping. Neste s\u00e1bado (14), a casa realiza a terceira edi\u00e7\u00e3o do Samba com Feij\u00e3o, evento que re\u00fane feijoada completa e m\u00fasica ao vivo, na varanda do estabelecimento. A programa\u00e7\u00e3o come\u00e7a \u00e0s 11h30, com show do Carol Nogueira Quarteto \u00e0s 14h30. Formado por Carol Nogueira (voz), [&hellip;]<\/p>\n","protected":false},"author":54,"featured_media":10380,"comment_status":"open","ping_status":"open","sticky":false,"template":"","format":"standard","meta":{"footnotes":""},"categories":[486],"tags":[693,310,1436],"class_list":["post-10371","post","type-post","status-publish","format-standard","has-post-thumbnail","hentry","category-evento","tag-carnaval","tag-feijoada","tag-zero61"],"_links":{"self":[{"href":"https:\/\/blogs.correiobraziliense.com.br\/lianasabo\/wp-json\/wp\/v2\/posts\/10371","targetHints":{"allow":["GET"]}}],"collection":[{"href":"https:\/\/blogs.correiobraziliense.com.br\/lianasabo\/wp-json\/wp\/v2\/posts"}],"about":[{"href":"https:\/\/blogs.correiobraziliense.com.br\/lianasabo\/wp-json\/wp\/v2\/types\/post"}],"author":[{"embeddable":true,"href":"https:\/\/blogs.correiobraziliense.com.br\/lianasabo\/wp-json\/wp\/v2\/users\/54"}],"replies":[{"embeddable":true,"href":"https:\/\/blogs.correiobraziliense.com.br\/lianasabo\/wp-json\/wp\/v2\/comments?post=10371"}],"version-history":[{"count":3,"href":"https:\/\/blogs.correiobraziliense.com.br\/lianasabo\/wp-json\/wp\/v2\/posts\/10371\/revisions"}],"predecessor-version":[{"id":10379,"href":"https:\/\/blogs.correiobraziliense.com.br\/lianasabo\/wp-json\/wp\/v2\/posts\/10371\/revisions\/10379"}],"wp:featuredmedia":[{"embeddable":true,"href":"https:\/\/blogs.correiobraziliense.com.br\/lianasabo\/wp-json\/wp\/v2\/media\/10380"}],"wp:attachment":[{"href":"https:\/\/blogs.correiobraziliense.com.br\/lianasabo\/wp-json\/wp\/v2\/media?parent=10371"}],"wp:term":[{"taxonomy":"category","embeddable":true,"href":"https:\/\/blogs.correiobraziliense.com.br\/lianasabo\/wp-json\/wp\/v2\/categories?post=10371"},{"taxonomy":"post_tag","embeddable":true,"href":"https:\/\/blogs.correiobraziliense.com.br\/lianasabo\/wp-json\/wp\/v2\/tags?post=10371"}],"curies":[{"name":"wp","href":"https:\/\/api.w.org\/{rel}","templated":true}]}}