{"id":10338,"date":"2026-01-27T15:05:28","date_gmt":"2026-01-27T18:05:28","guid":{"rendered":"https:\/\/blogs.correiobraziliense.com.br\/lianasabo\/?p=10338"},"modified":"2026-01-27T15:05:28","modified_gmt":"2026-01-27T18:05:28","slug":"brasilia-restaurant-week-volta-em-fevereiro-com-mais-de-120-restaurantes-e-menus-a-partir-de-r-5990","status":"publish","type":"post","link":"https:\/\/blogs.correiobraziliense.com.br\/lianasabo\/brasilia-restaurant-week-volta-em-fevereiro-com-mais-de-120-restaurantes-e-menus-a-partir-de-r-5990\/","title":{"rendered":"Bras\u00edlia Restaurant Week volta em fevereiro com mais de 120 restaurantes e menus a partir de R$ 59,90"},"content":{"rendered":"<p><strong>Evento chega \u00e0 33\u00aa edi\u00e7\u00e3o com casas premiadas, tema inspirado na Copa do Mundo e proposta de democratizar a alta gastronomia na capital federal<\/strong><\/p>\n<p>Bras\u00edlia volta a ocupar o centro do mapa gastron\u00f4mico nacional com a chegada da Bras\u00edlia Restaurant Week. A\u00a033\u00aa edi\u00e7\u00e3o est\u00e1 prevista para 6 de fevereiro a 8 de mar\u00e7o, com a reuni\u00e3o de mais de 120 restaurantes, incluindo casas premiadas e queridinhas do p\u00fablico, como Aroma, Piselli, Lilie, Saveur e Casa Baco. A\u00a0lista completa dos restaurantes participantes ser\u00e1 divulgada em breve.<\/p>\n<figure id=\"attachment_10340\" aria-describedby=\"caption-attachment-10340\" style=\"width: 246px\" class=\"wp-caption alignleft\"><a href=\"https:\/\/blogs.correiobraziliense.com.br\/lianasabo\/wp-content\/uploads\/sites\/25\/2026\/01\/Aroma-Restaurant-Week-Divulga\u00e7\u00e3o.jpg\"><img loading=\"lazy\" decoding=\"async\" class=\"size-medium wp-image-10340\" src=\"https:\/\/blogs.correiobraziliense.com.br\/lianasabo\/wp-content\/uploads\/sites\/25\/2026\/01\/Aroma-Restaurant-Week-Divulga\u00e7\u00e3o-246x300.jpg\" alt=\"\" width=\"246\" height=\"300\" srcset=\"https:\/\/blogs.correiobraziliense.com.br\/lianasabo\/wp-content\/uploads\/sites\/25\/2026\/01\/Aroma-Restaurant-Week-Divulga\u00e7\u00e3o-246x300.jpg 246w, https:\/\/blogs.correiobraziliense.com.br\/lianasabo\/wp-content\/uploads\/sites\/25\/2026\/01\/Aroma-Restaurant-Week-Divulga\u00e7\u00e3o-768x936.jpg 768w, https:\/\/blogs.correiobraziliense.com.br\/lianasabo\/wp-content\/uploads\/sites\/25\/2026\/01\/Aroma-Restaurant-Week-Divulga\u00e7\u00e3o.jpg 800w, https:\/\/blogs.correiobraziliense.com.br\/lianasabo\/wp-content\/uploads\/sites\/25\/2026\/01\/Aroma-Restaurant-Week-Divulga\u00e7\u00e3o-550x670.jpg 550w, https:\/\/blogs.correiobraziliense.com.br\/lianasabo\/wp-content\/uploads\/sites\/25\/2026\/01\/Aroma-Restaurant-Week-Divulga\u00e7\u00e3o-230x280.jpg 230w\" sizes=\"auto, (max-width: 246px) 100vw, 246px\" \/><\/a><figcaption id=\"caption-attachment-10340\" class=\"wp-caption-text\">Aroma. Cr\u00e9dito: Restaurant Week\/Divulga\u00e7\u00e3o<\/figcaption><\/figure>\n<p>Durante o per\u00edodo, os restaurantes participantes oferecer\u00e3o menus completos \u2014 com entrada, prato principal e sobremesa \u2014 a pre\u00e7os fixos, que variam de R$ 59,90 a R$ 149, dependendo da categoria e do hor\u00e1rio (almo\u00e7o ou jantar). A proposta \u00e9 democratizar o acesso \u00e0 alta gastronomia, incentivando o p\u00fablico a experimentar novas cozinhas e pratos autorais.<\/p>\n<p>Nesta edi\u00e7\u00e3o, o festival aposta em um tema que promete agradar tanto aos apaixonados por gastronomia quanto aos f\u00e3s de futebol: \u201cCopa do Mundo\u201d. Os menus ser\u00e3o inspirados em pa\u00edses-sede, sele\u00e7\u00f5es hist\u00f3ricas, jogadores ic\u00f4nicos e momentos marcantes do torneio, criando uma experi\u00eancia sensorial que conecta sabores e mem\u00f3ria afetiva.<\/p>\n<p><strong>SERVI\u00c7O<br \/>\n<\/strong><strong>33\u00aa Bras\u00edlia Restaurant Week<br \/>\n<\/strong>Data: 6 de fevereiro a 8 de mar\u00e7o de 2026<br \/>\nValores dos menus: R$ 59,90 (almo\u00e7o) e R$ 74,90 (jantar), tradicional; R$ 73,90 (almo\u00e7o) e R$ 94,90 (jantar), plus;\u00a0R$ 95 (almo\u00e7o) e R$ 115 (jantar), premium; e R$ 109 (almo\u00e7o) e R$ 149 (jantar), diamond. Mais informa\u00e7\u00f5es em <a href=\"https:\/\/www.instagram.com\/restaurantweekbrasil\">@restaurantweekbrasil<\/a> ou no site <a href=\"https:\/\/restaurantweek.com.br\/\">restaurantweek.com.br<\/a>.<\/p>\n","protected":false},"excerpt":{"rendered":"<p>Evento chega \u00e0 33\u00aa edi\u00e7\u00e3o com casas premiadas, tema inspirado na Copa do Mundo e proposta de democratizar a alta gastronomia na capital federal<\/p>\n","protected":false},"author":54,"featured_media":10339,"comment_status":"open","ping_status":"open","sticky":false,"template":"","format":"standard","meta":{"footnotes":""},"categories":[426],"tags":[680,1429],"class_list":["post-10338","post","type-post","status-publish","format-standard","has-post-thumbnail","hentry","category-festival-gastronomico","tag-brasilia-restaurant-week","tag-edicao"],"_links":{"self":[{"href":"https:\/\/blogs.correiobraziliense.com.br\/lianasabo\/wp-json\/wp\/v2\/posts\/10338","targetHints":{"allow":["GET"]}}],"collection":[{"href":"https:\/\/blogs.correiobraziliense.com.br\/lianasabo\/wp-json\/wp\/v2\/posts"}],"about":[{"href":"https:\/\/blogs.correiobraziliense.com.br\/lianasabo\/wp-json\/wp\/v2\/types\/post"}],"author":[{"embeddable":true,"href":"https:\/\/blogs.correiobraziliense.com.br\/lianasabo\/wp-json\/wp\/v2\/users\/54"}],"replies":[{"embeddable":true,"href":"https:\/\/blogs.correiobraziliense.com.br\/lianasabo\/wp-json\/wp\/v2\/comments?post=10338"}],"version-history":[{"count":1,"href":"https:\/\/blogs.correiobraziliense.com.br\/lianasabo\/wp-json\/wp\/v2\/posts\/10338\/revisions"}],"predecessor-version":[{"id":10341,"href":"https:\/\/blogs.correiobraziliense.com.br\/lianasabo\/wp-json\/wp\/v2\/posts\/10338\/revisions\/10341"}],"wp:featuredmedia":[{"embeddable":true,"href":"https:\/\/blogs.correiobraziliense.com.br\/lianasabo\/wp-json\/wp\/v2\/media\/10339"}],"wp:attachment":[{"href":"https:\/\/blogs.correiobraziliense.com.br\/lianasabo\/wp-json\/wp\/v2\/media?parent=10338"}],"wp:term":[{"taxonomy":"category","embeddable":true,"href":"https:\/\/blogs.correiobraziliense.com.br\/lianasabo\/wp-json\/wp\/v2\/categories?post=10338"},{"taxonomy":"post_tag","embeddable":true,"href":"https:\/\/blogs.correiobraziliense.com.br\/lianasabo\/wp-json\/wp\/v2\/tags?post=10338"}],"curies":[{"name":"wp","href":"https:\/\/api.w.org\/{rel}","templated":true}]}}