{"id":10312,"date":"2026-01-22T13:10:39","date_gmt":"2026-01-22T16:10:39","guid":{"rendered":"https:\/\/blogs.correiobraziliense.com.br\/lianasabo\/?p=10312"},"modified":"2026-01-22T13:10:39","modified_gmt":"2026-01-22T16:10:39","slug":"dia-da-gula-ganha-comemoracao-especial-no-restaurante-universal-com-sobremesa-gratis","status":"publish","type":"post","link":"https:\/\/blogs.correiobraziliense.com.br\/lianasabo\/dia-da-gula-ganha-comemoracao-especial-no-restaurante-universal-com-sobremesa-gratis\/","title":{"rendered":"Dia da Gula ganha comemora\u00e7\u00e3o especial no Restaurante Universal com sobremesa gr\u00e1tis"},"content":{"rendered":"<figure id=\"attachment_10314\" aria-describedby=\"caption-attachment-10314\" style=\"width: 200px\" class=\"wp-caption alignleft\"><a href=\"https:\/\/blogs.correiobraziliense.com.br\/lianasabo\/wp-content\/uploads\/sites\/25\/2026\/01\/WhatsApp-Image-2026-01-22-at-12.08.43.jpeg\"><img loading=\"lazy\" decoding=\"async\" class=\"size-medium wp-image-10314\" src=\"https:\/\/blogs.correiobraziliense.com.br\/lianasabo\/wp-content\/uploads\/sites\/25\/2026\/01\/WhatsApp-Image-2026-01-22-at-12.08.43-200x300.jpeg\" alt=\"\" width=\"200\" height=\"300\" srcset=\"https:\/\/blogs.correiobraziliense.com.br\/lianasabo\/wp-content\/uploads\/sites\/25\/2026\/01\/WhatsApp-Image-2026-01-22-at-12.08.43-200x300.jpeg 200w, https:\/\/blogs.correiobraziliense.com.br\/lianasabo\/wp-content\/uploads\/sites\/25\/2026\/01\/WhatsApp-Image-2026-01-22-at-12.08.43-768x1155.jpeg 768w, https:\/\/blogs.correiobraziliense.com.br\/lianasabo\/wp-content\/uploads\/sites\/25\/2026\/01\/WhatsApp-Image-2026-01-22-at-12.08.43.jpeg 681w, https:\/\/blogs.correiobraziliense.com.br\/lianasabo\/wp-content\/uploads\/sites\/25\/2026\/01\/WhatsApp-Image-2026-01-22-at-12.08.43-800x1203.jpeg 800w, https:\/\/blogs.correiobraziliense.com.br\/lianasabo\/wp-content\/uploads\/sites\/25\/2026\/01\/WhatsApp-Image-2026-01-22-at-12.08.43-550x827.jpeg 550w, https:\/\/blogs.correiobraziliense.com.br\/lianasabo\/wp-content\/uploads\/sites\/25\/2026\/01\/WhatsApp-Image-2026-01-22-at-12.08.43-230x346.jpeg 230w\" sizes=\"auto, (max-width: 200px) 100vw, 200px\" \/><\/a><figcaption id=\"caption-attachment-10314\" class=\"wp-caption-text\">Cr\u00e9dito: Restaurante Universal\/Divulga\u00e7\u00e3o. Cheesecake<\/figcaption><\/figure>\n<p>Oficialmente celebrado em 26 de janeiro, o Dia da Gula \u00e9 aquele convite irresist\u00edvel para sair da rotina e o Restaurante Universal decidiu ir al\u00e9m da data no calend\u00e1rio. Afinal, a gula aparece bem mais vezes ao longo do ano. Para marcar a ocasi\u00e3o em grande estilo, a casa promove uma a\u00e7\u00e3o especial at\u00e9 5 de fevereiro, unindo pratos cl\u00e1ssicos e sobremesas que s\u00e3o verdadeiros \u00edcones do menu.<\/p>\n<p>&nbsp;<\/p>\n<p>Durante o per\u00edodo da campanha, na compra de um prato da categoria \u201cCl\u00e1ssicos Desde Sempre\u201d, o cliente ganha uma sobremesa individual, podendo escolher entre duas das mais pedidas da casa: o tradicional Cheesecake NY ou o irresist\u00edvel Brownie Sundae.<\/p>\n<p>A proposta \u00e9 transformar o Dia da Gula em uma experi\u00eancia prolongada, celebrando sem culpa e com muito sabor. \u201cPode colocar na conta do ano inteiro, pois tem at\u00e9 um dia liberado pela nutri\u201d, brinca a comunica\u00e7\u00e3o do restaurante, refor\u00e7ando o esp\u00edrito descontra\u00eddo da a\u00e7\u00e3o.<\/p>\n","protected":false},"excerpt":{"rendered":"<p>Oficialmente celebrado em 26 de janeiro, o Dia da Gula \u00e9 aquele convite irresist\u00edvel para sair da rotina e o Restaurante Universal decidiu ir al\u00e9m da data no calend\u00e1rio. Afinal, a gula aparece bem mais vezes ao longo do ano. Para marcar a ocasi\u00e3o em grande estilo, a casa promove uma a\u00e7\u00e3o especial at\u00e9 5 de fevereiro, unindo pratos cl\u00e1ssicos [&hellip;]<\/p>\n","protected":false},"author":54,"featured_media":10313,"comment_status":"open","ping_status":"open","sticky":false,"template":"","format":"standard","meta":{"footnotes":""},"categories":[326],"tags":[1427,1413],"class_list":["post-10312","post","type-post","status-publish","format-standard","has-post-thumbnail","hentry","category-restaurantes","tag-dia-da-gula","tag-restaurante-universal"],"_links":{"self":[{"href":"https:\/\/blogs.correiobraziliense.com.br\/lianasabo\/wp-json\/wp\/v2\/posts\/10312","targetHints":{"allow":["GET"]}}],"collection":[{"href":"https:\/\/blogs.correiobraziliense.com.br\/lianasabo\/wp-json\/wp\/v2\/posts"}],"about":[{"href":"https:\/\/blogs.correiobraziliense.com.br\/lianasabo\/wp-json\/wp\/v2\/types\/post"}],"author":[{"embeddable":true,"href":"https:\/\/blogs.correiobraziliense.com.br\/lianasabo\/wp-json\/wp\/v2\/users\/54"}],"replies":[{"embeddable":true,"href":"https:\/\/blogs.correiobraziliense.com.br\/lianasabo\/wp-json\/wp\/v2\/comments?post=10312"}],"version-history":[{"count":1,"href":"https:\/\/blogs.correiobraziliense.com.br\/lianasabo\/wp-json\/wp\/v2\/posts\/10312\/revisions"}],"predecessor-version":[{"id":10315,"href":"https:\/\/blogs.correiobraziliense.com.br\/lianasabo\/wp-json\/wp\/v2\/posts\/10312\/revisions\/10315"}],"wp:featuredmedia":[{"embeddable":true,"href":"https:\/\/blogs.correiobraziliense.com.br\/lianasabo\/wp-json\/wp\/v2\/media\/10313"}],"wp:attachment":[{"href":"https:\/\/blogs.correiobraziliense.com.br\/lianasabo\/wp-json\/wp\/v2\/media?parent=10312"}],"wp:term":[{"taxonomy":"category","embeddable":true,"href":"https:\/\/blogs.correiobraziliense.com.br\/lianasabo\/wp-json\/wp\/v2\/categories?post=10312"},{"taxonomy":"post_tag","embeddable":true,"href":"https:\/\/blogs.correiobraziliense.com.br\/lianasabo\/wp-json\/wp\/v2\/tags?post=10312"}],"curies":[{"name":"wp","href":"https:\/\/api.w.org\/{rel}","templated":true}]}}