{"id":10297,"date":"2025-12-30T13:57:17","date_gmt":"2025-12-30T16:57:17","guid":{"rendered":"https:\/\/blogs.correiobraziliense.com.br\/lianasabo\/?p=10297"},"modified":"2025-12-30T13:57:17","modified_gmt":"2025-12-30T16:57:17","slug":"brinde-de-reveillon-sera-especial-para-passageiros-a-bordo","status":"publish","type":"post","link":"https:\/\/blogs.correiobraziliense.com.br\/lianasabo\/brinde-de-reveillon-sera-especial-para-passageiros-a-bordo\/","title":{"rendered":"Brinde de r\u00e9veillon ser\u00e1 especial para passageiros a bordo"},"content":{"rendered":"<p><strong>Quem estiver em um voo da Azul na noite de 31 de dezembro poder\u00e1 celebrar a chegada de 2026 com uma ta\u00e7a de Aurora Prosecco servida \u00e0 meia-noite<\/strong><\/p>\n<p>A virada do ano vai ganhar um sabor especial a 10 mil metros de altitude. A Vin\u00edcola Aurora e a Azul Linhas A\u00e9reas firmaram uma parceria in\u00e9dita para levar o tradicional brinde de R\u00e9veillon aos passageiros que estar\u00e3o viajando na noite de 31 de dezembro. \u00c0 meia-noite, todos os adultos a bordo dos voos da companhia receber\u00e3o uma ta\u00e7a de espumante Aurora Prosecco para celebrar a chegada de 2026.<\/p>\n<p>O r\u00f3tulo escolhido foi o Prosecco da Vin\u00edcola Aurora, conhecido pela leveza, frescor e f\u00e1cil aprecia\u00e7\u00e3o.\u00a0A iniciativa busca criar uma experi\u00eancia mais acolhedora para quem passa a virada longe de casa. \u201cSabemos que \u00e9 um momento delicado, em que muitas pessoas est\u00e3o viajando em uma data em que poderiam estar com suas fam\u00edlias. Por isso, junto com a Azul, a Aurora tomou a iniciativa de levar a comemora\u00e7\u00e3o da virada para dentro do voo, tornando esse momento mais leve e especial\u201d, afirma o diretor de Marketing e Vendas da Vin\u00edcola Aurora, Rodrigo Arpini Valerio.<\/p>\n","protected":false},"excerpt":{"rendered":"<p>Quem estiver em um voo da Azul na noite de 31 de dezembro poder\u00e1 celebrar a chegada de 2026 com uma ta\u00e7a de Aurora Prosecco servida \u00e0 meia-noite<\/p>\n","protected":false},"author":54,"featured_media":10298,"comment_status":"open","ping_status":"open","sticky":false,"template":"","format":"standard","meta":{"footnotes":""},"categories":[475],"tags":[670,1421,87,330,1420],"class_list":["post-10297","post","type-post","status-publish","format-standard","has-post-thumbnail","hentry","category-bebida","tag-ano-novo","tag-brinde","tag-espumante","tag-reveillon","tag-voo"],"_links":{"self":[{"href":"https:\/\/blogs.correiobraziliense.com.br\/lianasabo\/wp-json\/wp\/v2\/posts\/10297","targetHints":{"allow":["GET"]}}],"collection":[{"href":"https:\/\/blogs.correiobraziliense.com.br\/lianasabo\/wp-json\/wp\/v2\/posts"}],"about":[{"href":"https:\/\/blogs.correiobraziliense.com.br\/lianasabo\/wp-json\/wp\/v2\/types\/post"}],"author":[{"embeddable":true,"href":"https:\/\/blogs.correiobraziliense.com.br\/lianasabo\/wp-json\/wp\/v2\/users\/54"}],"replies":[{"embeddable":true,"href":"https:\/\/blogs.correiobraziliense.com.br\/lianasabo\/wp-json\/wp\/v2\/comments?post=10297"}],"version-history":[{"count":1,"href":"https:\/\/blogs.correiobraziliense.com.br\/lianasabo\/wp-json\/wp\/v2\/posts\/10297\/revisions"}],"predecessor-version":[{"id":10299,"href":"https:\/\/blogs.correiobraziliense.com.br\/lianasabo\/wp-json\/wp\/v2\/posts\/10297\/revisions\/10299"}],"wp:featuredmedia":[{"embeddable":true,"href":"https:\/\/blogs.correiobraziliense.com.br\/lianasabo\/wp-json\/wp\/v2\/media\/10298"}],"wp:attachment":[{"href":"https:\/\/blogs.correiobraziliense.com.br\/lianasabo\/wp-json\/wp\/v2\/media?parent=10297"}],"wp:term":[{"taxonomy":"category","embeddable":true,"href":"https:\/\/blogs.correiobraziliense.com.br\/lianasabo\/wp-json\/wp\/v2\/categories?post=10297"},{"taxonomy":"post_tag","embeddable":true,"href":"https:\/\/blogs.correiobraziliense.com.br\/lianasabo\/wp-json\/wp\/v2\/tags?post=10297"}],"curies":[{"name":"wp","href":"https:\/\/api.w.org\/{rel}","templated":true}]}}