{"id":10291,"date":"2025-12-29T16:00:05","date_gmt":"2025-12-29T19:00:05","guid":{"rendered":"https:\/\/blogs.correiobraziliense.com.br\/lianasabo\/?p=10291"},"modified":"2025-12-29T16:02:49","modified_gmt":"2025-12-29T19:02:49","slug":"trattoria-da-rosario-e-belini-pani-e-gastronomia-ainda-tem-opcoes-de-ceia-de-reveillon","status":"publish","type":"post","link":"https:\/\/blogs.correiobraziliense.com.br\/lianasabo\/trattoria-da-rosario-e-belini-pani-e-gastronomia-ainda-tem-opcoes-de-ceia-de-reveillon\/","title":{"rendered":"Trattoria da Rosario e Belini Pani e Gastronomia ainda t\u00eam op\u00e7\u00f5es de ceia para o r\u00e9veillon"},"content":{"rendered":"<p><em>Celebrar o Ano-Novo \u00e0 mesa segue sendo um dos rituais mais simb\u00f3licos da virada. Em Bras\u00edlia, algumas casas apostam em ceias que transformam a noite em experi\u00eancia, seja pelo servi\u00e7o, pela escolha dos ingredientes ou pela assinatura dos chefs \u00e0 frente dos fog\u00f5es<\/em><\/p>\n<p>No Lago Sul, a Trattoria da Rosario ainda disp\u00f5e de vagas para a ceia de R\u00e9veillon.\u00a0Sob o comando do chef napolitano Rosario Tessier, premiado pela <strong>Encontro Gastr\u00f4<\/strong> pelo melhor restaurante italiano e pela carta de vinhos, o restaurante prepara um menu especial para a noite da virada, com destaque para a lagosta thermidor gratinada com espinafre e gorgonzola, servida com espaguete cacio e pepe (R$ 259), e o carr\u00e9 de cordeiro acompanhado de risoto de a\u00e7afr\u00e3o finalizado com queijo da Serra da Canastra (R$ 299).\u00a0 As reservas podem ser feitas pelo telefone (61) 98405-2776.<\/p>\n<figure id=\"attachment_10292\" aria-describedby=\"caption-attachment-10292\" style=\"width: 247px\" class=\"wp-caption alignright\"><a href=\"https:\/\/blogs.correiobraziliense.com.br\/lianasabo\/wp-content\/uploads\/sites\/25\/2025\/12\/Captura-de-tela-2025-12-29-155737.png\"><img loading=\"lazy\" decoding=\"async\" class=\"size-medium wp-image-10292\" src=\"https:\/\/blogs.correiobraziliense.com.br\/lianasabo\/wp-content\/uploads\/sites\/25\/2025\/12\/Captura-de-tela-2025-12-29-155737-247x300.png\" alt=\"\" width=\"247\" height=\"300\" srcset=\"https:\/\/blogs.correiobraziliense.com.br\/lianasabo\/wp-content\/uploads\/sites\/25\/2025\/12\/Captura-de-tela-2025-12-29-155737-247x300.png 247w, https:\/\/blogs.correiobraziliense.com.br\/lianasabo\/wp-content\/uploads\/sites\/25\/2025\/12\/Captura-de-tela-2025-12-29-155737-550x667.png 550w, https:\/\/blogs.correiobraziliense.com.br\/lianasabo\/wp-content\/uploads\/sites\/25\/2025\/12\/Captura-de-tela-2025-12-29-155737-230x279.png 230w, https:\/\/blogs.correiobraziliense.com.br\/lianasabo\/wp-content\/uploads\/sites\/25\/2025\/12\/Captura-de-tela-2025-12-29-155737.png 596w\" sizes=\"auto, (max-width: 247px) 100vw, 247px\" \/><\/a><figcaption id=\"caption-attachment-10292\" class=\"wp-caption-text\">Cr\u00e9dito: Belini Pani e Gastronomia\/Divulga\u00e7\u00e3o<\/figcaption><\/figure>\n<p>Para quem prefere celebrar em casa sem abrir m\u00e3o de uma ceia elaborada, a Belini Pani e Gastronomia est\u00e1 com as encomendas de Ano-Novo ainda aberta. Com um card\u00e1pio amplo, a sele\u00e7\u00e3o re\u00fane entradas como crosta de brie com frutas secas\u00a0(R$ 210 unidade, 1kg) e diferentes preparos de salm\u00e3o assinados por Simon Lau (de R$ 100 a R$ 130 a unidade), al\u00e9m de pratos principais que v\u00e3o dos assados tradicionais a cria\u00e7\u00f5es autorais de chefs convidados, como o medalh\u00e3o de fil\u00e9 mignon ao creme de brie de Thiago Para\u00edso (R$ 320 unidade, 1kg), o bacalhau cremoso com coco, a\u00e7afr\u00e3o e banan-da-terra de Leandro Nunes (R$ 370 a unidade, 1kg) e o cordeiro desossado com molho roti por Marcos Espinoza (R$ 235 a unidade, 1kg). O menu inclui ainda guarni\u00e7\u00f5es festivas, rabanadas em vers\u00f5es cl\u00e1ssicas e criativas, al\u00e9m de tortas e troncos. As encomendas seguem abertas at\u00e9 30 de dezembro e podem ser feitas pelo site <a href=\"https:\/\/linktr.ee\/Belinipani\">https:\/\/linktr.ee\/Belinipani<\/a>, com retiradas no dia 31.<\/p>\n","protected":false},"excerpt":{"rendered":"<p>Celebrar o Ano-Novo \u00e0 mesa segue sendo um dos rituais mais simb\u00f3licos da virada. Em Bras\u00edlia, algumas casas apostam em ceias que transformam a noite em experi\u00eancia, seja pelo servi\u00e7o, pela escolha dos ingredientes ou pela assinatura dos chefs \u00e0 frente dos fog\u00f5es<\/p>\n","protected":false},"author":54,"featured_media":3097,"comment_status":"open","ping_status":"open","sticky":false,"template":"","format":"standard","meta":{"footnotes":""},"categories":[1],"tags":[670,652,330],"class_list":["post-10291","post","type-post","status-publish","format-standard","has-post-thumbnail","hentry","category-sem-categoria","tag-ano-novo","tag-ceia","tag-reveillon"],"_links":{"self":[{"href":"https:\/\/blogs.correiobraziliense.com.br\/lianasabo\/wp-json\/wp\/v2\/posts\/10291","targetHints":{"allow":["GET"]}}],"collection":[{"href":"https:\/\/blogs.correiobraziliense.com.br\/lianasabo\/wp-json\/wp\/v2\/posts"}],"about":[{"href":"https:\/\/blogs.correiobraziliense.com.br\/lianasabo\/wp-json\/wp\/v2\/types\/post"}],"author":[{"embeddable":true,"href":"https:\/\/blogs.correiobraziliense.com.br\/lianasabo\/wp-json\/wp\/v2\/users\/54"}],"replies":[{"embeddable":true,"href":"https:\/\/blogs.correiobraziliense.com.br\/lianasabo\/wp-json\/wp\/v2\/comments?post=10291"}],"version-history":[{"count":4,"href":"https:\/\/blogs.correiobraziliense.com.br\/lianasabo\/wp-json\/wp\/v2\/posts\/10291\/revisions"}],"predecessor-version":[{"id":10296,"href":"https:\/\/blogs.correiobraziliense.com.br\/lianasabo\/wp-json\/wp\/v2\/posts\/10291\/revisions\/10296"}],"wp:featuredmedia":[{"embeddable":true,"href":"https:\/\/blogs.correiobraziliense.com.br\/lianasabo\/wp-json\/wp\/v2\/media\/3097"}],"wp:attachment":[{"href":"https:\/\/blogs.correiobraziliense.com.br\/lianasabo\/wp-json\/wp\/v2\/media?parent=10291"}],"wp:term":[{"taxonomy":"category","embeddable":true,"href":"https:\/\/blogs.correiobraziliense.com.br\/lianasabo\/wp-json\/wp\/v2\/categories?post=10291"},{"taxonomy":"post_tag","embeddable":true,"href":"https:\/\/blogs.correiobraziliense.com.br\/lianasabo\/wp-json\/wp\/v2\/tags?post=10291"}],"curies":[{"name":"wp","href":"https:\/\/api.w.org\/{rel}","templated":true}]}}