{"id":10288,"date":"2025-12-26T09:30:20","date_gmt":"2025-12-26T12:30:20","guid":{"rendered":"https:\/\/blogs.correiobraziliense.com.br\/lianasabo\/?p=10288"},"modified":"2025-12-26T09:30:20","modified_gmt":"2025-12-26T12:30:20","slug":"aquavit-recebe-2026-com-jantar-nordico-frances-e-brinde-a-beira-do-lago","status":"publish","type":"post","link":"https:\/\/blogs.correiobraziliense.com.br\/lianasabo\/aquavit-recebe-2026-com-jantar-nordico-frances-e-brinde-a-beira-do-lago\/","title":{"rendered":"Aquavit recebe 2026 com jantar n\u00f3rdico-franc\u00eas e brinde \u00e0 beira do lago"},"content":{"rendered":"<p>O Aquavit prepara uma virada de ano marcada por sofistica\u00e7\u00e3o, sabores emblem\u00e1ticos e um cen\u00e1rio privilegiado \u00e0 beira do lago. No dia 31 de dezembro, a partir das 19h30, o restaurante recebe 2026 com um jantar especial de R\u00e9veillon com inspira\u00e7\u00e3o n\u00f3rdico-francesa.<\/p>\n<p>A programa\u00e7\u00e3o come\u00e7a com um coquetel no sal\u00e3o, abrindo caminho para o jantar servido na varanda. O menu re\u00fane ingredientes ic\u00f4nicos e prepara\u00e7\u00f5es cl\u00e1ssicas, com destaque para ostras, canap\u00e9s, terrine de foie gras, sopa de mexilh\u00e3o, lagosta e codornas. Para acompanhar, a harmoniza\u00e7\u00e3o percorre r\u00f3tulos cuidadosamente selecionados das regi\u00f5es do Vale do Loire, Bourgogne e Champagne, refor\u00e7ando o car\u00e1ter refinado da experi\u00eancia.<\/p>\n<p>\u00c0 meia-noite, os convidados s\u00e3o convidados a descer at\u00e9 a beira do lago para o brinde oficial com Champagne Piper Heidsieck, em um momento simb\u00f3lico de boas-vindas a 2026. Na sequ\u00eancia, a noite segue com o tradicional gesto de ofertar flores a Iemanj\u00e1, enquanto os fogos de artif\u00edcio da cidade iluminam o c\u00e9u, encerrando a celebra\u00e7\u00e3o em clima de emo\u00e7\u00e3o e contempla\u00e7\u00e3o.<\/p>\n<p><strong>Servi\u00e7o<\/strong><br \/>\n<strong>Data:<\/strong> 31 de dezembro<br \/>\n<strong>Hor\u00e1rio:<\/strong> a partir das 19h30<br \/>\n<strong>Valores:<\/strong> R$ 875 (menu com vinhos) e R$ 675 (menu sem vinhos)<br \/>\n<strong>Reservas:<\/strong>\u00a0(61) 99336-7163<\/p>\n","protected":false},"excerpt":{"rendered":"<p>O Aquavit prepara uma virada de ano marcada por sofistica\u00e7\u00e3o, sabores emblem\u00e1ticos e um cen\u00e1rio privilegiado \u00e0 beira do lago. No dia 31 de dezembro, a partir das 19h30, o restaurante recebe 2026 com um jantar especial de R\u00e9veillon com inspira\u00e7\u00e3o n\u00f3rdico-francesa. A programa\u00e7\u00e3o come\u00e7a com um coquetel no sal\u00e3o, abrindo caminho para o jantar servido na varanda. O menu [&hellip;]<\/p>\n","protected":false},"author":54,"featured_media":10289,"comment_status":"open","ping_status":"open","sticky":false,"template":"","format":"standard","meta":{"footnotes":""},"categories":[326],"tags":[670,224,330],"class_list":["post-10288","post","type-post","status-publish","format-standard","has-post-thumbnail","hentry","category-restaurantes","tag-ano-novo","tag-aquavit","tag-reveillon"],"_links":{"self":[{"href":"https:\/\/blogs.correiobraziliense.com.br\/lianasabo\/wp-json\/wp\/v2\/posts\/10288","targetHints":{"allow":["GET"]}}],"collection":[{"href":"https:\/\/blogs.correiobraziliense.com.br\/lianasabo\/wp-json\/wp\/v2\/posts"}],"about":[{"href":"https:\/\/blogs.correiobraziliense.com.br\/lianasabo\/wp-json\/wp\/v2\/types\/post"}],"author":[{"embeddable":true,"href":"https:\/\/blogs.correiobraziliense.com.br\/lianasabo\/wp-json\/wp\/v2\/users\/54"}],"replies":[{"embeddable":true,"href":"https:\/\/blogs.correiobraziliense.com.br\/lianasabo\/wp-json\/wp\/v2\/comments?post=10288"}],"version-history":[{"count":1,"href":"https:\/\/blogs.correiobraziliense.com.br\/lianasabo\/wp-json\/wp\/v2\/posts\/10288\/revisions"}],"predecessor-version":[{"id":10290,"href":"https:\/\/blogs.correiobraziliense.com.br\/lianasabo\/wp-json\/wp\/v2\/posts\/10288\/revisions\/10290"}],"wp:featuredmedia":[{"embeddable":true,"href":"https:\/\/blogs.correiobraziliense.com.br\/lianasabo\/wp-json\/wp\/v2\/media\/10289"}],"wp:attachment":[{"href":"https:\/\/blogs.correiobraziliense.com.br\/lianasabo\/wp-json\/wp\/v2\/media?parent=10288"}],"wp:term":[{"taxonomy":"category","embeddable":true,"href":"https:\/\/blogs.correiobraziliense.com.br\/lianasabo\/wp-json\/wp\/v2\/categories?post=10288"},{"taxonomy":"post_tag","embeddable":true,"href":"https:\/\/blogs.correiobraziliense.com.br\/lianasabo\/wp-json\/wp\/v2\/tags?post=10288"}],"curies":[{"name":"wp","href":"https:\/\/api.w.org\/{rel}","templated":true}]}}