{"id":10285,"date":"2025-12-26T09:23:58","date_gmt":"2025-12-26T12:23:58","guid":{"rendered":"https:\/\/blogs.correiobraziliense.com.br\/lianasabo\/?p=10285"},"modified":"2025-12-26T09:23:58","modified_gmt":"2025-12-26T12:23:58","slug":"hana-fecha-para-reforma-e-anuncia-retorno-renovado-em-2026","status":"publish","type":"post","link":"https:\/\/blogs.correiobraziliense.com.br\/lianasabo\/hana-fecha-para-reforma-e-anuncia-retorno-renovado-em-2026\/","title":{"rendered":"Han\u00e1 fecha para reforma e anuncia retorno renovado em 2026"},"content":{"rendered":"<p><strong>Tradicional restaurante japon\u00eas da 408 Sul deve reabrir na primeira quinzena de janeiro com ambiente modernizado e novas experi\u00eancias gastron\u00f4micas<\/strong><\/p>\n<p>O Han\u00e1 Restaurante Japon\u00eas, localizado na 408 Sul, encerrou temporariamente suas atividades no \u00faltimo dia 22 para dar in\u00edcio a uma reforma completa em seu espa\u00e7o. Refer\u00eancia na cena gastron\u00f4mica japonesa de Bras\u00edlia, a casa aproveita o per\u00edodo para se reinventar.<\/p>\n<p>A reabertura est\u00e1 prevista para a primeira quinzena de janeiro de 2026, com um ambiente totalmente repaginado e novidades pensadas para aprimorar a experi\u00eancia do p\u00fablico. A proposta \u00e9 unir moderniza\u00e7\u00e3o, conforto e novas possibilidades gastron\u00f4micas, sem abrir m\u00e3o da identidade que consolidou o Han\u00e1.<\/p>\n","protected":false},"excerpt":{"rendered":"<p>Tradicional restaurante japon\u00eas da 408 Sul deve reabrir na primeira quinzena de janeiro com ambiente modernizado e novas experi\u00eancias gastron\u00f4micas<\/p>\n","protected":false},"author":54,"featured_media":10286,"comment_status":"open","ping_status":"open","sticky":false,"template":"","format":"standard","meta":{"footnotes":""},"categories":[136],"tags":[1419],"class_list":["post-10285","post","type-post","status-publish","format-standard","has-post-thumbnail","hentry","category-restaurantes-japoneses","tag-hana-restaurante-japones"],"_links":{"self":[{"href":"https:\/\/blogs.correiobraziliense.com.br\/lianasabo\/wp-json\/wp\/v2\/posts\/10285","targetHints":{"allow":["GET"]}}],"collection":[{"href":"https:\/\/blogs.correiobraziliense.com.br\/lianasabo\/wp-json\/wp\/v2\/posts"}],"about":[{"href":"https:\/\/blogs.correiobraziliense.com.br\/lianasabo\/wp-json\/wp\/v2\/types\/post"}],"author":[{"embeddable":true,"href":"https:\/\/blogs.correiobraziliense.com.br\/lianasabo\/wp-json\/wp\/v2\/users\/54"}],"replies":[{"embeddable":true,"href":"https:\/\/blogs.correiobraziliense.com.br\/lianasabo\/wp-json\/wp\/v2\/comments?post=10285"}],"version-history":[{"count":1,"href":"https:\/\/blogs.correiobraziliense.com.br\/lianasabo\/wp-json\/wp\/v2\/posts\/10285\/revisions"}],"predecessor-version":[{"id":10287,"href":"https:\/\/blogs.correiobraziliense.com.br\/lianasabo\/wp-json\/wp\/v2\/posts\/10285\/revisions\/10287"}],"wp:featuredmedia":[{"embeddable":true,"href":"https:\/\/blogs.correiobraziliense.com.br\/lianasabo\/wp-json\/wp\/v2\/media\/10286"}],"wp:attachment":[{"href":"https:\/\/blogs.correiobraziliense.com.br\/lianasabo\/wp-json\/wp\/v2\/media?parent=10285"}],"wp:term":[{"taxonomy":"category","embeddable":true,"href":"https:\/\/blogs.correiobraziliense.com.br\/lianasabo\/wp-json\/wp\/v2\/categories?post=10285"},{"taxonomy":"post_tag","embeddable":true,"href":"https:\/\/blogs.correiobraziliense.com.br\/lianasabo\/wp-json\/wp\/v2\/tags?post=10285"}],"curies":[{"name":"wp","href":"https:\/\/api.w.org\/{rel}","templated":true}]}}