{"id":10259,"date":"2025-12-18T09:46:25","date_gmt":"2025-12-18T12:46:25","guid":{"rendered":"https:\/\/blogs.correiobraziliense.com.br\/lianasabo\/?p=10259"},"modified":"2025-12-18T10:09:16","modified_gmt":"2025-12-18T13:09:16","slug":"cardapio-da-cantina-gratinata-tem-massas-pernil-e-ate-leitao-inteiro-com-entrega-dias-24-e-31","status":"publish","type":"post","link":"https:\/\/blogs.correiobraziliense.com.br\/lianasabo\/cardapio-da-cantina-gratinata-tem-massas-pernil-e-ate-leitao-inteiro-com-entrega-dias-24-e-31\/","title":{"rendered":"Card\u00e1pio da Cantina Gratinata tem massas, pernil e at\u00e9 leit\u00e3o inteiro com entrega dias 24 e 31"},"content":{"rendered":"<p>Na primeira d\u00e9cada do s\u00e9culo 21 numa manh\u00e3 de s\u00e1bado, o chef Francisco Ansiliero viajou para Goi\u00e2nia levado pelo empres\u00e1rio Marcelo Terra para prestar consultoria gastron\u00f4mica na \u00e1rea que mais entende: carnes assadas. Estava surgindo na capital goiana o restaurante Bartolomeu fundado por Pedro Vasco, ex-colega de Marcelo Terra no curso de engenharia da Universidade de Bras\u00edlia (UnB).<\/p>\n<figure id=\"attachment_10261\" aria-describedby=\"caption-attachment-10261\" style=\"width: 200px\" class=\"wp-caption alignright\"><a href=\"https:\/\/blogs.correiobraziliense.com.br\/lianasabo\/wp-content\/uploads\/sites\/25\/2025\/12\/WhatsApp-Image-2025-12-17-at-17.14.04-1.jpeg\"><img loading=\"lazy\" decoding=\"async\" class=\"size-medium wp-image-10261\" src=\"https:\/\/blogs.correiobraziliense.com.br\/lianasabo\/wp-content\/uploads\/sites\/25\/2025\/12\/WhatsApp-Image-2025-12-17-at-17.14.04-1-200x300.jpeg\" alt=\"\" width=\"200\" height=\"300\" srcset=\"https:\/\/blogs.correiobraziliense.com.br\/lianasabo\/wp-content\/uploads\/sites\/25\/2025\/12\/WhatsApp-Image-2025-12-17-at-17.14.04-1-200x300.jpeg 200w, https:\/\/blogs.correiobraziliense.com.br\/lianasabo\/wp-content\/uploads\/sites\/25\/2025\/12\/WhatsApp-Image-2025-12-17-at-17.14.04-1-768x1154.jpeg 768w, https:\/\/blogs.correiobraziliense.com.br\/lianasabo\/wp-content\/uploads\/sites\/25\/2025\/12\/WhatsApp-Image-2025-12-17-at-17.14.04-1.jpeg 682w, https:\/\/blogs.correiobraziliense.com.br\/lianasabo\/wp-content\/uploads\/sites\/25\/2025\/12\/WhatsApp-Image-2025-12-17-at-17.14.04-1-800x1202.jpeg 800w, https:\/\/blogs.correiobraziliense.com.br\/lianasabo\/wp-content\/uploads\/sites\/25\/2025\/12\/WhatsApp-Image-2025-12-17-at-17.14.04-1-550x826.jpeg 550w, https:\/\/blogs.correiobraziliense.com.br\/lianasabo\/wp-content\/uploads\/sites\/25\/2025\/12\/WhatsApp-Image-2025-12-17-at-17.14.04-1-230x346.jpeg 230w\" sizes=\"auto, (max-width: 200px) 100vw, 200px\" \/><\/a><figcaption id=\"caption-attachment-10261\" class=\"wp-caption-text\">Cr\u00e9dito: Cantina Gratinata\/Divulga\u00e7\u00e3o<\/figcaption><\/figure>\n<p>Com foco na carne su\u00edna, a casa buscava desenvolver t\u00e9cnicas que deixassem o porquinho tenro por dentro e crocante por fora. Foi a\u00ed que o mestre de Bras\u00edlia transmitiu a ci\u00eancia por tr\u00e1s do porco \u00e0 pururuca para a equipe de assadores.<\/p>\n<p>A grife veio para Bras\u00edlia em 2014 trazendo para ao Bloco C da 409 Sul (onde era o Devassa) as mais apreciadas atra\u00e7\u00f5es da matriz: o forno a lenha, o leit\u00e3ozinho \u00e0 pururuca e a sortida adega com r\u00f3tulos do mundo inteiro. Oito anos mais tarde, sob a dire\u00e7\u00e3o de Jo\u00e3o Paulo Ara\u00fajo, herdeiro de Pedro Vasco, a marca rejuvenesceu e passou a se chamar simplesmente Bart\u00f4.<\/p>\n<p><strong>Parceria premiada<\/strong><\/p>\n<p>Funcionou assim at\u00e9 o ano passado. Em janeiro de 2025, a casa foi repaginada e idealizada para receber fam\u00edlias e grupos transformando-se em cantina italiana por obra do chef Ronny Peterson, que apostou em receitas gratinadas ao forno e compartilhadas entre mais de duas pessoas.<\/p>\n<p>\u201cNosso menu \u00e9 mais puxado para as massas\u201d, anunciou Peterson, eleito quatro vezes consecutivas (de 2021 a 2024) o Chef do Ano por<strong> Encontro Gastr\u00f4<\/strong>, antes de se tornar consultor da Cantina Gratinata.<\/p>\n<p>Al\u00e9m dos destaques de inspira\u00e7\u00e3o italiana, como ossobuco, polpetone e cappelletti \u2013 afinal Ronny \u00e9 cria do Gero, a \u00fanica grife do grupo Fasano que aportou em Bras\u00edlia &#8211;, a casa mant\u00e9m o porquinho no card\u00e1pio.<\/p>\n<p>Foi com essas credenciais que a Cantina Gratinata ganhou o pr\u00eamio Restaurante Revela\u00e7\u00e3o da revista <strong>Encontro Gastr\u00f4 2025<\/strong>.<\/p>\n<p><strong>Tempero especial<\/strong><\/p>\n<figure id=\"attachment_10262\" aria-describedby=\"caption-attachment-10262\" style=\"width: 200px\" class=\"wp-caption alignleft\"><a href=\"https:\/\/blogs.correiobraziliense.com.br\/lianasabo\/wp-content\/uploads\/sites\/25\/2025\/12\/WhatsApp-Image-2025-12-17-at-17.14.03.jpeg\"><img loading=\"lazy\" decoding=\"async\" class=\"size-medium wp-image-10262\" src=\"https:\/\/blogs.correiobraziliense.com.br\/lianasabo\/wp-content\/uploads\/sites\/25\/2025\/12\/WhatsApp-Image-2025-12-17-at-17.14.03-200x300.jpeg\" alt=\"\" width=\"200\" height=\"300\" srcset=\"https:\/\/blogs.correiobraziliense.com.br\/lianasabo\/wp-content\/uploads\/sites\/25\/2025\/12\/WhatsApp-Image-2025-12-17-at-17.14.03-200x300.jpeg 200w, https:\/\/blogs.correiobraziliense.com.br\/lianasabo\/wp-content\/uploads\/sites\/25\/2025\/12\/WhatsApp-Image-2025-12-17-at-17.14.03-768x1154.jpeg 768w, https:\/\/blogs.correiobraziliense.com.br\/lianasabo\/wp-content\/uploads\/sites\/25\/2025\/12\/WhatsApp-Image-2025-12-17-at-17.14.03.jpeg 682w, https:\/\/blogs.correiobraziliense.com.br\/lianasabo\/wp-content\/uploads\/sites\/25\/2025\/12\/WhatsApp-Image-2025-12-17-at-17.14.03-800x1202.jpeg 800w, https:\/\/blogs.correiobraziliense.com.br\/lianasabo\/wp-content\/uploads\/sites\/25\/2025\/12\/WhatsApp-Image-2025-12-17-at-17.14.03-550x826.jpeg 550w, https:\/\/blogs.correiobraziliense.com.br\/lianasabo\/wp-content\/uploads\/sites\/25\/2025\/12\/WhatsApp-Image-2025-12-17-at-17.14.03-230x346.jpeg 230w\" sizes=\"auto, (max-width: 200px) 100vw, 200px\" \/><\/a><figcaption id=\"caption-attachment-10262\" class=\"wp-caption-text\">Cr\u00e9dito: Cantina Gratinata\/Divulga\u00e7\u00e3o<\/figcaption><\/figure>\n<p>Mistura de alho, p\u00e1prica picante, pimenta-de-bode, pimenta-de-cheiro, pimenta s\u00edria, alecrim e tomilho injetada sob a pele do animal garante o sabor da iguaria, que reina mais do que nunca na mesa natalina, lembra Jo\u00e3o Paulo.<\/p>\n<p>Do leit\u00e3o inteiro ao chester, da lasanha de massa verde a bolonhesa ao polpetone com pur\u00ea, s\u00e3o pratos especiais do menu de Natal da Cantina Gratinata, que tem como acompanhamentos arroz com castanhas, polenta, farofa de frutas cristalizadas e salpic\u00e3o com frango defumado.<\/p>\n<p>Veja os pre\u00e7os: Leit\u00e3o inteiro para at\u00e9 12 pessoas (R$ 928); meio leit\u00e3o para 6 a 8 (R$ 498), paleta de leit\u00e3o para 2 pessoas (R$ 278); pernil de leit\u00e3o para 2 pessoas (R$ 298); pernil de cordeiro para 4 pessoas (R$ 329); chester para 4 pessoas (R$ 309); lasanha de massa verde para 3 pessoas (R$ 278); ravioli de mu\u00e7arela para 3 pessoas (R$ 268) e polpetone com pur\u00ea para 3 pessoas (R$ 289).<\/p>\n<p>Os pedidos podem ser feitos pelo telefone 99227-9510 e retirados at\u00e9 as 16h dos dias 24, v\u00e9spera de Natal, e 31, do Ano Novo.<\/p>\n","protected":false},"excerpt":{"rendered":"<p>Na primeira d\u00e9cada do s\u00e9culo 21 numa manh\u00e3 de s\u00e1bado, o chef Francisco Ansiliero viajou para Goi\u00e2nia levado pelo empres\u00e1rio Marcelo Terra para prestar consultoria gastron\u00f4mica na \u00e1rea que mais entende: carnes assadas. Estava surgindo na capital goiana o restaurante Bartolomeu fundado por Pedro Vasco, ex-colega de Marcelo Terra no curso de engenharia da Universidade de Bras\u00edlia (UnB). Com foco [&hellip;]<\/p>\n","protected":false},"author":54,"featured_media":10260,"comment_status":"open","ping_status":"open","sticky":false,"template":"","format":"standard","meta":{"footnotes":""},"categories":[326],"tags":[1265],"class_list":["post-10259","post","type-post","status-publish","format-standard","has-post-thumbnail","hentry","category-restaurantes","tag-cantina-gratinata"],"_links":{"self":[{"href":"https:\/\/blogs.correiobraziliense.com.br\/lianasabo\/wp-json\/wp\/v2\/posts\/10259","targetHints":{"allow":["GET"]}}],"collection":[{"href":"https:\/\/blogs.correiobraziliense.com.br\/lianasabo\/wp-json\/wp\/v2\/posts"}],"about":[{"href":"https:\/\/blogs.correiobraziliense.com.br\/lianasabo\/wp-json\/wp\/v2\/types\/post"}],"author":[{"embeddable":true,"href":"https:\/\/blogs.correiobraziliense.com.br\/lianasabo\/wp-json\/wp\/v2\/users\/54"}],"replies":[{"embeddable":true,"href":"https:\/\/blogs.correiobraziliense.com.br\/lianasabo\/wp-json\/wp\/v2\/comments?post=10259"}],"version-history":[{"count":2,"href":"https:\/\/blogs.correiobraziliense.com.br\/lianasabo\/wp-json\/wp\/v2\/posts\/10259\/revisions"}],"predecessor-version":[{"id":10270,"href":"https:\/\/blogs.correiobraziliense.com.br\/lianasabo\/wp-json\/wp\/v2\/posts\/10259\/revisions\/10270"}],"wp:featuredmedia":[{"embeddable":true,"href":"https:\/\/blogs.correiobraziliense.com.br\/lianasabo\/wp-json\/wp\/v2\/media\/10260"}],"wp:attachment":[{"href":"https:\/\/blogs.correiobraziliense.com.br\/lianasabo\/wp-json\/wp\/v2\/media?parent=10259"}],"wp:term":[{"taxonomy":"category","embeddable":true,"href":"https:\/\/blogs.correiobraziliense.com.br\/lianasabo\/wp-json\/wp\/v2\/categories?post=10259"},{"taxonomy":"post_tag","embeddable":true,"href":"https:\/\/blogs.correiobraziliense.com.br\/lianasabo\/wp-json\/wp\/v2\/tags?post=10259"}],"curies":[{"name":"wp","href":"https:\/\/api.w.org\/{rel}","templated":true}]}}