{"id":10220,"date":"2025-12-13T08:18:03","date_gmt":"2025-12-13T11:18:03","guid":{"rendered":"https:\/\/blogs.correiobraziliense.com.br\/lianasabo\/?p=10220"},"modified":"2025-12-11T16:31:34","modified_gmt":"2025-12-11T19:31:34","slug":"feira-panela-candanga-retorna-ao-casapark-com-edicao-especial-de-natal","status":"publish","type":"post","link":"https:\/\/blogs.correiobraziliense.com.br\/lianasabo\/feira-panela-candanga-retorna-ao-casapark-com-edicao-especial-de-natal\/","title":{"rendered":"Feira Panela Candanga retorna ao Casapark com edi\u00e7\u00e3o especial de Natal"},"content":{"rendered":"<p>A Feira Panela Candanga ter\u00e1 a edi\u00e7\u00e3o especial de Natal entre os dias 19 e 21 de dezembro, na Pra\u00e7a Central do shopping Casapark. Com entrada gratuita, o evento reunir\u00e1 gastronomia, produtos artesanais e cria\u00e7\u00f5es afetivas de pequenos produtores do Distrito Federal.\u00a0A feira promete inspirar presentes e oferecer ingredientes para a ceia de fim de ano.<\/p>\n<p>Entre os expositores confirmados est\u00e3o Api\u00e1rios dos Sonhos, B\u00e3o Demais, Casa do Cuki, Casa Menon, ChefBrico, Chimichurri Costumes Argentinas, Cruls Cervejaria, Cucina e Sapore, Emp\u00f3rio Mathias, Fine N\u2019 Rolls, Ga\u00facha Prendada, Goy\u00e1s Defumados, Grossbr\u00e4u Cervejaria, Ju Vaz Sweet Life, Pi\u00f1on Torroneria, Q Suculentos Antepastos, Q.Jos Artesanais, RJM Bistr\u00f4, Saholi Ch\u00e1s Blends, Sarahs Bakery e Tudo Zero Confeitaria.<\/p>\n<p><strong>Servi\u00e7o<\/strong><br \/>\n<strong>Feira Panela Candanga \u2013 Especial de Natal<br \/>\n<\/strong>Pra\u00e7a Central do Casapark \u2013 SGCV Sul, 22, Park Sul \u2013 Bras\u00edlia (DF)<br \/>\n<strong>Data:<\/strong> 19 a 21 de dezembro (Sexta, das 12h \u00e0s 22h; s\u00e1bado, das 10h \u00e0s 22h; e domingo: 12h \u00e0s 20h)<br \/>\n<strong>Entrada:<\/strong> Gratuita<\/p>\n","protected":false},"excerpt":{"rendered":"<p>A Feira Panela Candanga ter\u00e1 a edi\u00e7\u00e3o especial de Natal entre os dias 19 e 21 de dezembro, na Pra\u00e7a Central do shopping Casapark. Com entrada gratuita, o evento reunir\u00e1 gastronomia, produtos artesanais e cria\u00e7\u00f5es afetivas de pequenos produtores do Distrito Federal.\u00a0A feira promete inspirar presentes e oferecer ingredientes para a ceia de fim de ano. Entre os expositores confirmados [&hellip;]<\/p>\n","protected":false},"author":54,"featured_media":10221,"comment_status":"open","ping_status":"open","sticky":false,"template":"","format":"standard","meta":{"footnotes":""},"categories":[651],"tags":[1187,313],"class_list":["post-10220","post","type-post","status-publish","format-standard","has-post-thumbnail","hentry","category-natal","tag-feira-panela-candanga","tag-natal"],"_links":{"self":[{"href":"https:\/\/blogs.correiobraziliense.com.br\/lianasabo\/wp-json\/wp\/v2\/posts\/10220","targetHints":{"allow":["GET"]}}],"collection":[{"href":"https:\/\/blogs.correiobraziliense.com.br\/lianasabo\/wp-json\/wp\/v2\/posts"}],"about":[{"href":"https:\/\/blogs.correiobraziliense.com.br\/lianasabo\/wp-json\/wp\/v2\/types\/post"}],"author":[{"embeddable":true,"href":"https:\/\/blogs.correiobraziliense.com.br\/lianasabo\/wp-json\/wp\/v2\/users\/54"}],"replies":[{"embeddable":true,"href":"https:\/\/blogs.correiobraziliense.com.br\/lianasabo\/wp-json\/wp\/v2\/comments?post=10220"}],"version-history":[{"count":1,"href":"https:\/\/blogs.correiobraziliense.com.br\/lianasabo\/wp-json\/wp\/v2\/posts\/10220\/revisions"}],"predecessor-version":[{"id":10222,"href":"https:\/\/blogs.correiobraziliense.com.br\/lianasabo\/wp-json\/wp\/v2\/posts\/10220\/revisions\/10222"}],"wp:featuredmedia":[{"embeddable":true,"href":"https:\/\/blogs.correiobraziliense.com.br\/lianasabo\/wp-json\/wp\/v2\/media\/10221"}],"wp:attachment":[{"href":"https:\/\/blogs.correiobraziliense.com.br\/lianasabo\/wp-json\/wp\/v2\/media?parent=10220"}],"wp:term":[{"taxonomy":"category","embeddable":true,"href":"https:\/\/blogs.correiobraziliense.com.br\/lianasabo\/wp-json\/wp\/v2\/categories?post=10220"},{"taxonomy":"post_tag","embeddable":true,"href":"https:\/\/blogs.correiobraziliense.com.br\/lianasabo\/wp-json\/wp\/v2\/tags?post=10220"}],"curies":[{"name":"wp","href":"https:\/\/api.w.org\/{rel}","templated":true}]}}