{"id":10191,"date":"2025-12-09T16:08:19","date_gmt":"2025-12-09T19:08:19","guid":{"rendered":"https:\/\/blogs.correiobraziliense.com.br\/lianasabo\/?p=10191"},"modified":"2025-12-09T17:04:12","modified_gmt":"2025-12-09T20:04:12","slug":"conheca-o-9-%c2%bd-brasserie-espaco-de-festas-no-clube-de-golfe","status":"publish","type":"post","link":"https:\/\/blogs.correiobraziliense.com.br\/lianasabo\/conheca-o-9-%c2%bd-brasserie-espaco-de-festas-no-clube-de-golfe\/","title":{"rendered":"Conhe\u00e7a o 9 \u00bd Brasserie, espa\u00e7o de festas no Clube de Golfe"},"content":{"rendered":"<p>Voc\u00ea j\u00e1 pensou em curtir uma festa num ambiente elegante e cercado pela natureza com \u00e1rvores exuberantes, gramado verde, vista de 360\u00ba e sem nenhum vizinho para reclamar do som alto? Esta festa perfeita pode ser sua, desde que seu foco tenha sido o Clube de Golfe, onde acaba de ser inaugurado um charmoso espa\u00e7o para eventos, o 9 \u00bd Brasserie, que leva este nome porque est\u00e1 localizado entre os buracos 9 e 10 do campo.<\/p>\n<figure id=\"attachment_10193\" aria-describedby=\"caption-attachment-10193\" style=\"width: 138px\" class=\"wp-caption alignleft\"><a href=\"https:\/\/blogs.correiobraziliense.com.br\/lianasabo\/wp-content\/uploads\/sites\/25\/2025\/12\/WhatsApp-Image-2025-12-09-at-15.35.20.jpeg\"><img loading=\"lazy\" decoding=\"async\" class=\"size-medium wp-image-10193\" src=\"https:\/\/blogs.correiobraziliense.com.br\/lianasabo\/wp-content\/uploads\/sites\/25\/2025\/12\/WhatsApp-Image-2025-12-09-at-15.35.20-138x300.jpeg\" alt=\"\" width=\"138\" height=\"300\" srcset=\"https:\/\/blogs.correiobraziliense.com.br\/lianasabo\/wp-content\/uploads\/sites\/25\/2025\/12\/WhatsApp-Image-2025-12-09-at-15.35.20-138x300.jpeg 138w, https:\/\/blogs.correiobraziliense.com.br\/lianasabo\/wp-content\/uploads\/sites\/25\/2025\/12\/WhatsApp-Image-2025-12-09-at-15.35.20-768x1664.jpeg 768w, https:\/\/blogs.correiobraziliense.com.br\/lianasabo\/wp-content\/uploads\/sites\/25\/2025\/12\/WhatsApp-Image-2025-12-09-at-15.35.20.jpeg 473w, https:\/\/blogs.correiobraziliense.com.br\/lianasabo\/wp-content\/uploads\/sites\/25\/2025\/12\/WhatsApp-Image-2025-12-09-at-15.35.20-800x1733.jpeg 800w, https:\/\/blogs.correiobraziliense.com.br\/lianasabo\/wp-content\/uploads\/sites\/25\/2025\/12\/WhatsApp-Image-2025-12-09-at-15.35.20-550x1191.jpeg 550w, https:\/\/blogs.correiobraziliense.com.br\/lianasabo\/wp-content\/uploads\/sites\/25\/2025\/12\/WhatsApp-Image-2025-12-09-at-15.35.20-230x498.jpeg 230w\" sizes=\"auto, (max-width: 138px) 100vw, 138px\" \/><\/a><figcaption id=\"caption-attachment-10193\" class=\"wp-caption-text\">Chef Adriane Russo. Cr\u00e9dito: Brasserie\/Divulga\u00e7\u00e3o<\/figcaption><\/figure>\n<p>Com a mesma entrada privativa do restaurante Almeria, recentemente transferido para o complexo gastron\u00f4mico Beira Lago, a \u00e1rea foi arrendada pela Banqueteria Rio 40 Graus, que viu l\u00e1 a oportunidade de \u201catender a um desejo antigo dos clientes por espa\u00e7os intimistas, mas com estrutura completa\u201d, afirma o propriet\u00e1rio Fabr\u00edcio Russo. Sua mulher Adriane Russo \u00e9 a chef, que atua h\u00e1 22 anos no mercado de eventos de Bras\u00edlia praticando gastronomia de alto padr\u00e3o culin\u00e1rio.<\/p>\n<p>\u201cO card\u00e1pio \u00e9 bem variado e desenvolvido com produtos locais, nada exc\u00eantrico, procuro combinar o simples com o sofisticado\u201d, pontua Adriane, filha de padeiro e aluna do chef franc\u00eas Laurent Suaudeau. A inspira\u00e7\u00e3o dos pratos tamb\u00e9m vem das in\u00fameras viagens que o casal costuma fazer, especialmente pela It\u00e1lia.<\/p>\n<p><strong>Boas entradas<\/strong><\/p>\n<p>Tudo come\u00e7a pelos finger foods, lindamente apresentados e muito saborosos, como a sequ\u00eancia que degustei a partir de polenta cremosa com shimeji; batata brava com presunto de Parma e fondue de queijo; chips de batata baroa com vitelo; crostini de alho negro; terrine de cream cheese com chips da terra; chips de banana com ragu de carne de panela; lasca de polvilho com brisket e p\u00f3vora e tartar de salm\u00e3o e avocado com biscoito de arroz. Ufa!<\/p>\n<div id='gallery-1' class='gallery galleryid-10191 gallery-columns-3 gallery-size-full'><figure class='gallery-item'>\n\t\t\t<div class='gallery-icon landscape'>\n\t\t\t\t<a href='https:\/\/blogs.correiobraziliense.com.br\/lianasabo\/conheca-o-9-%c2%bd-brasserie-espaco-de-festas-no-clube-de-golfe\/whatsapp-image-2025-12-09-at-15-31-45\/'><img loading=\"lazy\" decoding=\"async\" width=\"800\" height=\"600\" src=\"https:\/\/blogs.correiobraziliense.com.br\/lianasabo\/wp-content\/uploads\/sites\/25\/2025\/12\/WhatsApp-Image-2025-12-09-at-15.31.45.jpeg\" class=\"attachment-full size-full\" alt=\"\" aria-describedby=\"gallery-1-10194\" srcset=\"https:\/\/blogs.correiobraziliense.com.br\/lianasabo\/wp-content\/uploads\/sites\/25\/2025\/12\/WhatsApp-Image-2025-12-09-at-15.31.45.jpeg 800w, https:\/\/blogs.correiobraziliense.com.br\/lianasabo\/wp-content\/uploads\/sites\/25\/2025\/12\/WhatsApp-Image-2025-12-09-at-15.31.45-300x225.jpeg 300w, https:\/\/blogs.correiobraziliense.com.br\/lianasabo\/wp-content\/uploads\/sites\/25\/2025\/12\/WhatsApp-Image-2025-12-09-at-15.31.45-768x576.jpeg 768w, https:\/\/blogs.correiobraziliense.com.br\/lianasabo\/wp-content\/uploads\/sites\/25\/2025\/12\/WhatsApp-Image-2025-12-09-at-15.31.45-550x413.jpeg 550w, https:\/\/blogs.correiobraziliense.com.br\/lianasabo\/wp-content\/uploads\/sites\/25\/2025\/12\/WhatsApp-Image-2025-12-09-at-15.31.45-230x173.jpeg 230w\" sizes=\"auto, (max-width: 800px) 100vw, 800px\" \/><\/a>\n\t\t\t<\/div>\n\t\t\t\t<figcaption class='wp-caption-text gallery-caption' id='gallery-1-10194'>\n\t\t\t\tCr\u00e9dito: Brasserie\/Divulga\u00e7\u00e3o\n\t\t\t\t<\/figcaption><\/figure><figure class='gallery-item'>\n\t\t\t<div class='gallery-icon landscape'>\n\t\t\t\t<a href='https:\/\/blogs.correiobraziliense.com.br\/lianasabo\/conheca-o-9-%c2%bd-brasserie-espaco-de-festas-no-clube-de-golfe\/whatsapp-image-2025-12-09-at-15-31-59\/'><img loading=\"lazy\" decoding=\"async\" width=\"800\" height=\"600\" src=\"https:\/\/blogs.correiobraziliense.com.br\/lianasabo\/wp-content\/uploads\/sites\/25\/2025\/12\/WhatsApp-Image-2025-12-09-at-15.31.59.jpeg\" class=\"attachment-full size-full\" alt=\"\" aria-describedby=\"gallery-1-10195\" srcset=\"https:\/\/blogs.correiobraziliense.com.br\/lianasabo\/wp-content\/uploads\/sites\/25\/2025\/12\/WhatsApp-Image-2025-12-09-at-15.31.59.jpeg 800w, https:\/\/blogs.correiobraziliense.com.br\/lianasabo\/wp-content\/uploads\/sites\/25\/2025\/12\/WhatsApp-Image-2025-12-09-at-15.31.59-300x225.jpeg 300w, https:\/\/blogs.correiobraziliense.com.br\/lianasabo\/wp-content\/uploads\/sites\/25\/2025\/12\/WhatsApp-Image-2025-12-09-at-15.31.59-768x576.jpeg 768w, https:\/\/blogs.correiobraziliense.com.br\/lianasabo\/wp-content\/uploads\/sites\/25\/2025\/12\/WhatsApp-Image-2025-12-09-at-15.31.59-550x413.jpeg 550w, https:\/\/blogs.correiobraziliense.com.br\/lianasabo\/wp-content\/uploads\/sites\/25\/2025\/12\/WhatsApp-Image-2025-12-09-at-15.31.59-230x173.jpeg 230w\" sizes=\"auto, (max-width: 800px) 100vw, 800px\" \/><\/a>\n\t\t\t<\/div>\n\t\t\t\t<figcaption class='wp-caption-text gallery-caption' id='gallery-1-10195'>\n\t\t\t\tCr\u00e9dito: Brasserie\/Divulga\u00e7\u00e3o\n\t\t\t\t<\/figcaption><\/figure><figure class='gallery-item'>\n\t\t\t<div class='gallery-icon landscape'>\n\t\t\t\t<a href='https:\/\/blogs.correiobraziliense.com.br\/lianasabo\/conheca-o-9-%c2%bd-brasserie-espaco-de-festas-no-clube-de-golfe\/whatsapp-image-2025-12-09-at-15-34-08\/'><img loading=\"lazy\" decoding=\"async\" width=\"800\" height=\"704\" src=\"https:\/\/blogs.correiobraziliense.com.br\/lianasabo\/wp-content\/uploads\/sites\/25\/2025\/12\/WhatsApp-Image-2025-12-09-at-15.34.08.jpeg\" class=\"attachment-full size-full\" alt=\"\" aria-describedby=\"gallery-1-10196\" srcset=\"https:\/\/blogs.correiobraziliense.com.br\/lianasabo\/wp-content\/uploads\/sites\/25\/2025\/12\/WhatsApp-Image-2025-12-09-at-15.34.08.jpeg 800w, https:\/\/blogs.correiobraziliense.com.br\/lianasabo\/wp-content\/uploads\/sites\/25\/2025\/12\/WhatsApp-Image-2025-12-09-at-15.34.08-300x264.jpeg 300w, https:\/\/blogs.correiobraziliense.com.br\/lianasabo\/wp-content\/uploads\/sites\/25\/2025\/12\/WhatsApp-Image-2025-12-09-at-15.34.08-768x676.jpeg 768w, https:\/\/blogs.correiobraziliense.com.br\/lianasabo\/wp-content\/uploads\/sites\/25\/2025\/12\/WhatsApp-Image-2025-12-09-at-15.34.08-550x484.jpeg 550w, https:\/\/blogs.correiobraziliense.com.br\/lianasabo\/wp-content\/uploads\/sites\/25\/2025\/12\/WhatsApp-Image-2025-12-09-at-15.34.08-230x202.jpeg 230w\" sizes=\"auto, (max-width: 800px) 100vw, 800px\" \/><\/a>\n\t\t\t<\/div>\n\t\t\t\t<figcaption class='wp-caption-text gallery-caption' id='gallery-1-10196'>\n\t\t\t\tCr\u00e9dito: Brasserie\/Divulga\u00e7\u00e3o\n\t\t\t\t<\/figcaption><\/figure><figure class='gallery-item'>\n\t\t\t<div class='gallery-icon landscape'>\n\t\t\t\t<a href='https:\/\/blogs.correiobraziliense.com.br\/lianasabo\/conheca-o-9-%c2%bd-brasserie-espaco-de-festas-no-clube-de-golfe\/whatsapp-image-2025-12-09-at-15-34-19\/'><img loading=\"lazy\" decoding=\"async\" width=\"800\" height=\"760\" src=\"https:\/\/blogs.correiobraziliense.com.br\/lianasabo\/wp-content\/uploads\/sites\/25\/2025\/12\/WhatsApp-Image-2025-12-09-at-15.34.19.jpeg\" class=\"attachment-full size-full\" alt=\"\" srcset=\"https:\/\/blogs.correiobraziliense.com.br\/lianasabo\/wp-content\/uploads\/sites\/25\/2025\/12\/WhatsApp-Image-2025-12-09-at-15.34.19.jpeg 800w, https:\/\/blogs.correiobraziliense.com.br\/lianasabo\/wp-content\/uploads\/sites\/25\/2025\/12\/WhatsApp-Image-2025-12-09-at-15.34.19-300x285.jpeg 300w, https:\/\/blogs.correiobraziliense.com.br\/lianasabo\/wp-content\/uploads\/sites\/25\/2025\/12\/WhatsApp-Image-2025-12-09-at-15.34.19-768x730.jpeg 768w, https:\/\/blogs.correiobraziliense.com.br\/lianasabo\/wp-content\/uploads\/sites\/25\/2025\/12\/WhatsApp-Image-2025-12-09-at-15.34.19-550x523.jpeg 550w, https:\/\/blogs.correiobraziliense.com.br\/lianasabo\/wp-content\/uploads\/sites\/25\/2025\/12\/WhatsApp-Image-2025-12-09-at-15.34.19-230x219.jpeg 230w\" sizes=\"auto, (max-width: 800px) 100vw, 800px\" \/><\/a>\n\t\t\t<\/div><\/figure>\n\t\t<\/div>\n\n<p>O prato principal tanto pode ser um bacalhau com batatinhas, alho, tomate confitado e arroz com castanha de macad\u00e2mia, como o fil\u00e9 tornedor ao molho, mil-folhas de batata e legumes (ervilha e cenoura). Tem tamb\u00e9m cordeiro, feito \u00e0 moda toscana, assado lentamente com ervas e vinho tinto e medalh\u00f5es de fil\u00e9-mignon com cogumelos.<\/p>\n<p>Entre as sobremesas h\u00e1 panna cotta de baunilha com toque de laranja e calda de frutas vermelhas quente e Pavlova. Sucos de frutas variadas completam o menu, afinal a grife Rio Sucos aberta na 209 Sul em 2004 est\u00e1 na g\u00eanese do novo empreendimento.<\/p>\n<p><strong>Parceria francesa<\/strong><\/p>\n<figure id=\"attachment_10198\" aria-describedby=\"caption-attachment-10198\" style=\"width: 800px\" class=\"wp-caption aligncenter\"><a href=\"https:\/\/blogs.correiobraziliense.com.br\/lianasabo\/wp-content\/uploads\/sites\/25\/2025\/12\/WhatsApp-Image-2025-12-09-at-15.31.11.jpeg\"><img loading=\"lazy\" decoding=\"async\" class=\"size-full wp-image-10198\" src=\"https:\/\/blogs.correiobraziliense.com.br\/lianasabo\/wp-content\/uploads\/sites\/25\/2025\/12\/WhatsApp-Image-2025-12-09-at-15.31.11.jpeg\" alt=\"\" width=\"800\" height=\"533\" srcset=\"https:\/\/blogs.correiobraziliense.com.br\/lianasabo\/wp-content\/uploads\/sites\/25\/2025\/12\/WhatsApp-Image-2025-12-09-at-15.31.11.jpeg 800w, https:\/\/blogs.correiobraziliense.com.br\/lianasabo\/wp-content\/uploads\/sites\/25\/2025\/12\/WhatsApp-Image-2025-12-09-at-15.31.11-300x200.jpeg 300w, https:\/\/blogs.correiobraziliense.com.br\/lianasabo\/wp-content\/uploads\/sites\/25\/2025\/12\/WhatsApp-Image-2025-12-09-at-15.31.11-768x512.jpeg 768w, https:\/\/blogs.correiobraziliense.com.br\/lianasabo\/wp-content\/uploads\/sites\/25\/2025\/12\/WhatsApp-Image-2025-12-09-at-15.31.11-550x366.jpeg 550w, https:\/\/blogs.correiobraziliense.com.br\/lianasabo\/wp-content\/uploads\/sites\/25\/2025\/12\/WhatsApp-Image-2025-12-09-at-15.31.11-230x153.jpeg 230w\" sizes=\"auto, (max-width: 800px) 100vw, 800px\" \/><\/a><figcaption id=\"caption-attachment-10198\" class=\"wp-caption-text\">Cr\u00e9dito: Brasserie\/Divulga\u00e7\u00e3o<\/figcaption><\/figure>\n<p>Uma exclusividade que a casa se orgulha \u00e9 a de ter a chancela da Mo\u00ebt &amp; Chandon em Bras\u00edlia, como \u00fanico endere\u00e7o parceiro da grife francesa que tem no portf\u00f3lio Mo\u00ebt Ice Blanc, Mo\u00ebt Ice Rose e as tradicionais Mo\u00ebt Imperial Brut e Rose.<\/p>\n<figure id=\"attachment_10204\" aria-describedby=\"caption-attachment-10204\" style=\"width: 240px\" class=\"wp-caption alignright\"><a href=\"https:\/\/blogs.correiobraziliense.com.br\/lianasabo\/wp-content\/uploads\/sites\/25\/2025\/12\/unnamed-1-1.png\"><img loading=\"lazy\" decoding=\"async\" class=\"wp-image-10204 size-medium\" src=\"https:\/\/blogs.correiobraziliense.com.br\/lianasabo\/wp-content\/uploads\/sites\/25\/2025\/12\/unnamed-1-1-240x300.png\" alt=\"\" width=\"240\" height=\"300\" srcset=\"https:\/\/blogs.correiobraziliense.com.br\/lianasabo\/wp-content\/uploads\/sites\/25\/2025\/12\/unnamed-1-1-240x300.png 240w, https:\/\/blogs.correiobraziliense.com.br\/lianasabo\/wp-content\/uploads\/sites\/25\/2025\/12\/unnamed-1-1-768x960.png 768w, https:\/\/blogs.correiobraziliense.com.br\/lianasabo\/wp-content\/uploads\/sites\/25\/2025\/12\/unnamed-1-1.png 800w, https:\/\/blogs.correiobraziliense.com.br\/lianasabo\/wp-content\/uploads\/sites\/25\/2025\/12\/unnamed-1-1-550x688.png 550w, https:\/\/blogs.correiobraziliense.com.br\/lianasabo\/wp-content\/uploads\/sites\/25\/2025\/12\/unnamed-1-1-230x288.png 230w\" sizes=\"auto, (max-width: 240px) 100vw, 240px\" \/><\/a><figcaption id=\"caption-attachment-10204\" class=\"wp-caption-text\">Cr\u00e9dito: Mo\u00ebt &amp; Chandon\/Divulga\u00e7\u00e3o<\/figcaption><\/figure>\n<p>Com capacidade para at\u00e9 250 pessoas, o 9 \u00bd Brasserie conta com dois pavimentos &#8212; t\u00e9rreo e rooftop \u2013 que permitem diferentes formatos de comemora\u00e7\u00e3o, de casamentos e anivers\u00e1rios a eventos corporativos e confraterniza\u00e7\u00f5es. O espa\u00e7o oferece pacote completo de servi\u00e7os para o m\u00ednimo de 50 pessoas incluindo buf\u00ea, sonoriza\u00e7\u00e3o, v\u00eddeo, bares em dois n\u00edveis, lounges, equipe de seguran\u00e7a e manobristas. O projeto leva a assinatura da Maai Arquitetura. Contato: 98662-0588.<\/p>\n","protected":false},"excerpt":{"rendered":"<p>Voc\u00ea j\u00e1 pensou em curtir uma festa num ambiente elegante e cercado pela natureza com \u00e1rvores exuberantes, gramado verde, vista de 360\u00ba e sem nenhum vizinho para reclamar do som alto? Esta festa perfeita pode ser sua, desde que seu foco tenha sido o Clube de Golfe, onde acaba de ser inaugurado um charmoso espa\u00e7o para eventos, o 9 \u00bd [&hellip;]<\/p>\n","protected":false},"author":54,"featured_media":10192,"comment_status":"open","ping_status":"open","sticky":false,"template":"","format":"standard","meta":{"footnotes":""},"categories":[215],"tags":[1405,244,1406],"class_list":["post-10191","post","type-post","status-publish","format-standard","has-post-thumbnail","hentry","category-casa-de-festa","tag-9--brasserie","tag-clube-de-golfe","tag-espaco-de-festas"],"_links":{"self":[{"href":"https:\/\/blogs.correiobraziliense.com.br\/lianasabo\/wp-json\/wp\/v2\/posts\/10191","targetHints":{"allow":["GET"]}}],"collection":[{"href":"https:\/\/blogs.correiobraziliense.com.br\/lianasabo\/wp-json\/wp\/v2\/posts"}],"about":[{"href":"https:\/\/blogs.correiobraziliense.com.br\/lianasabo\/wp-json\/wp\/v2\/types\/post"}],"author":[{"embeddable":true,"href":"https:\/\/blogs.correiobraziliense.com.br\/lianasabo\/wp-json\/wp\/v2\/users\/54"}],"replies":[{"embeddable":true,"href":"https:\/\/blogs.correiobraziliense.com.br\/lianasabo\/wp-json\/wp\/v2\/comments?post=10191"}],"version-history":[{"count":2,"href":"https:\/\/blogs.correiobraziliense.com.br\/lianasabo\/wp-json\/wp\/v2\/posts\/10191\/revisions"}],"predecessor-version":[{"id":10205,"href":"https:\/\/blogs.correiobraziliense.com.br\/lianasabo\/wp-json\/wp\/v2\/posts\/10191\/revisions\/10205"}],"wp:featuredmedia":[{"embeddable":true,"href":"https:\/\/blogs.correiobraziliense.com.br\/lianasabo\/wp-json\/wp\/v2\/media\/10192"}],"wp:attachment":[{"href":"https:\/\/blogs.correiobraziliense.com.br\/lianasabo\/wp-json\/wp\/v2\/media?parent=10191"}],"wp:term":[{"taxonomy":"category","embeddable":true,"href":"https:\/\/blogs.correiobraziliense.com.br\/lianasabo\/wp-json\/wp\/v2\/categories?post=10191"},{"taxonomy":"post_tag","embeddable":true,"href":"https:\/\/blogs.correiobraziliense.com.br\/lianasabo\/wp-json\/wp\/v2\/tags?post=10191"}],"curies":[{"name":"wp","href":"https:\/\/api.w.org\/{rel}","templated":true}]}}