{"id":10186,"date":"2025-12-08T17:51:58","date_gmt":"2025-12-08T20:51:58","guid":{"rendered":"https:\/\/blogs.correiobraziliense.com.br\/lianasabo\/?p=10186"},"modified":"2025-12-08T17:52:51","modified_gmt":"2025-12-08T20:52:51","slug":"confira-os-sabores-que-compoem-a-praca-de-alimentacao-do-evento-nosso-natal-2025","status":"publish","type":"post","link":"https:\/\/blogs.correiobraziliense.com.br\/lianasabo\/confira-os-sabores-que-compoem-a-praca-de-alimentacao-do-evento-nosso-natal-2025\/","title":{"rendered":"Confira os sabores que comp\u00f5em a pra\u00e7a de alimenta\u00e7\u00e3o do evento Nosso Natal 2025"},"content":{"rendered":"<p>Al\u00e9m das luzes, da m\u00fasica e das atra\u00e7\u00f5es para toda a fam\u00edlia, o Nosso Natal 2025, que come\u00e7a nesta segunda-feira (8) e vai at\u00e9 4 de janeiro na Esplanada dos Minist\u00e9rios, reserva um espa\u00e7o especial na programa\u00e7\u00e3o para a experi\u00eancia gastron\u00f4mica.<\/p>\n<p>A pra\u00e7a de alimenta\u00e7\u00e3o re\u00fane sabores afetivos da cidade. Entre os cl\u00e1ssicos, o cachorro-quente tradicional do Dog da Igrejinha. J\u00e1 para quem busca refer\u00eancias da culin\u00e1ria brasileira, o Acaraj\u00e9 e Cia e os pratos caseiros do Comidinha de V\u00f3. Tamb\u00e9m fazem parte da pra\u00e7a o Pastel da Jane e os espetinhos de Cid\u00e3o Espetinho e da Tia Groselha.<\/p>\n<p>As op\u00e7\u00f5es se expandem ainda para o yakisoba da Sugoi Gastronomia, os crepes da Pica Pau Creperia, os derivados do milho e galinhada da Esta\u00e7\u00e3o Marra e as massas, os risotos, o choripan e a pizza da Rafinatezza. Os amantes de hamb\u00farguer encontram alternativas no Las Chicas e no \u00c9 Loko Hamburgueria, enquanto o Jer\u00f4nimo aposta em frango e fritas.\u00a0Para ado\u00e7ar o passeio, os churros do Churros D e o a\u00e7a\u00ed da Arena Gourmet.<\/p>\n<p>Todos os estabelecimentos oferecem ao menos uma op\u00e7\u00e3o em pre\u00e7o social, garantindo acesso democr\u00e1tico \u00e0 boa comida e fortalecendo a economia local.\u00a0A estrutura funciona todos os dias das 17h \u00e0s 23h, com exce\u00e7\u00e3o dos dias 24 e 31 de dezembro.<\/p>\n","protected":false},"excerpt":{"rendered":"<p>Al\u00e9m das luzes, da m\u00fasica e das atra\u00e7\u00f5es para toda a fam\u00edlia, o Nosso Natal 2025, que come\u00e7a nesta segunda-feira (8) e vai at\u00e9 4 de janeiro na Esplanada dos Minist\u00e9rios, reserva um espa\u00e7o especial na programa\u00e7\u00e3o para a experi\u00eancia gastron\u00f4mica. A pra\u00e7a de alimenta\u00e7\u00e3o re\u00fane sabores afetivos da cidade. Entre os cl\u00e1ssicos, o cachorro-quente tradicional do Dog da Igrejinha. [&hellip;]<\/p>\n","protected":false},"author":54,"featured_media":10187,"comment_status":"open","ping_status":"open","sticky":false,"template":"","format":"standard","meta":{"footnotes":""},"categories":[651],"tags":[1404,1403],"class_list":["post-10186","post","type-post","status-publish","format-standard","has-post-thumbnail","hentry","category-natal","tag-nosso-natal-2025","tag-praca-de-alimentacao"],"_links":{"self":[{"href":"https:\/\/blogs.correiobraziliense.com.br\/lianasabo\/wp-json\/wp\/v2\/posts\/10186","targetHints":{"allow":["GET"]}}],"collection":[{"href":"https:\/\/blogs.correiobraziliense.com.br\/lianasabo\/wp-json\/wp\/v2\/posts"}],"about":[{"href":"https:\/\/blogs.correiobraziliense.com.br\/lianasabo\/wp-json\/wp\/v2\/types\/post"}],"author":[{"embeddable":true,"href":"https:\/\/blogs.correiobraziliense.com.br\/lianasabo\/wp-json\/wp\/v2\/users\/54"}],"replies":[{"embeddable":true,"href":"https:\/\/blogs.correiobraziliense.com.br\/lianasabo\/wp-json\/wp\/v2\/comments?post=10186"}],"version-history":[{"count":2,"href":"https:\/\/blogs.correiobraziliense.com.br\/lianasabo\/wp-json\/wp\/v2\/posts\/10186\/revisions"}],"predecessor-version":[{"id":10190,"href":"https:\/\/blogs.correiobraziliense.com.br\/lianasabo\/wp-json\/wp\/v2\/posts\/10186\/revisions\/10190"}],"wp:featuredmedia":[{"embeddable":true,"href":"https:\/\/blogs.correiobraziliense.com.br\/lianasabo\/wp-json\/wp\/v2\/media\/10187"}],"wp:attachment":[{"href":"https:\/\/blogs.correiobraziliense.com.br\/lianasabo\/wp-json\/wp\/v2\/media?parent=10186"}],"wp:term":[{"taxonomy":"category","embeddable":true,"href":"https:\/\/blogs.correiobraziliense.com.br\/lianasabo\/wp-json\/wp\/v2\/categories?post=10186"},{"taxonomy":"post_tag","embeddable":true,"href":"https:\/\/blogs.correiobraziliense.com.br\/lianasabo\/wp-json\/wp\/v2\/tags?post=10186"}],"curies":[{"name":"wp","href":"https:\/\/api.w.org\/{rel}","templated":true}]}}