{"id":10164,"date":"2025-12-08T08:55:12","date_gmt":"2025-12-08T11:55:12","guid":{"rendered":"https:\/\/blogs.correiobraziliense.com.br\/lianasabo\/?p=10164"},"modified":"2025-12-08T08:55:12","modified_gmt":"2025-12-08T11:55:12","slug":"nova-alianca-cooperativa-mais-antiga-do-brasil-e-eleita-vinicola-do-ano-pela-abs-rs","status":"publish","type":"post","link":"https:\/\/blogs.correiobraziliense.com.br\/lianasabo\/nova-alianca-cooperativa-mais-antiga-do-brasil-e-eleita-vinicola-do-ano-pela-abs-rs\/","title":{"rendered":"Nova Alian\u00e7a, cooperativa mais antiga do Brasil, \u00e9 eleita Vin\u00edcola do Ano pela ABS-RS"},"content":{"rendered":"<p>Faltando quatro anos para o centen\u00e1rio, a cooperativa na \u00e1rea do vinho mais antiga do Brasil, Nova Alian\u00e7a vem colecionando grandes conquistas que culminaram com o pr\u00eamio Vin\u00edcola Destaque do Ano 2025, concedido pela Associa\u00e7\u00e3o Brasileira de Sommeliers \u2013 Se\u00e7\u00e3o do Rio Grande do Sul (ABS-RS). A distin\u00e7\u00e3o, uma das mais relevantes do setor, sintetiza a virada hist\u00f3rica vivida pela vin\u00edcola desde 2023, quando iniciou um amplo processo de reestrutura\u00e7\u00e3o que reposicionou a marca lan\u00e7ando novos produtos e aumentando a participa\u00e7\u00e3o no mercado de vinhos finos e espumantes.<\/p>\n<p>\u201cSeguimos construindo, safra ap\u00f3s safra, os nossos encontros perfeitos \u2013 entre a terra, quem cultiva, quem elabora e quem brinda. Este pr\u00eamio da ABS-RS n\u00e3o \u00e9 o fim de um ciclo, mas o in\u00edcio de uma nova Nova Alian\u00e7a, ainda mais forte, inovadora e fiel \u00e0 nossa hist\u00f3ria de supera\u00e7\u00e3o\u201d, comemora o CEO Heleno Facchin.<\/p>\n<figure id=\"attachment_10169\" aria-describedby=\"caption-attachment-10169\" style=\"width: 800px\" class=\"wp-caption aligncenter\"><a href=\"https:\/\/blogs.correiobraziliense.com.br\/lianasabo\/wp-content\/uploads\/sites\/25\/2025\/12\/Premio-ABS-RS-2025-2-2048x1366-1.jpg\"><img loading=\"lazy\" decoding=\"async\" class=\"size-full wp-image-10169\" src=\"https:\/\/blogs.correiobraziliense.com.br\/lianasabo\/wp-content\/uploads\/sites\/25\/2025\/12\/Premio-ABS-RS-2025-2-2048x1366-1.jpg\" alt=\"\" width=\"800\" height=\"534\" srcset=\"https:\/\/blogs.correiobraziliense.com.br\/lianasabo\/wp-content\/uploads\/sites\/25\/2025\/12\/Premio-ABS-RS-2025-2-2048x1366-1.jpg 800w, https:\/\/blogs.correiobraziliense.com.br\/lianasabo\/wp-content\/uploads\/sites\/25\/2025\/12\/Premio-ABS-RS-2025-2-2048x1366-1-300x200.jpg 300w, https:\/\/blogs.correiobraziliense.com.br\/lianasabo\/wp-content\/uploads\/sites\/25\/2025\/12\/Premio-ABS-RS-2025-2-2048x1366-1-768x513.jpg 768w, https:\/\/blogs.correiobraziliense.com.br\/lianasabo\/wp-content\/uploads\/sites\/25\/2025\/12\/Premio-ABS-RS-2025-2-2048x1366-1-550x367.jpg 550w, https:\/\/blogs.correiobraziliense.com.br\/lianasabo\/wp-content\/uploads\/sites\/25\/2025\/12\/Premio-ABS-RS-2025-2-2048x1366-1-230x154.jpg 230w\" sizes=\"auto, (max-width: 800px) 100vw, 800px\" \/><\/a><figcaption id=\"caption-attachment-10169\" class=\"wp-caption-text\">Pr\u00eamio ABS. Cr\u00e9dito: Nova Alian\u00e7a\/Divulga\u00e7\u00e3o<\/figcaption><\/figure>\n<p><strong>Premia\u00e7\u00e3o<\/strong><\/p>\n<p>Mais de 600 fam\u00edlias integram a cooperativa, cuja vin\u00edcola est\u00e1 presente na maior diversidade de terroirs ga\u00fachos. Com sede em Flores da Cunha, Nova Alian\u00e7a nasceu da uni\u00e3o de cinco cooperativas vitivin\u00edcolas da Serra Ga\u00facha: S\u00e3o Vicente, S\u00e3o Pedro, Linha Jacinto, Alian\u00e7a e Santo Ant\u00f4nio \u2013 e hoje mant\u00eam uma das maiores e mais modernas unidades de processamento de uva da Am\u00e9rica Latina, al\u00e9m de vinhedos pr\u00f3prios em Santana do Livramento, regi\u00e3o da Campanha, fronteira com o Uruguai.<\/p>\n<p>O espumante Santa Colina Prosecco ganhou o pr\u00eamio de Melhor Prosecco das Am\u00e9ricas no Decanter World Wine Awards (Londres) e o Nova Brut Champenoise conquistou medalha Grande Ouro no 14\u00ba Concurso de Espumante Brasileiro, enquanto o Cabernet Sauvignon foi reconhecido como o melhor do Brasil entre oito amostras das safras que mais se destacaram na Avalia\u00e7\u00e3o Nacional de Vinhos 2025.<\/p>\n<p>\u201cEsses resultados s\u00e3o frutos de um trabalho coletivo que come\u00e7a no vinhedo e termina na ta\u00e7a. A cada safra buscamos traduzir a express\u00e3o dos nossos terroirs e a dedica\u00e7\u00e3o dos nossos associados. Ver nosso Cabernet Sauvignon entre os melhores vinhos do Brasil \u00e9 daquelas conquistas que fazem tudo valer a pena\u201d, sintetiza o en\u00f3logo-chefe Andr\u00e9 Gasperin, gerente t\u00e9cnico da Nova Alian\u00e7a.<\/p>\n<p>Os vinhos da Nova Alian\u00e7a podem ser adquiridos pelo site:\u00a0<a href=\"https:\/\/loja.novaalianca.coop.br\/\">https:\/\/loja.novaalianca.coop.br\/<\/a>.<\/p>\n","protected":false},"excerpt":{"rendered":"<p>Faltando quatro anos para o centen\u00e1rio, a cooperativa na \u00e1rea do vinho mais antiga do Brasil, Nova Alian\u00e7a vem colecionando grandes conquistas que culminaram com o pr\u00eamio Vin\u00edcola Destaque do Ano 2025, concedido pela Associa\u00e7\u00e3o Brasileira de Sommeliers \u2013 Se\u00e7\u00e3o do Rio Grande do Sul (ABS-RS). A distin\u00e7\u00e3o, uma das mais relevantes do setor, sintetiza a virada hist\u00f3rica vivida pela [&hellip;]<\/p>\n","protected":false},"author":54,"featured_media":10167,"comment_status":"open","ping_status":"open","sticky":false,"template":"","format":"standard","meta":{"footnotes":""},"categories":[222],"tags":[1397,755,422,425,786],"class_list":["post-10164","post","type-post","status-publish","format-standard","has-post-thumbnail","hentry","category-vinhos","tag-nova-alianca","tag-premiacao","tag-vinhedo","tag-vinhos","tag-vinicola"],"_links":{"self":[{"href":"https:\/\/blogs.correiobraziliense.com.br\/lianasabo\/wp-json\/wp\/v2\/posts\/10164","targetHints":{"allow":["GET"]}}],"collection":[{"href":"https:\/\/blogs.correiobraziliense.com.br\/lianasabo\/wp-json\/wp\/v2\/posts"}],"about":[{"href":"https:\/\/blogs.correiobraziliense.com.br\/lianasabo\/wp-json\/wp\/v2\/types\/post"}],"author":[{"embeddable":true,"href":"https:\/\/blogs.correiobraziliense.com.br\/lianasabo\/wp-json\/wp\/v2\/users\/54"}],"replies":[{"embeddable":true,"href":"https:\/\/blogs.correiobraziliense.com.br\/lianasabo\/wp-json\/wp\/v2\/comments?post=10164"}],"version-history":[{"count":3,"href":"https:\/\/blogs.correiobraziliense.com.br\/lianasabo\/wp-json\/wp\/v2\/posts\/10164\/revisions"}],"predecessor-version":[{"id":10170,"href":"https:\/\/blogs.correiobraziliense.com.br\/lianasabo\/wp-json\/wp\/v2\/posts\/10164\/revisions\/10170"}],"wp:featuredmedia":[{"embeddable":true,"href":"https:\/\/blogs.correiobraziliense.com.br\/lianasabo\/wp-json\/wp\/v2\/media\/10167"}],"wp:attachment":[{"href":"https:\/\/blogs.correiobraziliense.com.br\/lianasabo\/wp-json\/wp\/v2\/media?parent=10164"}],"wp:term":[{"taxonomy":"category","embeddable":true,"href":"https:\/\/blogs.correiobraziliense.com.br\/lianasabo\/wp-json\/wp\/v2\/categories?post=10164"},{"taxonomy":"post_tag","embeddable":true,"href":"https:\/\/blogs.correiobraziliense.com.br\/lianasabo\/wp-json\/wp\/v2\/tags?post=10164"}],"curies":[{"name":"wp","href":"https:\/\/api.w.org\/{rel}","templated":true}]}}