{"id":10146,"date":"2025-12-01T10:17:23","date_gmt":"2025-12-01T13:17:23","guid":{"rendered":"https:\/\/blogs.correiobraziliense.com.br\/lianasabo\/?p=10146"},"modified":"2025-12-01T10:17:23","modified_gmt":"2025-12-01T13:17:23","slug":"aquavit-lanca-menu-natalino-tons-de-vermelho-que-sera-apresentado-as-sextas-e-aos-sabados-de-dezembro","status":"publish","type":"post","link":"https:\/\/blogs.correiobraziliense.com.br\/lianasabo\/aquavit-lanca-menu-natalino-tons-de-vermelho-que-sera-apresentado-as-sextas-e-aos-sabados-de-dezembro\/","title":{"rendered":"Aquavit lan\u00e7a menu natalino \u201cTons de Vermelho\u201d que ser\u00e1 apresentado \u00e0s sextas e aos s\u00e1bados de dezembro"},"content":{"rendered":"<p>O restaurante Aquavit preparou uma experi\u00eancia in\u00e9dita para celebrar dezembro: o Menu Natalina \u2013 Tons de Vermelho, servido todas as sextas e s\u00e1bados do m\u00eas. A proposta, criada pelo chef dinamarqu\u00eas Simon Lau, elege o vermelho \u2014 em todas as suas nuances \u2014 como fio condutor do banquete festivo.<\/p>\n<p>A ideia, segundo o chef, nasceu da convic\u00e7\u00e3o de que \u201cvermelho \u00e9 definitivamente a cor do Natal\u201d e de que cada prato deveria trazer essa paleta, seja em tons intensos, rosados ou alaranjados. O conceito tamb\u00e9m carrega um toque pessoal: tradi\u00e7\u00e3o, aconchego e um aceno \u00e0 culin\u00e1ria dinamarquesa, marca registrada do Aquavit.<\/p>\n<p>Cajuzinho-do-cerrado, pitanga, beterraba, lagostins e at\u00e9 a carne do cordeiro aparecem como estrelas do menu. A cl\u00e1ssica sauce navarin, rica em tomate, refor\u00e7a a tonalidade que guia a edi\u00e7\u00e3o especial de dezembro. O menu tamb\u00e9m traz foie gras produzido pela francesa Agnes, que mant\u00e9m uma pequena cria\u00e7\u00e3o de patos em Corumb\u00e1 (GO).<\/p>\n<p>O menu completo \u00e9 composto por cinco etapas, que come\u00e7am com caranguejo do Par\u00e1, beterrabas e sour cream, seguem para um aspic de cajuzinho com pato e foie gras. Avan\u00e7am para o lagostim acompanhado de bisque de ab\u00f3bora e culminam no imponente carr\u00e9 de cordeiro com verduras mediterr\u00e2neas, pur\u00ea de mandioca e sauce navarin.<\/p>\n<p>Para finalizar, uma sobremesa que combina tradi\u00e7\u00e3o e brasilidade: risalamande com pitanga, rabanada e espuma de am\u00eandoas amargas. A harmoniza\u00e7\u00e3o proposta traz r\u00f3tulos do Brasil, da Argentina, da Espanha e de Portugal.<\/p>\n<p>A experi\u00eancia tem dois valores: R$ 665 com harmoniza\u00e7\u00e3o de vinhos e R$ 495 sem harmoniza\u00e7\u00e3o. As reservas s\u00e3o feitas diretamente com Leo, pelo telefone (61) 99336-7163.<\/p>\n","protected":false},"excerpt":{"rendered":"<p>O restaurante Aquavit preparou uma experi\u00eancia in\u00e9dita para celebrar dezembro: o Menu Natalina \u2013 Tons de Vermelho, servido todas as sextas e s\u00e1bados do m\u00eas. A proposta, criada pelo chef dinamarqu\u00eas Simon Lau, elege o vermelho \u2014 em todas as suas nuances \u2014 como fio condutor do banquete festivo. A ideia, segundo o chef, nasceu da convic\u00e7\u00e3o de que \u201cvermelho [&hellip;]<\/p>\n","protected":false},"author":54,"featured_media":10094,"comment_status":"open","ping_status":"open","sticky":false,"template":"","format":"standard","meta":{"footnotes":""},"categories":[651],"tags":[224,1393,313],"class_list":["post-10146","post","type-post","status-publish","format-standard","has-post-thumbnail","hentry","category-natal","tag-aquavit","tag-menu-natalino","tag-natal"],"_links":{"self":[{"href":"https:\/\/blogs.correiobraziliense.com.br\/lianasabo\/wp-json\/wp\/v2\/posts\/10146","targetHints":{"allow":["GET"]}}],"collection":[{"href":"https:\/\/blogs.correiobraziliense.com.br\/lianasabo\/wp-json\/wp\/v2\/posts"}],"about":[{"href":"https:\/\/blogs.correiobraziliense.com.br\/lianasabo\/wp-json\/wp\/v2\/types\/post"}],"author":[{"embeddable":true,"href":"https:\/\/blogs.correiobraziliense.com.br\/lianasabo\/wp-json\/wp\/v2\/users\/54"}],"replies":[{"embeddable":true,"href":"https:\/\/blogs.correiobraziliense.com.br\/lianasabo\/wp-json\/wp\/v2\/comments?post=10146"}],"version-history":[{"count":1,"href":"https:\/\/blogs.correiobraziliense.com.br\/lianasabo\/wp-json\/wp\/v2\/posts\/10146\/revisions"}],"predecessor-version":[{"id":10147,"href":"https:\/\/blogs.correiobraziliense.com.br\/lianasabo\/wp-json\/wp\/v2\/posts\/10146\/revisions\/10147"}],"wp:featuredmedia":[{"embeddable":true,"href":"https:\/\/blogs.correiobraziliense.com.br\/lianasabo\/wp-json\/wp\/v2\/media\/10094"}],"wp:attachment":[{"href":"https:\/\/blogs.correiobraziliense.com.br\/lianasabo\/wp-json\/wp\/v2\/media?parent=10146"}],"wp:term":[{"taxonomy":"category","embeddable":true,"href":"https:\/\/blogs.correiobraziliense.com.br\/lianasabo\/wp-json\/wp\/v2\/categories?post=10146"},{"taxonomy":"post_tag","embeddable":true,"href":"https:\/\/blogs.correiobraziliense.com.br\/lianasabo\/wp-json\/wp\/v2\/tags?post=10146"}],"curies":[{"name":"wp","href":"https:\/\/api.w.org\/{rel}","templated":true}]}}