{"id":10056,"date":"2025-10-28T06:00:03","date_gmt":"2025-10-28T09:00:03","guid":{"rendered":"https:\/\/blogs.correiobraziliense.com.br\/lianasabo\/?p=10056"},"modified":"2025-10-27T13:36:27","modified_gmt":"2025-10-27T16:36:27","slug":"ricco-burger-e-teta-cheese-bar-se-juntam-no-festival-carne-e-queijos-brasileiros","status":"publish","type":"post","link":"https:\/\/blogs.correiobraziliense.com.br\/lianasabo\/ricco-burger-e-teta-cheese-bar-se-juntam-no-festival-carne-e-queijos-brasileiros\/","title":{"rendered":"Ricco Burger e Teta Cheese Bar se juntam no Festival Carne e Queijos Brasileiros"},"content":{"rendered":"<p>At\u00e9 25 de novembro, a Ricco Burger e o Teta Cheese Bar unem for\u00e7as no Festival Carne e Queijos Brasileiros que ocorre nas unidades da Ricco na 306 Sul, no Noroeste e no ParkShopping. O menu combina os blends especiais da casa com uma curadoria de queijos feita pelo Teta.<\/p>\n<p>A proposta \u00e9 transformar o cl\u00e1ssico p\u00e3o, carne e queijo, com hamb\u00fargueres de Wagyu e Angus da Ricco, harmonizados com quatro queijos artesanais de diferentes regi\u00f5es do pa\u00eds: o Nina e o Nete, ambos da Matuh Queijaria (MG), o Gor\u00f3, da Belafazenda (SP), e o Paul Barthold, da Dunsken (MG).<\/p>\n<figure id=\"attachment_10058\" aria-describedby=\"caption-attachment-10058\" style=\"width: 800px\" class=\"wp-caption aligncenter\"><a href=\"https:\/\/blogs.correiobraziliense.com.br\/lianasabo\/wp-content\/uploads\/sites\/25\/2025\/10\/Ricco-Ricco-Teta-Festival-Carne-e-Queijos-Documental-V3-Base-Limpa-3840x2160_00_00_13_09.jpg\"><img loading=\"lazy\" decoding=\"async\" class=\"size-full wp-image-10058\" src=\"https:\/\/blogs.correiobraziliense.com.br\/lianasabo\/wp-content\/uploads\/sites\/25\/2025\/10\/Ricco-Ricco-Teta-Festival-Carne-e-Queijos-Documental-V3-Base-Limpa-3840x2160_00_00_13_09.jpg\" alt=\"\" width=\"800\" height=\"450\" srcset=\"https:\/\/blogs.correiobraziliense.com.br\/lianasabo\/wp-content\/uploads\/sites\/25\/2025\/10\/Ricco-Ricco-Teta-Festival-Carne-e-Queijos-Documental-V3-Base-Limpa-3840x2160_00_00_13_09.jpg 800w, https:\/\/blogs.correiobraziliense.com.br\/lianasabo\/wp-content\/uploads\/sites\/25\/2025\/10\/Ricco-Ricco-Teta-Festival-Carne-e-Queijos-Documental-V3-Base-Limpa-3840x2160_00_00_13_09-300x169.jpg 300w, https:\/\/blogs.correiobraziliense.com.br\/lianasabo\/wp-content\/uploads\/sites\/25\/2025\/10\/Ricco-Ricco-Teta-Festival-Carne-e-Queijos-Documental-V3-Base-Limpa-3840x2160_00_00_13_09-768x432.jpg 768w, https:\/\/blogs.correiobraziliense.com.br\/lianasabo\/wp-content\/uploads\/sites\/25\/2025\/10\/Ricco-Ricco-Teta-Festival-Carne-e-Queijos-Documental-V3-Base-Limpa-3840x2160_00_00_13_09-550x309.jpg 550w, https:\/\/blogs.correiobraziliense.com.br\/lianasabo\/wp-content\/uploads\/sites\/25\/2025\/10\/Ricco-Ricco-Teta-Festival-Carne-e-Queijos-Documental-V3-Base-Limpa-3840x2160_00_00_13_09-230x129.jpg 230w\" sizes=\"auto, (max-width: 800px) 100vw, 800px\" \/><\/a><figcaption id=\"caption-attachment-10058\" class=\"wp-caption-text\">Cr\u00e9dito: CRIAmov\/Divulga\u00e7\u00e3o<\/figcaption><\/figure>\n<p>Entre as cria\u00e7\u00f5es do festival est\u00e3o p\u00e3o, carne e Paul Bartholdy (R$ 59), com p\u00e3o brioche, Wagyu e maionese da casa; p\u00e3o, carne e Nina (R$ 44), que segue a mesma base, mas com o queijo maturado por seis meses; p\u00e3o de gergelim, Angus, bacon crispy, goiabada e Nete (R$ 47); e p\u00e3o pretzel com tomate confitado e maionese artesanal com Gor\u00f3 (R$ 69).<\/p>\n<p>Para acompanhar, o festival apresenta a Ricco West Coast IPA, cerveja produzida em Bras\u00edlia, com notas de maracuj\u00e1, grapefruit e pinho, criada especialmente para a ocasi\u00e3o.<\/p>\n<p><strong>Festival Carne e Queijos Brasileiros<\/strong><br \/>\nAt\u00e9 25 de novembro, nas unidades Ricco Burger da 306 Sul, Noroeste e ParkShopping<br \/>\n<strong>Informa\u00e7\u00f5es:<\/strong> <a href=\"https:\/\/www.instagram.com\/riccoburger\">@riccoburger<\/a> e <a href=\"https:\/\/www.instagram.com\/tetacheesebar\">@tetacheesebar<\/a><\/p>\n","protected":false},"excerpt":{"rendered":"<p>At\u00e9 25 de novembro, a Ricco Burger e o Teta Cheese Bar unem for\u00e7as no Festival Carne e Queijos Brasileiros que ocorre nas unidades da Ricco na 306 Sul, no Noroeste e no ParkShopping. O menu combina os blends especiais da casa com uma curadoria de queijos feita pelo Teta. A proposta \u00e9 transformar o cl\u00e1ssico p\u00e3o, carne e queijo, [&hellip;]<\/p>\n","protected":false},"author":54,"featured_media":10057,"comment_status":"open","ping_status":"open","sticky":false,"template":"","format":"standard","meta":{"footnotes":""},"categories":[201],"tags":[1379,1117,1378],"class_list":["post-10056","post","type-post","status-publish","format-standard","has-post-thumbnail","hentry","category-festival","tag-festival-carne-e-queijos-brasileiros","tag-ricco-burger","tag-teta-cheese-bar"],"_links":{"self":[{"href":"https:\/\/blogs.correiobraziliense.com.br\/lianasabo\/wp-json\/wp\/v2\/posts\/10056","targetHints":{"allow":["GET"]}}],"collection":[{"href":"https:\/\/blogs.correiobraziliense.com.br\/lianasabo\/wp-json\/wp\/v2\/posts"}],"about":[{"href":"https:\/\/blogs.correiobraziliense.com.br\/lianasabo\/wp-json\/wp\/v2\/types\/post"}],"author":[{"embeddable":true,"href":"https:\/\/blogs.correiobraziliense.com.br\/lianasabo\/wp-json\/wp\/v2\/users\/54"}],"replies":[{"embeddable":true,"href":"https:\/\/blogs.correiobraziliense.com.br\/lianasabo\/wp-json\/wp\/v2\/comments?post=10056"}],"version-history":[{"count":1,"href":"https:\/\/blogs.correiobraziliense.com.br\/lianasabo\/wp-json\/wp\/v2\/posts\/10056\/revisions"}],"predecessor-version":[{"id":10059,"href":"https:\/\/blogs.correiobraziliense.com.br\/lianasabo\/wp-json\/wp\/v2\/posts\/10056\/revisions\/10059"}],"wp:featuredmedia":[{"embeddable":true,"href":"https:\/\/blogs.correiobraziliense.com.br\/lianasabo\/wp-json\/wp\/v2\/media\/10057"}],"wp:attachment":[{"href":"https:\/\/blogs.correiobraziliense.com.br\/lianasabo\/wp-json\/wp\/v2\/media?parent=10056"}],"wp:term":[{"taxonomy":"category","embeddable":true,"href":"https:\/\/blogs.correiobraziliense.com.br\/lianasabo\/wp-json\/wp\/v2\/categories?post=10056"},{"taxonomy":"post_tag","embeddable":true,"href":"https:\/\/blogs.correiobraziliense.com.br\/lianasabo\/wp-json\/wp\/v2\/tags?post=10056"}],"curies":[{"name":"wp","href":"https:\/\/api.w.org\/{rel}","templated":true}]}}