{"id":10043,"date":"2025-10-24T15:08:39","date_gmt":"2025-10-24T18:08:39","guid":{"rendered":"https:\/\/blogs.correiobraziliense.com.br\/lianasabo\/?p=10043"},"modified":"2025-10-24T18:43:44","modified_gmt":"2025-10-24T21:43:44","slug":"mercearia-colaborativa-inaugura-nova-unidade-na-asa-sul","status":"publish","type":"post","link":"https:\/\/blogs.correiobraziliense.com.br\/lianasabo\/mercearia-colaborativa-inaugura-nova-unidade-na-asa-sul\/","title":{"rendered":"Mercearia Colaborativa inaugura nova unidade na Asa Sul"},"content":{"rendered":"<p>Em 1\u00b0 de novembro, a Mercearia Colaborativa inaugura uma nova unidade na 208 Sul financiada por investimento coletivo. O novo espa\u00e7o servir\u00e1 como ponto de encontro de pequenos produtores e apaixonados por gastronomia artesanal. Inicialmente, mais de 60 empreendedores locais e nacionais integram o espa\u00e7o, que espera chegar a 90 at\u00e9 o fim do ano.<\/p>\n<p>\u201cPercebemos que havia um p\u00fablico interessado em consumir os produtos artesanais, mas que dependia das feiras para isso. A Mercearia nasceu como um ponto permanente para o pequeno produtor urbano, aquele que fazia em casa e n\u00e3o tinha um ponto fixo de vendas\u201d, explica Gustavo de Castro, idealizador e um dos s\u00f3cios do espa\u00e7o.<\/p>\n<figure id=\"attachment_10045\" aria-describedby=\"caption-attachment-10045\" style=\"width: 640px\" class=\"wp-caption aligncenter\"><a href=\"https:\/\/blogs.correiobraziliense.com.br\/lianasabo\/wp-content\/uploads\/sites\/25\/2025\/10\/MerceariaColaborativa-37.jpg\"><img loading=\"lazy\" decoding=\"async\" class=\"size-full wp-image-10045\" src=\"https:\/\/blogs.correiobraziliense.com.br\/lianasabo\/wp-content\/uploads\/sites\/25\/2025\/10\/MerceariaColaborativa-37.jpg\" alt=\"\" width=\"640\" height=\"428\" srcset=\"https:\/\/blogs.correiobraziliense.com.br\/lianasabo\/wp-content\/uploads\/sites\/25\/2025\/10\/MerceariaColaborativa-37.jpg 640w, https:\/\/blogs.correiobraziliense.com.br\/lianasabo\/wp-content\/uploads\/sites\/25\/2025\/10\/MerceariaColaborativa-37-300x201.jpg 300w, https:\/\/blogs.correiobraziliense.com.br\/lianasabo\/wp-content\/uploads\/sites\/25\/2025\/10\/MerceariaColaborativa-37-550x368.jpg 550w, https:\/\/blogs.correiobraziliense.com.br\/lianasabo\/wp-content\/uploads\/sites\/25\/2025\/10\/MerceariaColaborativa-37-230x154.jpg 230w\" sizes=\"auto, (max-width: 640px) 100vw, 640px\" \/><\/a><figcaption id=\"caption-attachment-10045\" class=\"wp-caption-text\">Cr\u00e9dito: Mayara Senise\/Divulga\u00e7\u00e3o<\/figcaption><\/figure>\n<p>Entre os destaques, est\u00e3o a burrata da Ap\u00falia (R$ 45), o p\u00e3o de queijo da Da Vivi (R$ 36), os amanteigados de Renata Leite (R$ 27), o Pesto Genov\u00eas da Andrea Le\u00e3o (R$ 65) e os brownies da Travessuras e Chocolates (R$ 11).<\/p>\n<p>A variedade inclui ainda produtos sem gl\u00faten, sem leite, sem a\u00e7\u00facar e at\u00e9 cosm\u00e9ticos naturais, todos selecionados com base em sabor, autenticidade e ingredientes limpos. \u201cBuscamos aquilo que ainda n\u00e3o est\u00e1 nos grandes mercados, e que seja o mais natural poss\u00edvel\u201d, resume a s\u00f3cia Anna Carolina Oliveira.<\/p>\n<p>Mais do que um emp\u00f3rio, a Mercearia funciona como ecossistema de desenvolvimento gastron\u00f4mico, oferecendo mentorias, cursos e encontros entre os produtores. Interessados em fazer parte da rede podem se inscrever em <a href=\"https:\/\/merceariacolaborativa.com.br\/seja-um-membro\">merceariacolaborativa.com.br\/seja-um-membro<\/a>.<\/p>\n<p><strong>SERVI\u00c7O<\/strong><br \/>\n<strong>Local:<\/strong> CLN 208 Sul, Bloco C, Loja<br \/>\n<strong>Data:<\/strong>\u00a01\u00b0 de novembro, das 8h \u00e0s 20h<br \/>\n<strong>Informa\u00e7\u00f5es:<\/strong> <a href=\"https:\/\/www.instagram.com\/merceariacolaborativa\">@merceariacolaborativa<\/a> e <a href=\"https:\/\/merceariacolaborativa.com.br\/\">merceariacolaborativa.com.br<\/a><\/p>\n","protected":false},"excerpt":{"rendered":"<p>Em 1\u00b0 de novembro, a Mercearia Colaborativa inaugura uma nova unidade na 208 Sul financiada por investimento coletivo. O novo espa\u00e7o servir\u00e1 como ponto de encontro de pequenos produtores e apaixonados por gastronomia artesanal. Inicialmente, mais de 60 empreendedores locais e nacionais integram o espa\u00e7o, que espera chegar a 90 at\u00e9 o fim do ano. \u201cPercebemos que havia um p\u00fablico [&hellip;]<\/p>\n","protected":false},"author":54,"featured_media":10044,"comment_status":"open","ping_status":"open","sticky":false,"template":"","format":"standard","meta":{"footnotes":""},"categories":[1],"tags":[],"class_list":["post-10043","post","type-post","status-publish","format-standard","has-post-thumbnail","hentry","category-sem-categoria"],"_links":{"self":[{"href":"https:\/\/blogs.correiobraziliense.com.br\/lianasabo\/wp-json\/wp\/v2\/posts\/10043","targetHints":{"allow":["GET"]}}],"collection":[{"href":"https:\/\/blogs.correiobraziliense.com.br\/lianasabo\/wp-json\/wp\/v2\/posts"}],"about":[{"href":"https:\/\/blogs.correiobraziliense.com.br\/lianasabo\/wp-json\/wp\/v2\/types\/post"}],"author":[{"embeddable":true,"href":"https:\/\/blogs.correiobraziliense.com.br\/lianasabo\/wp-json\/wp\/v2\/users\/54"}],"replies":[{"embeddable":true,"href":"https:\/\/blogs.correiobraziliense.com.br\/lianasabo\/wp-json\/wp\/v2\/comments?post=10043"}],"version-history":[{"count":5,"href":"https:\/\/blogs.correiobraziliense.com.br\/lianasabo\/wp-json\/wp\/v2\/posts\/10043\/revisions"}],"predecessor-version":[{"id":10050,"href":"https:\/\/blogs.correiobraziliense.com.br\/lianasabo\/wp-json\/wp\/v2\/posts\/10043\/revisions\/10050"}],"wp:featuredmedia":[{"embeddable":true,"href":"https:\/\/blogs.correiobraziliense.com.br\/lianasabo\/wp-json\/wp\/v2\/media\/10044"}],"wp:attachment":[{"href":"https:\/\/blogs.correiobraziliense.com.br\/lianasabo\/wp-json\/wp\/v2\/media?parent=10043"}],"wp:term":[{"taxonomy":"category","embeddable":true,"href":"https:\/\/blogs.correiobraziliense.com.br\/lianasabo\/wp-json\/wp\/v2\/categories?post=10043"},{"taxonomy":"post_tag","embeddable":true,"href":"https:\/\/blogs.correiobraziliense.com.br\/lianasabo\/wp-json\/wp\/v2\/tags?post=10043"}],"curies":[{"name":"wp","href":"https:\/\/api.w.org\/{rel}","templated":true}]}}