{"id":10037,"date":"2025-10-22T15:51:29","date_gmt":"2025-10-22T18:51:29","guid":{"rendered":"https:\/\/blogs.correiobraziliense.com.br\/lianasabo\/?p=10037"},"modified":"2025-10-22T15:55:56","modified_gmt":"2025-10-22T18:55:56","slug":"quitutices-cria-pink-velvet-em-alusao-ao-outubro-rosa","status":"publish","type":"post","link":"https:\/\/blogs.correiobraziliense.com.br\/lianasabo\/quitutices-cria-pink-velvet-em-alusao-ao-outubro-rosa\/","title":{"rendered":"Quitutices cria Pink Velvet em alus\u00e3o ao Outubro Rosa"},"content":{"rendered":"<p><strong><em>Todo o lucro das vendas ser\u00e1 destinado \u00e0 Rede Feminina de Combate ao C\u00e2ncer de Bras\u00edlia<\/em><\/strong><\/p>\n<p>Primeira confeitaria da cidade especializada em alimentos sem gl\u00faten, sem leite e com op\u00e7\u00f5es sem adi\u00e7\u00e3o de a\u00e7\u00facar, a Quitutices, na 315 Sul, lan\u00e7ou para este m\u00eas de outubro o Pink Velvet, uma vers\u00e3o do cl\u00e1ssico Red Velvet em tom rosa.<\/p>\n<figure id=\"attachment_10039\" aria-describedby=\"caption-attachment-10039\" style=\"width: 200px\" class=\"wp-caption alignright\"><a href=\"https:\/\/blogs.correiobraziliense.com.br\/lianasabo\/wp-content\/uploads\/sites\/25\/2025\/10\/Pink-Velvet_Quitutices_Foto-de-Bruno-Aguiar-4.jpg\"><img loading=\"lazy\" decoding=\"async\" class=\"wp-image-10039 size-medium\" src=\"https:\/\/blogs.correiobraziliense.com.br\/lianasabo\/wp-content\/uploads\/sites\/25\/2025\/10\/Pink-Velvet_Quitutices_Foto-de-Bruno-Aguiar-4-200x300.jpg\" alt=\"\" width=\"200\" height=\"300\" srcset=\"https:\/\/blogs.correiobraziliense.com.br\/lianasabo\/wp-content\/uploads\/sites\/25\/2025\/10\/Pink-Velvet_Quitutices_Foto-de-Bruno-Aguiar-4-200x300.jpg 200w, https:\/\/blogs.correiobraziliense.com.br\/lianasabo\/wp-content\/uploads\/sites\/25\/2025\/10\/Pink-Velvet_Quitutices_Foto-de-Bruno-Aguiar-4-768x1152.jpg 768w, https:\/\/blogs.correiobraziliense.com.br\/lianasabo\/wp-content\/uploads\/sites\/25\/2025\/10\/Pink-Velvet_Quitutices_Foto-de-Bruno-Aguiar-4.jpg 683w, https:\/\/blogs.correiobraziliense.com.br\/lianasabo\/wp-content\/uploads\/sites\/25\/2025\/10\/Pink-Velvet_Quitutices_Foto-de-Bruno-Aguiar-4-800x1200.jpg 800w, https:\/\/blogs.correiobraziliense.com.br\/lianasabo\/wp-content\/uploads\/sites\/25\/2025\/10\/Pink-Velvet_Quitutices_Foto-de-Bruno-Aguiar-4-550x825.jpg 550w, https:\/\/blogs.correiobraziliense.com.br\/lianasabo\/wp-content\/uploads\/sites\/25\/2025\/10\/Pink-Velvet_Quitutices_Foto-de-Bruno-Aguiar-4-230x345.jpg 230w\" sizes=\"auto, (max-width: 200px) 100vw, 200px\" \/><\/a><figcaption id=\"caption-attachment-10039\" class=\"wp-caption-text\">Cr\u00e9dito: Bruno Aguiar\/Divulga\u00e7\u00e3o<\/figcaption><\/figure>\n<p>A iguaria foi feita em alus\u00e3o ao Outubro Rosa. Todo o lucro das vendas do doce ser\u00e1 destinado \u00e0 Rede Feminina de Combate ao C\u00e2ncer de Bras\u00edlia, organiza\u00e7\u00e3o que oferece acolhimento, orienta\u00e7\u00e3o, apoio emocional e material a pacientes oncol\u00f3gicos.<\/p>\n<p>A releitura traz massa de baunilha, recheio de ganache de chocolate branco e geleia artesanal de frutas vermelhas. O Pink Velvet est\u00e1 dispon\u00edvel em fatias diariamente (R$ 160\/Kg) e tamb\u00e9m sob encomenda nos tamanhos micro, P, M e G (a partir de R$ 110).<\/p>\n<p>\u201cA Quitutices nasceu com o prop\u00f3sito de acolher por meio da comida. H\u00e1 quase dez anos, promovemos a inclus\u00e3o gastron\u00f4mica por meio da adapta\u00e7\u00e3o de receitas afetivas, tradicionais e cl\u00e1ssicas para consumo de cel\u00edacos e al\u00e9rgicos \u00e0 prote\u00edna do leite de vaca. Ou seja, oferecemos seguran\u00e7a \u2013\u2013 e tamb\u00e9m seguran\u00e7a emocional \u2013\u2013 para quem encontra o conforto de comer um doce sem medo, por exemplo. Esse mesmo cuidado est\u00e1 presente em nossas a\u00e7\u00f5es como a do Pink Velvet, que d\u00e3o sentido ao nosso trabalho\u201d, afirma Inai\u00e1 Sant\u2019Ana, chef p\u00e2tissi\u00e8re e fundadora da Quitutices.<\/p>\n<p>Desde 1996, a Rede Feminina de Combate ao C\u00e2ncer de Bras\u00edlia atua no Hospital de Base do DF, distribuindo kits de higiene, lanches, cestas b\u00e1sicas e pr\u00f3teses mam\u00e1rias, al\u00e9m de promover palestras, festas e a\u00e7\u00f5es de humaniza\u00e7\u00e3o nos setores de Mastologia, Ginecologia Oncol\u00f3gica, Radioterapia e Enfermarias.<\/p>\n<p>A confeitaria funciona segunda-feira, das 12h \u00e0s 20h, e de ter\u00e7a a s\u00e1bado, das 10h \u00e0s 20h. Informa\u00e7\u00f5es: (61) 3543-5057 e (61) 98303-5396.<\/p>\n","protected":false},"excerpt":{"rendered":"<p>Todo o lucro das vendas ser\u00e1 destinado \u00e0 Rede Feminina de Combate ao C\u00e2ncer de Bras\u00edlia<\/p>\n","protected":false},"author":54,"featured_media":10038,"comment_status":"open","ping_status":"open","sticky":false,"template":"","format":"standard","meta":{"footnotes":""},"categories":[140],"tags":[1374,1373,603],"class_list":["post-10037","post","type-post","status-publish","format-standard","has-post-thumbnail","hentry","category-confeitaria","tag-outubro-rosa","tag-pink-velvet","tag-quitutices"],"_links":{"self":[{"href":"https:\/\/blogs.correiobraziliense.com.br\/lianasabo\/wp-json\/wp\/v2\/posts\/10037","targetHints":{"allow":["GET"]}}],"collection":[{"href":"https:\/\/blogs.correiobraziliense.com.br\/lianasabo\/wp-json\/wp\/v2\/posts"}],"about":[{"href":"https:\/\/blogs.correiobraziliense.com.br\/lianasabo\/wp-json\/wp\/v2\/types\/post"}],"author":[{"embeddable":true,"href":"https:\/\/blogs.correiobraziliense.com.br\/lianasabo\/wp-json\/wp\/v2\/users\/54"}],"replies":[{"embeddable":true,"href":"https:\/\/blogs.correiobraziliense.com.br\/lianasabo\/wp-json\/wp\/v2\/comments?post=10037"}],"version-history":[{"count":3,"href":"https:\/\/blogs.correiobraziliense.com.br\/lianasabo\/wp-json\/wp\/v2\/posts\/10037\/revisions"}],"predecessor-version":[{"id":10042,"href":"https:\/\/blogs.correiobraziliense.com.br\/lianasabo\/wp-json\/wp\/v2\/posts\/10037\/revisions\/10042"}],"wp:featuredmedia":[{"embeddable":true,"href":"https:\/\/blogs.correiobraziliense.com.br\/lianasabo\/wp-json\/wp\/v2\/media\/10038"}],"wp:attachment":[{"href":"https:\/\/blogs.correiobraziliense.com.br\/lianasabo\/wp-json\/wp\/v2\/media?parent=10037"}],"wp:term":[{"taxonomy":"category","embeddable":true,"href":"https:\/\/blogs.correiobraziliense.com.br\/lianasabo\/wp-json\/wp\/v2\/categories?post=10037"},{"taxonomy":"post_tag","embeddable":true,"href":"https:\/\/blogs.correiobraziliense.com.br\/lianasabo\/wp-json\/wp\/v2\/tags?post=10037"}],"curies":[{"name":"wp","href":"https:\/\/api.w.org\/{rel}","templated":true}]}}