{"id":10013,"date":"2025-10-13T08:36:42","date_gmt":"2025-10-13T11:36:42","guid":{"rendered":"https:\/\/blogs.correiobraziliense.com.br\/lianasabo\/?p=10013"},"modified":"2025-10-13T11:49:27","modified_gmt":"2025-10-13T14:49:27","slug":"franca-chile-e-italia-lancam-rotulos-neste-mes-em-brasilia","status":"publish","type":"post","link":"https:\/\/blogs.correiobraziliense.com.br\/lianasabo\/franca-chile-e-italia-lancam-rotulos-neste-mes-em-brasilia\/","title":{"rendered":"Fran\u00e7a, Chile e It\u00e1lia lan\u00e7am r\u00f3tulos neste m\u00eas em Bras\u00edlia"},"content":{"rendered":"<p>Em um m\u00eas em que Bras\u00edlia se torna ponto de encontro para en\u00f3filos e diplomatas, vinhos da Fran\u00e7a, Chile e It\u00e1lia ganham protagonismo em lan\u00e7amentos, feiras e jantares harmonizados que celebram cultura, tradi\u00e7\u00e3o e sabor. Os 200 anos de rela\u00e7\u00f5es diplom\u00e1ticas com a Fran\u00e7a resultaram no evento Foire aux Vins e em mais de 300 atra\u00e7\u00f5es culturais at\u00e9 dezembro, j\u00e1 o Chile apresenta seus r\u00f3tulos em degusta\u00e7\u00e3o \u00e0 beira do Lago Parano\u00e1, e a It\u00e1lia retorna com os espumantes e licores da Bottega, apresentados em jantar especial no Le Vin.<\/p>\n<p><strong>Tradi\u00e7\u00e3o milenar<\/strong><\/p>\n<figure id=\"attachment_10021\" aria-describedby=\"caption-attachment-10021\" style=\"width: 170px\" class=\"wp-caption alignleft\"><a href=\"https:\/\/blogs.correiobraziliense.com.br\/lianasabo\/wp-content\/uploads\/sites\/25\/2025\/10\/IMG-20251013-WA0008.jpg\"><img loading=\"lazy\" decoding=\"async\" class=\"size-medium wp-image-10021\" src=\"https:\/\/blogs.correiobraziliense.com.br\/lianasabo\/wp-content\/uploads\/sites\/25\/2025\/10\/IMG-20251013-WA0008-170x300.jpg\" alt=\"\" width=\"170\" height=\"300\" srcset=\"https:\/\/blogs.correiobraziliense.com.br\/lianasabo\/wp-content\/uploads\/sites\/25\/2025\/10\/IMG-20251013-WA0008-170x300.jpg 170w, https:\/\/blogs.correiobraziliense.com.br\/lianasabo\/wp-content\/uploads\/sites\/25\/2025\/10\/IMG-20251013-WA0008.jpg 581w, https:\/\/blogs.correiobraziliense.com.br\/lianasabo\/wp-content\/uploads\/sites\/25\/2025\/10\/IMG-20251013-WA0008-550x970.jpg 550w, https:\/\/blogs.correiobraziliense.com.br\/lianasabo\/wp-content\/uploads\/sites\/25\/2025\/10\/IMG-20251013-WA0008-230x406.jpg 230w\" sizes=\"auto, (max-width: 170px) 100vw, 170px\" \/><\/a><figcaption id=\"caption-attachment-10021\" class=\"wp-caption-text\">Cr\u00e9dito: Liana Sabo\/CB\/D.A Press.\u00a0Embaixador da Fran\u00e7a Emmanuel Lenain<\/figcaption><\/figure>\n<p>Brasil e Fran\u00e7a comemoram 200 anos de rela\u00e7\u00f5es diplom\u00e1ticas este ano com rica programa\u00e7\u00e3o cultural al\u00e9m da celebra\u00e7\u00e3o do vinho, \u201ctradi\u00e7\u00e3o milenar francesa\u201d nas palavras do embaixador Emmanuel Lenain, durante recep\u00e7\u00e3o a 23 produtores franceses trazidos pela Chez France, que promoveu uma feira em quatro cidades brasileiras, al\u00e9m da capital federal.<\/p>\n<p>\u201cAt\u00e9 dezembro teremos mais de 300 eventos aqui em Bras\u00edlia e em outras cidades, como S\u00e3o Paulo, Rio de Janeiro, Belo Horizonte e Salvador, mas a arte que celebramos hoje \u00e9 a do vinho\u201d, proclamou o diplomata franc\u00eas, lembrando que a bebida \u00e9 cultura, arte, hist\u00f3ria e savoir-faire.<\/p>\n<p>Desejando que \u201co vinho seja um elo a mais entre os dois pa\u00edses\u201d, o embaixador da Fran\u00e7a ressaltou a iniciativa do empres\u00e1rio franc\u00eas Philippe Ormancey na realiza\u00e7\u00e3o da <strong>Foire aux Vins<\/strong>. Prevista para come\u00e7ar \u00e0s 18h da \u00faltima quarta-feira, a feira s\u00f3 come\u00e7ou duas horas mais tarde no Espa\u00e7o Alvorada devido ao atraso do caminh\u00e3o que trouxe os vinhos franceses para Bras\u00edlia. Um dos destaques foi o champanhe Vollereaux, que pode ser encontrado na Rota do Vinho por R$ 349.<\/p>\n<p><strong>F\u00e1cil de beber<\/strong><\/p>\n<p>\u00c9 uma das caracter\u00edsticas do vinho chileno <strong>Quereu<\/strong> mais destacadas pelo en\u00f3logo Sergio Reyes, propriet\u00e1rio da Fox Wines, que apresentou quatro r\u00f3tulos harmonizados com a alta gastronomia do chef Pedro Moreira, comandante do Ocean, restaurante debru\u00e7ado sobre as \u00e1guas do Parano\u00e1 na Vila N\u00e1utica.<\/p>\n<p>Al\u00e9m do espumante brut ros\u00e9 feito pelo m\u00e9todo charmat que, como todos os outros r\u00f3tulos, estampa o desenho do quereu, que na l\u00edngua mapuche designa uma ave t\u00edpica da regi\u00e3o, tr\u00eas tintos se destacaram: Merlot (R$ 69), Reserva Pinot Noir (R$ 110), que escoltou confit de pato ao molho de laranja e polenta trufada, e o Quereu Cabernet Sauvignon, edi\u00e7\u00e3o limitada por R$ 150.<\/p>\n<p><strong>Entrega em casa<\/strong><\/p>\n<figure id=\"attachment_10019\" aria-describedby=\"caption-attachment-10019\" style=\"width: 200px\" class=\"wp-caption alignright\"><a href=\"https:\/\/blogs.correiobraziliense.com.br\/lianasabo\/wp-content\/uploads\/sites\/25\/2025\/10\/WhatsApp-Image-2025-10-12-at-23.51.18.jpeg\"><img loading=\"lazy\" decoding=\"async\" class=\"size-medium wp-image-10019\" src=\"https:\/\/blogs.correiobraziliense.com.br\/lianasabo\/wp-content\/uploads\/sites\/25\/2025\/10\/WhatsApp-Image-2025-10-12-at-23.51.18-200x300.jpeg\" alt=\"\" width=\"200\" height=\"300\" srcset=\"https:\/\/blogs.correiobraziliense.com.br\/lianasabo\/wp-content\/uploads\/sites\/25\/2025\/10\/WhatsApp-Image-2025-10-12-at-23.51.18-200x300.jpeg 200w, https:\/\/blogs.correiobraziliense.com.br\/lianasabo\/wp-content\/uploads\/sites\/25\/2025\/10\/WhatsApp-Image-2025-10-12-at-23.51.18-768x1153.jpeg 768w, https:\/\/blogs.correiobraziliense.com.br\/lianasabo\/wp-content\/uploads\/sites\/25\/2025\/10\/WhatsApp-Image-2025-10-12-at-23.51.18-682x1024.jpeg 682w, https:\/\/blogs.correiobraziliense.com.br\/lianasabo\/wp-content\/uploads\/sites\/25\/2025\/10\/WhatsApp-Image-2025-10-12-at-23.51.18.jpeg 800w, https:\/\/blogs.correiobraziliense.com.br\/lianasabo\/wp-content\/uploads\/sites\/25\/2025\/10\/WhatsApp-Image-2025-10-12-at-23.51.18-550x826.jpeg 550w, https:\/\/blogs.correiobraziliense.com.br\/lianasabo\/wp-content\/uploads\/sites\/25\/2025\/10\/WhatsApp-Image-2025-10-12-at-23.51.18-230x345.jpeg 230w\" sizes=\"auto, (max-width: 200px) 100vw, 200px\" \/><\/a><figcaption id=\"caption-attachment-10019\" class=\"wp-caption-text\">Quatro s\u00f3cios da distribuidora de vinhos SA, que acabam de lan\u00e7ar site para consumidor final<\/figcaption><\/figure>\n<p>Todos os vinhos est\u00e3o dispon\u00edveis na Vinhos S.A. distribuidora que acaba de abrir as portas de seu variad\u00edssimo portf\u00f3lio \u2013 400 r\u00f3tulos de 15 pa\u00edses do Velho e do Novo Mundo \u2013 para o consumidor final. \u201cNossos vinhos s\u00e3o fruto de uma sele\u00e7\u00e3o criteriosa e n\u00e3o est\u00e3o dispon\u00edveis nem em supermercados nem em lojas que atendem pessoas f\u00edsicas. S\u00e3o exclusivamente destinados a atender pessoas jur\u00eddicas, agora com nosso e-commerce, esses vinhos poder\u00e3o ser adquiridos por meio de nosso site\u201d, explica Alexandre Azevedo, um dos quatro s\u00f3cios.<\/p>\n<p>Ant\u00f4nio Carvalho, Ivone Carvalho, Evandro Alves, al\u00e9m de Alexandre Azevedo, v\u00e3o promover quinta-feira, dia 23 de outubro, a segunda edi\u00e7\u00e3o do <strong>Deguste<\/strong>, evento que apresenta mais de 100 r\u00f3tulos de vinhos espumantes, brancos e tintos, acompanhados de um buf\u00ea de frios e m\u00fasica de DJ no Gran Bier, Pont\u00e3o do Lago Sul, no hor\u00e1rio de 19h \u00e0s 22h. H\u00e1 uma limita\u00e7\u00e3o de ingressos por R$ 200 pelo zap 99672-1698.<\/p>\n<p><strong>Espumante italiano<\/strong><\/p>\n<figure id=\"attachment_10018\" aria-describedby=\"caption-attachment-10018\" style=\"width: 210px\" class=\"wp-caption alignleft\"><a href=\"https:\/\/blogs.correiobraziliense.com.br\/lianasabo\/wp-content\/uploads\/sites\/25\/2025\/10\/WhatsApp-Image-2025-10-12-at-22.03.07.jpeg\"><img loading=\"lazy\" decoding=\"async\" class=\"size-medium wp-image-10018\" src=\"https:\/\/blogs.correiobraziliense.com.br\/lianasabo\/wp-content\/uploads\/sites\/25\/2025\/10\/WhatsApp-Image-2025-10-12-at-22.03.07-210x300.jpeg\" alt=\"\" width=\"210\" height=\"300\" srcset=\"https:\/\/blogs.correiobraziliense.com.br\/lianasabo\/wp-content\/uploads\/sites\/25\/2025\/10\/WhatsApp-Image-2025-10-12-at-22.03.07-210x300.jpeg 210w, https:\/\/blogs.correiobraziliense.com.br\/lianasabo\/wp-content\/uploads\/sites\/25\/2025\/10\/WhatsApp-Image-2025-10-12-at-22.03.07-768x1098.jpeg 768w, https:\/\/blogs.correiobraziliense.com.br\/lianasabo\/wp-content\/uploads\/sites\/25\/2025\/10\/WhatsApp-Image-2025-10-12-at-22.03.07-716x1024.jpeg 716w, https:\/\/blogs.correiobraziliense.com.br\/lianasabo\/wp-content\/uploads\/sites\/25\/2025\/10\/WhatsApp-Image-2025-10-12-at-22.03.07.jpeg 800w, https:\/\/blogs.correiobraziliense.com.br\/lianasabo\/wp-content\/uploads\/sites\/25\/2025\/10\/WhatsApp-Image-2025-10-12-at-22.03.07-550x787.jpeg 550w, https:\/\/blogs.correiobraziliense.com.br\/lianasabo\/wp-content\/uploads\/sites\/25\/2025\/10\/WhatsApp-Image-2025-10-12-at-22.03.07-230x329.jpeg 230w\" sizes=\"auto, (max-width: 210px) 100vw, 210px\" \/><\/a><figcaption id=\"caption-attachment-10018\" class=\"wp-caption-text\">Daniel Pacheli, embaixador da Bottega no Brasil<\/figcaption><\/figure>\n<p>Depois do estrondoso sucesso do <strong>Vini D`Italia<\/strong>, que serviu a rodo Barolos, Bunellos e Barbarescos na sede da miss\u00e3o diplom\u00e1tica, goles italianos voltam com for\u00e7a \u00e0 cidade trazidos pela importadora Porto a Porto. Desta vez vir\u00e3o espumantes e licores da Bottega, uma das mais prestigiadas vin\u00edcolas italianas com sede em Treviso h\u00e1 mais de quatro s\u00e9culos de hist\u00f3ria.<\/p>\n<p>Eles ser\u00e3o apresentados pelo especialista Daniel Pacheli, embaixador da Bottega no Brasil, que conduzir\u00e1 a experi\u00eancia durante jantar quinta-feira dia 15, \u00e0s 19h30, no restaurante Le Vin, instalado na 402 Sul. Caber\u00e1 ao sommelier da importadora Francisco Chaves harmonizar os r\u00f3tulos com o menu franco-italiano, que vai da salada caprese ao clafoutis de frutas vermelhas, passando por ravi\u00f3li recheado de pato com laranja harmonizado com Gold Prosecco DOC. Pre\u00e7o: R$ 260.<\/p>\n","protected":false},"excerpt":{"rendered":"<p>Em um m\u00eas em que Bras\u00edlia se torna ponto de encontro para en\u00f3filos e diplomatas, vinhos da Fran\u00e7a, Chile e It\u00e1lia ganham protagonismo em lan\u00e7amentos, feiras e jantares harmonizados que celebram cultura, tradi\u00e7\u00e3o e sabor. Os 200 anos de rela\u00e7\u00f5es diplom\u00e1ticas com a Fran\u00e7a resultaram no evento Foire aux Vins e em mais de 300 atra\u00e7\u00f5es culturais at\u00e9 dezembro, j\u00e1 [&hellip;]<\/p>\n","protected":false},"author":54,"featured_media":10015,"comment_status":"open","ping_status":"open","sticky":false,"template":"","format":"standard","meta":{"footnotes":""},"categories":[222],"tags":[87,448,425],"class_list":["post-10013","post","type-post","status-publish","format-standard","has-post-thumbnail","hentry","category-vinhos","tag-espumante","tag-feira","tag-vinhos"],"_links":{"self":[{"href":"https:\/\/blogs.correiobraziliense.com.br\/lianasabo\/wp-json\/wp\/v2\/posts\/10013","targetHints":{"allow":["GET"]}}],"collection":[{"href":"https:\/\/blogs.correiobraziliense.com.br\/lianasabo\/wp-json\/wp\/v2\/posts"}],"about":[{"href":"https:\/\/blogs.correiobraziliense.com.br\/lianasabo\/wp-json\/wp\/v2\/types\/post"}],"author":[{"embeddable":true,"href":"https:\/\/blogs.correiobraziliense.com.br\/lianasabo\/wp-json\/wp\/v2\/users\/54"}],"replies":[{"embeddable":true,"href":"https:\/\/blogs.correiobraziliense.com.br\/lianasabo\/wp-json\/wp\/v2\/comments?post=10013"}],"version-history":[{"count":5,"href":"https:\/\/blogs.correiobraziliense.com.br\/lianasabo\/wp-json\/wp\/v2\/posts\/10013\/revisions"}],"predecessor-version":[{"id":10023,"href":"https:\/\/blogs.correiobraziliense.com.br\/lianasabo\/wp-json\/wp\/v2\/posts\/10013\/revisions\/10023"}],"wp:featuredmedia":[{"embeddable":true,"href":"https:\/\/blogs.correiobraziliense.com.br\/lianasabo\/wp-json\/wp\/v2\/media\/10015"}],"wp:attachment":[{"href":"https:\/\/blogs.correiobraziliense.com.br\/lianasabo\/wp-json\/wp\/v2\/media?parent=10013"}],"wp:term":[{"taxonomy":"category","embeddable":true,"href":"https:\/\/blogs.correiobraziliense.com.br\/lianasabo\/wp-json\/wp\/v2\/categories?post=10013"},{"taxonomy":"post_tag","embeddable":true,"href":"https:\/\/blogs.correiobraziliense.com.br\/lianasabo\/wp-json\/wp\/v2\/tags?post=10013"}],"curies":[{"name":"wp","href":"https:\/\/api.w.org\/{rel}","templated":true}]}}