{"id":10001,"date":"2025-10-09T17:12:47","date_gmt":"2025-10-09T20:12:47","guid":{"rendered":"https:\/\/blogs.correiobraziliense.com.br\/lianasabo\/?p=10001"},"modified":"2025-10-09T17:12:47","modified_gmt":"2025-10-09T20:12:47","slug":"feira-panela-candanga-celebra-o-dia-das-criancas-com-sabores-afetivos-e-diversao-no-casapark","status":"publish","type":"post","link":"https:\/\/blogs.correiobraziliense.com.br\/lianasabo\/feira-panela-candanga-celebra-o-dia-das-criancas-com-sabores-afetivos-e-diversao-no-casapark\/","title":{"rendered":"Feira Panela Candanga celebra o Dia das Crian\u00e7as com sabores afetivos e divers\u00e3o no Casapark"},"content":{"rendered":"<p>A tradicional Feira Panela Candanga promove, entre\u00a0quinta-feira (9\/10) e domingo (12\/10), um edi\u00e7\u00e3o especial comemorativa do Dia das Crian\u00e7as, com programa\u00e7\u00e3o para toda a fam\u00edlia. Conhecido por valorizar os pequenos produtores, o evento reunir\u00e1 mais de 30 expositores com receitas e ingredientes artesanais,\u00a0 que v\u00e3o do doce da ro\u00e7a \u00e0s guloseimas contempor\u00e2neas, e atividades l\u00fadicas, como as aulas-show e o espet\u00e1culo M\u00e1gica na Feira.<\/p>\n<figure id=\"attachment_10003\" aria-describedby=\"caption-attachment-10003\" style=\"width: 200px\" class=\"wp-caption alignleft\"><a href=\"https:\/\/blogs.correiobraziliense.com.br\/lianasabo\/wp-content\/uploads\/sites\/25\/2025\/10\/IMG_9568.jpg\"><img loading=\"lazy\" decoding=\"async\" class=\"size-medium wp-image-10003\" src=\"https:\/\/blogs.correiobraziliense.com.br\/lianasabo\/wp-content\/uploads\/sites\/25\/2025\/10\/IMG_9568-200x300.jpg\" alt=\"\" width=\"200\" height=\"300\" srcset=\"https:\/\/blogs.correiobraziliense.com.br\/lianasabo\/wp-content\/uploads\/sites\/25\/2025\/10\/IMG_9568-200x300.jpg 200w, https:\/\/blogs.correiobraziliense.com.br\/lianasabo\/wp-content\/uploads\/sites\/25\/2025\/10\/IMG_9568-768x1152.jpg 768w, https:\/\/blogs.correiobraziliense.com.br\/lianasabo\/wp-content\/uploads\/sites\/25\/2025\/10\/IMG_9568.jpg 683w, https:\/\/blogs.correiobraziliense.com.br\/lianasabo\/wp-content\/uploads\/sites\/25\/2025\/10\/IMG_9568-800x1200.jpg 800w, https:\/\/blogs.correiobraziliense.com.br\/lianasabo\/wp-content\/uploads\/sites\/25\/2025\/10\/IMG_9568-550x825.jpg 550w, https:\/\/blogs.correiobraziliense.com.br\/lianasabo\/wp-content\/uploads\/sites\/25\/2025\/10\/IMG_9568-230x345.jpg 230w\" sizes=\"auto, (max-width: 200px) 100vw, 200px\" \/><\/a><figcaption id=\"caption-attachment-10003\" class=\"wp-caption-text\">Cr\u00e9dito: Casapark\/Divulga\u00e7\u00e3o<\/figcaption><\/figure>\n<p>Entre os produtos confirmados queijos, p\u00e3es de fermenta\u00e7\u00e3o natural, chocolates finos, antepastos, azeites, bolos, ch\u00e1s, pipocas gourmet, massas artesanais, vinhos, cervejas, gins, caf\u00e9s e diversas op\u00e7\u00f5es para cel\u00edacos, vegetarianos e veganos. Entre as atra\u00e7\u00f5es paralelas, est\u00e3o a oficina infantil\u00a0\u201cMini Cake &#8211; Decorar &amp; Encantar\u201d, da Sarah&#8217;s Bakery, voltada a crian\u00e7as de 5 a 10 anos. Em duas turmas no s\u00e1bado, \u00e0s 15h e \u00e0s 16h, os pequenos confeiteiros aprender\u00e3o t\u00e9cnicas simples de decora\u00e7\u00e3o e confeitaria, usando chantilly colorido, confeitos e toppers, e poder\u00e3o levar para casa o bolo feito por eles mesmos. J\u00e1 no domingo (12), \u00e0s 16h, o m\u00e1gico\u00a0Tio Andr\u00e9 encerra o fim de semana com o espet\u00e1culo \u201cM\u00e1gica na Feira\u201d, com um show leve e divertido que promete arrancar sorrisos de crian\u00e7as e adultos.<\/p>\n<p><strong>SERVI\u00c7O<\/strong><br \/>\n<strong>Feira Panela Candanga \u2013 Edi\u00e7\u00e3o Especial Dia das Crian\u00e7as<\/strong><br \/>\n<strong>Data:<\/strong> 9 a 12 de outubro. Quinta a s\u00e1bado, das 12h \u00e0s 22h; e domingo, das 12h \u00e0s 20h<br \/>\n<strong>Local:<\/strong> Pra\u00e7a Central do Casapark (SGCV Sul, 22, Park Sul)<br \/>\n<strong>Entrada:<\/strong> Gratuita<br \/>\n<strong>Inscri\u00e7\u00f5es para atividades:<\/strong> <a href=\"https:\/\/www.sympla.com.br\/evento\/21-feira-panela-candanga-especial-dia-das-criancas\/3150344\">Sympla<\/a><\/p>\n","protected":false},"excerpt":{"rendered":"<p>A tradicional Feira Panela Candanga promove, entre\u00a0quinta-feira (9\/10) e domingo (12\/10), um edi\u00e7\u00e3o especial comemorativa do Dia das Crian\u00e7as, com programa\u00e7\u00e3o para toda a fam\u00edlia. Conhecido por valorizar os pequenos produtores, o evento reunir\u00e1 mais de 30 expositores com receitas e ingredientes artesanais,\u00a0 que v\u00e3o do doce da ro\u00e7a \u00e0s guloseimas contempor\u00e2neas, e atividades l\u00fadicas, como as aulas-show e o [&hellip;]<\/p>\n","protected":false},"author":54,"featured_media":10002,"comment_status":"open","ping_status":"open","sticky":false,"template":"","format":"standard","meta":{"footnotes":""},"categories":[1319],"tags":[612,1187],"class_list":["post-10001","post","type-post","status-publish","format-standard","has-post-thumbnail","hentry","category-feira","tag-dia-das-criancas","tag-feira-panela-candanga"],"_links":{"self":[{"href":"https:\/\/blogs.correiobraziliense.com.br\/lianasabo\/wp-json\/wp\/v2\/posts\/10001","targetHints":{"allow":["GET"]}}],"collection":[{"href":"https:\/\/blogs.correiobraziliense.com.br\/lianasabo\/wp-json\/wp\/v2\/posts"}],"about":[{"href":"https:\/\/blogs.correiobraziliense.com.br\/lianasabo\/wp-json\/wp\/v2\/types\/post"}],"author":[{"embeddable":true,"href":"https:\/\/blogs.correiobraziliense.com.br\/lianasabo\/wp-json\/wp\/v2\/users\/54"}],"replies":[{"embeddable":true,"href":"https:\/\/blogs.correiobraziliense.com.br\/lianasabo\/wp-json\/wp\/v2\/comments?post=10001"}],"version-history":[{"count":1,"href":"https:\/\/blogs.correiobraziliense.com.br\/lianasabo\/wp-json\/wp\/v2\/posts\/10001\/revisions"}],"predecessor-version":[{"id":10004,"href":"https:\/\/blogs.correiobraziliense.com.br\/lianasabo\/wp-json\/wp\/v2\/posts\/10001\/revisions\/10004"}],"wp:featuredmedia":[{"embeddable":true,"href":"https:\/\/blogs.correiobraziliense.com.br\/lianasabo\/wp-json\/wp\/v2\/media\/10002"}],"wp:attachment":[{"href":"https:\/\/blogs.correiobraziliense.com.br\/lianasabo\/wp-json\/wp\/v2\/media?parent=10001"}],"wp:term":[{"taxonomy":"category","embeddable":true,"href":"https:\/\/blogs.correiobraziliense.com.br\/lianasabo\/wp-json\/wp\/v2\/categories?post=10001"},{"taxonomy":"post_tag","embeddable":true,"href":"https:\/\/blogs.correiobraziliense.com.br\/lianasabo\/wp-json\/wp\/v2\/tags?post=10001"}],"curies":[{"name":"wp","href":"https:\/\/api.w.org\/{rel}","templated":true}]}}