{"id":872,"date":"2024-01-26T16:05:21","date_gmt":"2024-01-26T19:05:21","guid":{"rendered":"https:\/\/blogs.correiobraziliense.com.br\/leiodetudo\/?p=872"},"modified":"2024-01-26T16:08:58","modified_gmt":"2024-01-26T19:08:58","slug":"lancamentos-livros-literatura","status":"publish","type":"post","link":"https:\/\/blogs.correiobraziliense.com.br\/leiodetudo\/lancamentos-livros-literatura\/","title":{"rendered":"Confira uma sele\u00e7\u00e3o do blog com lan\u00e7amentos recentes que valem a leitura"},"content":{"rendered":"<h2><a href=\"https:\/\/blogs.correiobraziliense.com.br\/leiodetudo\/wp-content\/uploads\/sites\/37\/2024\/01\/estela-a-esta-hora-mockup3d.png\"><img loading=\"lazy\" decoding=\"async\" class=\"alignleft size-thumbnail wp-image-882\" src=\"https:\/\/blogs.correiobraziliense.com.br\/leiodetudo\/wp-content\/uploads\/sites\/37\/2024\/01\/estela-a-esta-hora-mockup3d-150x150.png\" alt=\"\" width=\"150\" height=\"150\" \/><\/a><\/h2>\n<h2><span style=\"font-weight: 400\">Estela a esta hora<\/span><\/h2>\n<p><span style=\"font-weight: 400\">De Nat\u00e1lia Zuccala. Todavia, 176 p\u00e1ginas. R$ 69,90<\/span><\/p>\n<p><span style=\"font-weight: 400\">Uma estudante de medicina \u00e9 a protagonista deste romance que reflete sobre a forma\u00e7\u00e3o dos m\u00e9dicos em um ambiente no qual o paciente \u00e9, muitas vezes, um detalhe e as disputas de poder evidenciam uma desumaniza\u00e7\u00e3o nem sempre incomum. Dramaturga e professora, a autora foi finalista do Pr\u00eamio S\u00e3o Paulo de Literatura com o romance<em> Cheia<\/em>.\u00a0<\/span><\/p>\n<p>&nbsp;<\/p>\n<h2><span style=\"font-weight: 400\"><a href=\"https:\/\/blogs.correiobraziliense.com.br\/leiodetudo\/wp-content\/uploads\/sites\/37\/2024\/01\/mau-habito.jpg\"><img loading=\"lazy\" decoding=\"async\" class=\"alignright size-thumbnail wp-image-881\" src=\"https:\/\/blogs.correiobraziliense.com.br\/leiodetudo\/wp-content\/uploads\/sites\/37\/2024\/01\/mau-habito-150x150.jpg\" alt=\"\" width=\"150\" height=\"150\" \/><\/a>Mau h\u00e1bito<\/span><\/h2>\n<p><span style=\"font-weight: 400\">De Alana S. Portero. Amarcord, 288 p\u00e1ginas. R4 64,90<\/span><\/p>\n<p><span style=\"font-weight: 400\">Novo selo da editora Record dedicado a \u201cnarrativas incomuns\u201d, Amarcord estreia com um romance que atraiu a curiosidade das editoras na Feira de Frankfurt. Mulher trans nascida em bairro oper\u00e1rio de Madri, dramaturga queridinha de Pedro Almod\u00f3var, a autora estreia com um romance sobre a identidade de pessoas trans e a adversidade enfrentada por aqueles que resolvem lutar pelo reconhecimento.\u00a0<\/span><\/p>\n<p>&nbsp;<\/p>\n<h2><span style=\"font-weight: 400\"><a href=\"https:\/\/blogs.correiobraziliense.com.br\/leiodetudo\/wp-content\/uploads\/sites\/37\/2024\/01\/a-exposi\u00e7\u00e3o.png\"><img loading=\"lazy\" decoding=\"async\" class=\"alignleft size-thumbnail wp-image-880\" src=\"https:\/\/blogs.correiobraziliense.com.br\/leiodetudo\/wp-content\/uploads\/sites\/37\/2024\/01\/a-exposi\u00e7\u00e3o-150x150.png\" alt=\"\" width=\"150\" height=\"150\" srcset=\"https:\/\/blogs.correiobraziliense.com.br\/leiodetudo\/wp-content\/uploads\/sites\/37\/2024\/01\/a-exposi\u00e7\u00e3o-150x150.png 150w, https:\/\/blogs.correiobraziliense.com.br\/leiodetudo\/wp-content\/uploads\/sites\/37\/2024\/01\/a-exposi\u00e7\u00e3o-300x300.png 300w, https:\/\/blogs.correiobraziliense.com.br\/leiodetudo\/wp-content\/uploads\/sites\/37\/2024\/01\/a-exposi\u00e7\u00e3o-230x230.png 230w, https:\/\/blogs.correiobraziliense.com.br\/leiodetudo\/wp-content\/uploads\/sites\/37\/2024\/01\/a-exposi\u00e7\u00e3o.png 525w\" sizes=\"auto, (max-width: 150px) 100vw, 150px\" \/><\/a>A exposi\u00e7\u00e3o<\/span><\/h2>\n<p><span style=\"font-weight: 400\">De Nathalie L\u00e9ger. Tradu\u00e7\u00e3o: Let\u00edcia Mei. DBA, 120 p\u00e1ginas. R$ 62,90<\/span><\/p>\n<p><span style=\"font-weight: 400\">Uma das pessoas mais fotografadas do s\u00e9culo 19, a condessa de Castiglione \u00e9 a personagem investigada pela autora\u00a0 em um misto de ensaio, biografia e romance que joga luz sobre uma das figuras mais badaladas da belle \u00e9poque.\u00a0<\/span><\/p>\n<p>&nbsp;<\/p>\n<h2><span style=\"font-weight: 400\"><a href=\"https:\/\/blogs.correiobraziliense.com.br\/leiodetudo\/wp-content\/uploads\/sites\/37\/2024\/01\/pagu.jpg\"><img loading=\"lazy\" decoding=\"async\" class=\"alignright size-thumbnail wp-image-879\" src=\"https:\/\/blogs.correiobraziliense.com.br\/leiodetudo\/wp-content\/uploads\/sites\/37\/2024\/01\/pagu-150x150.jpg\" alt=\"\" width=\"150\" height=\"150\" \/><\/a>Patr\u00edcia Galv\u00e3o \u2014 Pagu, militante irredut\u00edvel<\/span><\/h2>\n<p><span style=\"font-weight: 400\">De Maria Val\u00e9ria Rezende. Cole\u00e7\u00e3o Brasileiras, 160 p\u00e1ginas. R$ 44,90<\/span><\/p>\n<p><span style=\"font-weight: 400\">Segundo volume da Cole\u00e7\u00e3o Brasileiras, esse perfil biogr\u00e1fico tem tamb\u00e9m um tom de mem\u00f3rias, j\u00e1 que a autora e a retratada foram amigas. \u00c9 a partir desse olhar de muita proximidade e conviv\u00eancia que Maria Val\u00e9ria Rezende narra a trajet\u00f3ria de Pagu.\u00a0<\/span><\/p>\n<p>&nbsp;<\/p>\n<h2><span style=\"font-weight: 400\"><a href=\"https:\/\/blogs.correiobraziliense.com.br\/leiodetudo\/wp-content\/uploads\/sites\/37\/2024\/01\/sumario-plantas-oficiosas_SITE-BAIXA.jpg-1.png\"><img loading=\"lazy\" decoding=\"async\" class=\"alignleft size-thumbnail wp-image-883\" src=\"https:\/\/blogs.correiobraziliense.com.br\/leiodetudo\/wp-content\/uploads\/sites\/37\/2024\/01\/sumario-plantas-oficiosas_SITE-BAIXA.jpg-1-150x150.png\" alt=\"\" width=\"150\" height=\"150\" srcset=\"https:\/\/blogs.correiobraziliense.com.br\/leiodetudo\/wp-content\/uploads\/sites\/37\/2024\/01\/sumario-plantas-oficiosas_SITE-BAIXA.jpg-1-150x150.png 150w, https:\/\/blogs.correiobraziliense.com.br\/leiodetudo\/wp-content\/uploads\/sites\/37\/2024\/01\/sumario-plantas-oficiosas_SITE-BAIXA.jpg-1-300x300.png 300w, https:\/\/blogs.correiobraziliense.com.br\/leiodetudo\/wp-content\/uploads\/sites\/37\/2024\/01\/sumario-plantas-oficiosas_SITE-BAIXA.jpg-1-768x768.png 768w, https:\/\/blogs.correiobraziliense.com.br\/leiodetudo\/wp-content\/uploads\/sites\/37\/2024\/01\/sumario-plantas-oficiosas_SITE-BAIXA.jpg-1-800x800.png 800w, https:\/\/blogs.correiobraziliense.com.br\/leiodetudo\/wp-content\/uploads\/sites\/37\/2024\/01\/sumario-plantas-oficiosas_SITE-BAIXA.jpg-1-550x550.png 550w, https:\/\/blogs.correiobraziliense.com.br\/leiodetudo\/wp-content\/uploads\/sites\/37\/2024\/01\/sumario-plantas-oficiosas_SITE-BAIXA.jpg-1-230x230.png 230w, https:\/\/blogs.correiobraziliense.com.br\/leiodetudo\/wp-content\/uploads\/sites\/37\/2024\/01\/sumario-plantas-oficiosas_SITE-BAIXA.jpg-1.png 1000w\" sizes=\"auto, (max-width: 150px) 100vw, 150px\" \/><\/a>Sum\u00e1rio de plantas oficiosas \u2014 Um ensaio sobre a mem\u00f3ria da flora<\/span><\/h2>\n<p><span style=\"font-weight: 400\">De Efr\u00e9n Grialdo. Tradu\u00e7\u00e3o: Silvia Massimini Felix. Fosforo, 208 p\u00e1ginas. R$ 89,90<\/span><\/p>\n<p><span style=\"font-weight: 400\">Mescla de viv\u00eancias pessoais, coment\u00e1rios liter\u00e1rios, an\u00e1lise social e reflex\u00e3o sobre o poder e o lugar das plantas na vida em sociedade, o livro do autor colombiano foi vencedor do pr\u00eamio de n\u00e3o fic\u00e7\u00e3o Latinoamerica Independiente de 2022 e deve ser publicado em nove pa\u00edses.\u00a0<\/span><\/p>\n<p>&nbsp;<\/p>\n<h2><span style=\"font-weight: 400\"><a href=\"https:\/\/blogs.correiobraziliense.com.br\/leiodetudo\/wp-content\/uploads\/sites\/37\/2024\/01\/joaquim-de-almeida.jpg\"><img loading=\"lazy\" decoding=\"async\" class=\"alignright size-thumbnail wp-image-887\" src=\"https:\/\/blogs.correiobraziliense.com.br\/leiodetudo\/wp-content\/uploads\/sites\/37\/2024\/01\/joaquim-de-almeida-150x150.jpg\" alt=\"\" width=\"150\" height=\"150\" \/><\/a>Joaquim de Almeida \u2014 A hist\u00f3ria do africano traficado que se tornou traficante de africanos<\/span><\/h2>\n<p><span style=\"font-weight: 400\">De Luis Nicolau Par\u00e9s. Companhia das Letras, 430 p\u00e1ginas. R$ 119,90<\/span><\/p>\n<p><span style=\"font-weight: 400\">Joaquim de Almeida fazia parte de um pequeno grupo de escravos libertos que experimentaram uma ascens\u00e3o social no in\u00edcio do s\u00e9culo 19. Ele retornou \u00e0 \u00c1frica levando toda a fam\u00edlia e, l\u00e1, explorou o com\u00e9rcio mais rent\u00e1vel de seu tempo, o tr\u00e1fico de escravos. A internaliza\u00e7\u00e3o de ideologia do opressor por parte do oprimido \u00e9 um dos temas tratados pelo\u00a0 autor nesse livro que conta a trajet\u00f3ria de Joaquim de Almeida.\u00a0<\/span><\/p>\n<p>&nbsp;<\/p>\n<h2><span style=\"font-weight: 400\"><a href=\"https:\/\/blogs.correiobraziliense.com.br\/leiodetudo\/wp-content\/uploads\/sites\/37\/2024\/01\/era-apenas-um-presente-para-meu-irmao.png\"><img loading=\"lazy\" decoding=\"async\" class=\"alignleft size-thumbnail wp-image-884\" src=\"https:\/\/blogs.correiobraziliense.com.br\/leiodetudo\/wp-content\/uploads\/sites\/37\/2024\/01\/era-apenas-um-presente-para-meu-irmao-150x150.png\" alt=\"\" width=\"150\" height=\"150\" \/><\/a>Era apenas um presente para o meu irm\u00e3o \u2014 A barb\u00e1rie de Queimadas<\/span><\/h2>\n<p><span style=\"font-weight: 400\">De Bruno Ribeiro. Todavia, 262 p\u00e1ginas. R$ 74,90<\/span><\/p>\n<p><span style=\"font-weight: 400\">Tradutor e roteirista, Bruno Ribeiro entrevistou mais de cem pessoas para reconstituir a viol\u00eancia desse epis\u00f3dio de estupro coletivo e assassinato ocorrido no interior da Para\u00edba. Em 2012, um homem organiza uma festa de anivers\u00e1rio para o irm\u00e3o e convida as mulheres mais atraentes da cidade. O que se seguiu foi um show de horrores que Bruno Ribeiro narra ao mesmo tempo em que reflete sobre quest\u00f5es como aus\u00eancia do estado e impunidade.\u00a0<\/span><\/p>\n<p>&nbsp;<\/p>\n<h2><span style=\"font-weight: 400\"><a href=\"https:\/\/blogs.correiobraziliense.com.br\/leiodetudo\/wp-content\/uploads\/sites\/37\/2024\/01\/gilberto-braga.jpg\"><img loading=\"lazy\" decoding=\"async\" class=\"alignright size-thumbnail wp-image-886\" src=\"https:\/\/blogs.correiobraziliense.com.br\/leiodetudo\/wp-content\/uploads\/sites\/37\/2024\/01\/gilberto-braga-150x150.jpg\" alt=\"\" width=\"150\" height=\"150\" \/><\/a>Gilberto Braga \u2014 O Balzac da Globo<\/span><\/h2>\n<p><span style=\"font-weight: 400\">De Artur Xex\u00e9o e Mauricio Stycer. Intr\u00ednseca, 350 p\u00e1ginas. R$ 129,90<\/span><\/p>\n<p><span style=\"font-weight: 400\">Como nos romances de Honor\u00e9 de Balzac, dinheiro, ambi\u00e7\u00e3o e vingan\u00e7a eram os temas centrais das novelas de Gilberto Braga, que ganha nesta biografia um retrato afetuoso e cheio de hist\u00f3rias reveladoras colhidas e organizadas por dois jornalistas que, durante d\u00e9cadas, se propuseram a refletir e registrar a hist\u00f3ria da televis\u00e3o brasileira e de seus personagens.\u00a0<\/span><\/p>\n","protected":false},"excerpt":{"rendered":"<p>Romance, ci\u00eancia, hist\u00f3ria e contemporaneidade: o Leio de Tudo selecionou oito publica\u00e7\u00f5es recentes que merecem a leitura<\/p>\n","protected":false},"author":82,"featured_media":878,"comment_status":"open","ping_status":"open","sticky":false,"template":"","format":"standard","meta":{"footnotes":""},"categories":[177,40,266,286,255,122,189,218,123,22,1],"tags":[145,168,147],"class_list":["post-872","post","type-post","status-publish","format-standard","has-post-thumbnail","hentry","category-amor","category-biografia","category-ciencia","category-consciencia","category-drama","category-feminismo","category-lancamento","category-leitura","category-racismo","category-reportagem","category-sem-categoria","tag-lancamentos","tag-leitura","tag-livros"],"_links":{"self":[{"href":"https:\/\/blogs.correiobraziliense.com.br\/leiodetudo\/wp-json\/wp\/v2\/posts\/872","targetHints":{"allow":["GET"]}}],"collection":[{"href":"https:\/\/blogs.correiobraziliense.com.br\/leiodetudo\/wp-json\/wp\/v2\/posts"}],"about":[{"href":"https:\/\/blogs.correiobraziliense.com.br\/leiodetudo\/wp-json\/wp\/v2\/types\/post"}],"author":[{"embeddable":true,"href":"https:\/\/blogs.correiobraziliense.com.br\/leiodetudo\/wp-json\/wp\/v2\/users\/82"}],"replies":[{"embeddable":true,"href":"https:\/\/blogs.correiobraziliense.com.br\/leiodetudo\/wp-json\/wp\/v2\/comments?post=872"}],"version-history":[{"count":10,"href":"https:\/\/blogs.correiobraziliense.com.br\/leiodetudo\/wp-json\/wp\/v2\/posts\/872\/revisions"}],"predecessor-version":[{"id":894,"href":"https:\/\/blogs.correiobraziliense.com.br\/leiodetudo\/wp-json\/wp\/v2\/posts\/872\/revisions\/894"}],"wp:featuredmedia":[{"embeddable":true,"href":"https:\/\/blogs.correiobraziliense.com.br\/leiodetudo\/wp-json\/wp\/v2\/media\/878"}],"wp:attachment":[{"href":"https:\/\/blogs.correiobraziliense.com.br\/leiodetudo\/wp-json\/wp\/v2\/media?parent=872"}],"wp:term":[{"taxonomy":"category","embeddable":true,"href":"https:\/\/blogs.correiobraziliense.com.br\/leiodetudo\/wp-json\/wp\/v2\/categories?post=872"},{"taxonomy":"post_tag","embeddable":true,"href":"https:\/\/blogs.correiobraziliense.com.br\/leiodetudo\/wp-json\/wp\/v2\/tags?post=872"}],"curies":[{"name":"wp","href":"https:\/\/api.w.org\/{rel}","templated":true}]}}