{"id":829,"date":"2023-06-09T10:53:41","date_gmt":"2023-06-09T13:53:41","guid":{"rendered":"https:\/\/blogs.correiobraziliense.com.br\/leiodetudo\/?p=829"},"modified":"2023-06-09T10:53:41","modified_gmt":"2023-06-09T13:53:41","slug":"estante-confira-os-lancamentos-mais-recentes-do-mercado-editorial","status":"publish","type":"post","link":"https:\/\/blogs.correiobraziliense.com.br\/leiodetudo\/estante-confira-os-lancamentos-mais-recentes-do-mercado-editorial\/","title":{"rendered":"Estante: Confira os lan\u00e7amentos mais recentes do mercado editorial"},"content":{"rendered":"<h3><span style=\"font-weight: 400\">Um amor de filha<\/span><\/h3>\n<p><span style=\"font-weight: 400\">De Hanaide Kalaigian. Aut\u00eantica, 144 p\u00e1ginas. R$ 54,90<\/span><\/p>\n<p><span style=\"font-weight: 400\">Descendente de arm\u00eanios, Melin\u00e9 fez tudo conforme as tradi\u00e7\u00f5es, mas isso n\u00e3o impediu que ela se visse confrontada \u00e0 vida moderna. O primeiro romance da autora, de origem arm\u00eania e nascida em S\u00e3o Paulo, joga luz sobre uma comunidade pouco retratada na fic\u00e7\u00e3o brasileira contempor\u00e2nea.\u00a0<\/span><\/p>\n<h3><span style=\"font-weight: 400\">A mulher do padre<\/span><\/h3>\n<p><span style=\"font-weight: 400\">De Carol Rodrigues. Todavia, 214 p\u00e1ginas. R$ 69,90<\/span><\/p>\n<p><span style=\"font-weight: 400\">Lina \u00e9 a narradora que conduz o leitor por um universo marcado por um olhar infantil prestes a descobrir o mundo. \u00c9 por meio dessa perspectiva que a personagem fala sobre seu cotidiano, o que inclui\u00a0 amigos, comidas e brincadeiras preferidas, mas tamb\u00e9m o temperamento inst\u00e1vel da m\u00e3e, com quem Lina precisa aprender a lidar.\u00a0<\/span><\/p>\n<h3><span style=\"font-weight: 400\">Cara paz<\/span><\/h3>\n<p><span style=\"font-weight: 400\">De Lisa Ginzburg. Tradu\u00e7\u00e3o:\u00a0 Francesca Cricelli. NOZ, 254 p\u00e1ginas. R$ 70<\/span><\/p>\n<p><span style=\"font-weight: 400\">Nina e Maddalena s\u00e3o duas crian\u00e7as italianas que vivem com o pai, Seba, cuja dificuldade em lidar com o abandono da mulher, Gl\u00f3ria, faz com que contrate uma francesa para tomar conta das meninas. O romance trata do afeto entre as irm\u00e3s, das rela\u00e7\u00f5es femininas e da constru\u00e7\u00e3o da identidade em um cen\u00e1rio no qual o conservadorismo e as din\u00e2micas familiares t\u00eam enorme influ\u00eancia.<\/span><\/p>\n<h3><span style=\"font-weight: 400\">Caminhando com os mortos<\/span><\/h3>\n<p><span style=\"font-weight: 400\">De Micheliny Verunschk. Companhia das Letras, 142 p\u00e1ginas. R$ 59,90<\/span><\/p>\n<p><span style=\"font-weight: 400\">Depois de ganhar o Pr\u00eamio Jabuti de melhor romance em 2023, Micheliny Verunschk est\u00e1 de volta como este romance que acompanha Celeste em um ambiente agreste. Novamente, a coloniza\u00e7\u00e3o das Am\u00e9ricas tem lugar central na narrativa da autora, cuja poesia e densidade s\u00e3o fundamentais para criar o universo no qual se caminha com os mortos.\u00a0<\/span><\/p>\n<h3><span style=\"font-weight: 400\">Pap\u00e9is de poesia II<\/span><\/h3>\n<p><span style=\"font-weight: 400\">De Antonio Carlos Secchin. Editora Unesp, 242 p\u00e1ginas. R$ 56<\/span><\/p>\n<p><span style=\"font-weight: 400\">Como nasce a poesia, do que ela \u00e9 feita, o lugar do poema de circunst\u00e2ncia, as marcas do ex\u00edlio na poesia e os versos na internet, s\u00e3o muitos os temas tratados por Antonio Carlos Secchin nesse livro de ensaios cujo lan\u00e7amento vem acompanhado de <em>Pap\u00e9is de prosa <\/em><\/span><span style=\"font-weight: 400\"><em>\u2014 Machado &amp; mais<\/em>. Os dois lan\u00e7amentos s\u00e3o um convite a mergulhar na literatura pelo olhar cr\u00edtico do poeta e ensa\u00edsta.<\/span><\/p>\n<h3><span style=\"font-weight: 400\">Gozo \u2014 sexualidade, sofrimento e satisfa\u00e7\u00e3o<\/span><\/h3>\n<p><span style=\"font-weight: 400\">De Darian Leader. Zahar, 164 p\u00e1ginas. R$ 84,90<\/span><\/p>\n<p><span style=\"font-weight: 400\">Um dos conceitos centrais da psican\u00e1lise, o gozo, muitas vezes associado \u00e0 dor e \u00e0 satisfa\u00e7\u00e3o, se tornou, segundo o autor, banal e utilizado de forma pregui\u00e7osa. \u00c9 sobre esse uso que ele discorre nesse ensaio ao propor aos leitores a compreens\u00e3o do conceito em linguagem acess\u00edvel, assim como a abordagem a partir de outras tradi\u00e7\u00f5es anal\u00edticas.<\/span><\/p>\n<h3><span style=\"font-weight: 400\">A torre \u2014 O cotidiano de mulheres encarceradas pela ditadura<\/span><\/h3>\n<p><span style=\"font-weight: 400\">De Luiza Villam\u00e9a. Companhia das Letras, 290 p\u00e1ginas. R$ 94,90<\/span><\/p>\n<p><span style=\"font-weight: 400\">Foram mais de cem entrevistas realizadas ao longo de dez anos para escrever sobre o cotidiano das presas pol\u00edticas na Torre, localizada no Pres\u00eddio de Recolhimento Tiradentes, em S\u00e3o Paulo, nos anos 1960 e in\u00edcio da d\u00e9cada de 1970. Sess\u00f5es de tortura f\u00edsica e psicol\u00f3gica, muito isolamento e hist\u00f3rias que mais parecem fic\u00e7\u00e3o, embora tenham sido comprovadas em dezenas de checagens, formam esse relato da jornalista Luiza Villam\u00e9a, que foi rep\u00f3rter de<em> O Globo<\/em>, <em>Veja<\/em> e <em>Isto<\/em> \u00c9.\u00a0<\/span><\/p>\n<h3><span style=\"font-weight: 400\">Na trilha do pop \u2014 A m\u00fasica do s\u00e9culo XX em sete g\u00eaneros<\/span><\/h3>\n<p><span style=\"font-weight: 400\">De Kelefa Sannen. Tradu\u00e7\u00e3o: Andr\u00e9 Czarnobai. Todavia, 508 p\u00e1ginas. R$ 129,90<\/span><\/p>\n<p><span style=\"font-weight: 400\">Ex-cr\u00edtico musical do jornal<em> The New York Times<\/em> e hoje rep\u00f3rter da revista<em> New Yorker<\/em>, o autor brit\u00e2nico divide o livro em sete g\u00eaneros \u2014 rock, R&amp;B, country, punk, hip-hop, dance e pop \u2014 para tra\u00e7ar uma hist\u00f3ria recente da m\u00fasica ocidental. A partir da m\u00fasica, Sannen\u00a0 faz esp\u00e9cies de retratos de \u00e9poca ao investigar como os g\u00eaneros est\u00e3o ligados aos contextos.\u00a0<\/span><\/p>\n","protected":false},"excerpt":{"rendered":"<p>Um amor de filha De Hanaide Kalaigian. Aut\u00eantica, 144 p\u00e1ginas. R$ 54,90 Descendente de arm\u00eanios, Melin\u00e9 fez tudo conforme as tradi\u00e7\u00f5es, mas isso n\u00e3o impediu que ela se visse confrontada \u00e0 vida moderna. O primeiro romance da autora, de origem arm\u00eania e nascida em S\u00e3o Paulo, joga luz sobre uma comunidade pouco retratada na fic\u00e7\u00e3o brasileira contempor\u00e2nea.\u00a0 A mulher do [&hellip;]<\/p>\n","protected":false},"author":82,"featured_media":831,"comment_status":"open","ping_status":"open","sticky":false,"template":"","format":"standard","meta":{"footnotes":""},"categories":[1],"tags":[],"class_list":["post-829","post","type-post","status-publish","format-standard","has-post-thumbnail","hentry","category-sem-categoria"],"_links":{"self":[{"href":"https:\/\/blogs.correiobraziliense.com.br\/leiodetudo\/wp-json\/wp\/v2\/posts\/829","targetHints":{"allow":["GET"]}}],"collection":[{"href":"https:\/\/blogs.correiobraziliense.com.br\/leiodetudo\/wp-json\/wp\/v2\/posts"}],"about":[{"href":"https:\/\/blogs.correiobraziliense.com.br\/leiodetudo\/wp-json\/wp\/v2\/types\/post"}],"author":[{"embeddable":true,"href":"https:\/\/blogs.correiobraziliense.com.br\/leiodetudo\/wp-json\/wp\/v2\/users\/82"}],"replies":[{"embeddable":true,"href":"https:\/\/blogs.correiobraziliense.com.br\/leiodetudo\/wp-json\/wp\/v2\/comments?post=829"}],"version-history":[{"count":3,"href":"https:\/\/blogs.correiobraziliense.com.br\/leiodetudo\/wp-json\/wp\/v2\/posts\/829\/revisions"}],"predecessor-version":[{"id":833,"href":"https:\/\/blogs.correiobraziliense.com.br\/leiodetudo\/wp-json\/wp\/v2\/posts\/829\/revisions\/833"}],"wp:featuredmedia":[{"embeddable":true,"href":"https:\/\/blogs.correiobraziliense.com.br\/leiodetudo\/wp-json\/wp\/v2\/media\/831"}],"wp:attachment":[{"href":"https:\/\/blogs.correiobraziliense.com.br\/leiodetudo\/wp-json\/wp\/v2\/media?parent=829"}],"wp:term":[{"taxonomy":"category","embeddable":true,"href":"https:\/\/blogs.correiobraziliense.com.br\/leiodetudo\/wp-json\/wp\/v2\/categories?post=829"},{"taxonomy":"post_tag","embeddable":true,"href":"https:\/\/blogs.correiobraziliense.com.br\/leiodetudo\/wp-json\/wp\/v2\/tags?post=829"}],"curies":[{"name":"wp","href":"https:\/\/api.w.org\/{rel}","templated":true}]}}