{"id":92,"date":"2023-05-02T21:59:01","date_gmt":"2023-05-03T00:59:01","guid":{"rendered":"https:\/\/blogs.correiobraziliense.com.br\/jusbraziliense\/?p=92"},"modified":"2023-05-02T21:59:48","modified_gmt":"2023-05-03T00:59:48","slug":"stf-reafirma-a-prevalencia-das-negociacoes-coletivas-sobre-o-legislado","status":"publish","type":"post","link":"https:\/\/blogs.correiobraziliense.com.br\/jusbraziliense\/2023\/05\/02\/stf-reafirma-a-prevalencia-das-negociacoes-coletivas-sobre-o-legislado\/","title":{"rendered":"STF reafirma a preval\u00eancia das Negocia\u00e7\u00f5es Coletivas sobre o legislado"},"content":{"rendered":"<h2><strong>Tema 1046 em Repercuss\u00e3o Geral do STF: A validade das negocia\u00e7\u00f5es coletivas sobre o legislado como ferramenta para adapta\u00e7\u00e3o e moderniza\u00e7\u00e3o do Direito do Trabalho<\/strong><\/h2>\n<p><strong>Daniel Augusto Teixeira de Miranda<\/strong><\/p>\n<p><a href=\"https:\/\/www.correiobraziliense.com.br\/brasil\/2023\/05\/5091250-clt-faz-80-anos-o-que-mudou-e-pode-mudar-no-brasil-da-informalidade-e-aplicativos.html\">\u00c0s v\u00e9speras da celebra\u00e7\u00e3o de 80 anos da CLT<\/a>\u00a0,em 28\/04\/2023, foi publicado o t\u00e3o esperado ac\u00f3rd\u00e3o do Supremo Tribunal Federal (STF) que julgou o <strong>TEMA 1046<\/strong> de Repercuss\u00e3o Geral do STF, \u00a0de Relatoria do Ministro Gilmar Mendes, estabelecendo a seguinte TESE:<\/p>\n<p><em>&#8220;S\u00e3o constitucionais os acordos e as conven\u00e7\u00f5es coletivos que, ao considerarem a adequa\u00e7\u00e3o setorial negociada, pactuam limita\u00e7\u00f5es ou afastamentos de direitos trabalhistas, independentemente da explicita\u00e7\u00e3o especificada de vantagens compensat\u00f3rias, desde que respeitados os direitos absolutamente indispon\u00edveis&#8221;<\/em><\/p>\n<p>Em outras palavras, o Supremo Tribunal reafirmou a preval\u00eancia das negocia\u00e7\u00f5es coletivas de trabalho sobre a legisla\u00e7\u00e3o, uma vez que tanto a Constitui\u00e7\u00e3o Federal (art. 8\u00ba), quanto a CLT (artigo 611 e ss.), j\u00e1 s\u00e3o claros ao indicar a referida prioridade das negocia\u00e7\u00f5es coletivas, desde que respeitados os direitos indispon\u00edveis.<\/p>\n<p><strong>Agora, todos os Tribunais do pa\u00eds, ao julgarem quest\u00f5es que envolvem negocia\u00e7\u00f5es coletivas, dever\u00e3o aplicar o entendimento da Corte Constitucional.<\/strong><\/p>\n<h3><strong>O que s\u00e3o neg\u00f3cios Coletivos?<\/strong><\/h3>\n<p>Os<strong> neg\u00f3cios coletivos do trabalho<\/strong> s\u00e3o diferenciados entre <strong>conven\u00e7\u00f5es coletivas<\/strong> e<strong> acordos coletivos de trabalho<\/strong>. As conven\u00e7\u00f5es coletivas s\u00e3o aqueles neg\u00f3cios celebrados entre \u00f3rg\u00e3os representativos dos empregados e empregadores (sindicatos, federa\u00e7\u00f5es, confedera\u00e7\u00f5es). Por seu turno, os acordos coletivos s\u00e3o aqueles neg\u00f3cios celebrados entre empresas, ou grupo de empresas, e o sindicato da categoria.<\/p>\n<p>S\u00e3o, portanto, os instrumentos legais para a adapta\u00e7\u00e3o da rela\u00e7\u00e3o de emprego. Seja para definir altera\u00e7\u00e3o salarial, de jornada, benef\u00edcios, estabilidades, seja para solucionar situa\u00e7\u00f5es emergenciais ou passageiras.<\/p>\n<p><a href=\"https:\/\/www.tst.jus.br\/-\/ulrich-zachert-fala-sobre-os-acordos-coletivos-na-alemanha\">A preval\u00eancia das negocia\u00e7\u00f5es coletivas sobre a legisla\u00e7\u00e3o \u00e9 fundamento dos pa\u00edses com as maiores economias do mundo<\/a>. Trata-se de uma constata\u00e7\u00e3o hist\u00f3rica de que a negocia\u00e7\u00e3o entre empregados e empregadores tende a gerar resultados positivos.<\/p>\n<p>A l\u00f3gica est\u00e1 na constata\u00e7\u00e3o de que o legislador n\u00e3o poder\u00e1 ser \u00e1gil suficiente para aplicar as necess\u00e1rias moderniza\u00e7\u00f5es inerentes \u00e0 atividade laboral, nem tampouco capaz de realizar adapta\u00e7\u00f5es que sejam necess\u00e1rias em momentos urgentes ou inesperados.<\/p>\n<h3><strong>A import\u00e2ncia atual das negocia\u00e7\u00f5es coletivas<\/strong><\/h3>\n<p>Quando da pandemia do COVID-19, mesmo com a edi\u00e7\u00e3o de <a href=\"https:\/\/www.correiobraziliense.com.br\/app\/noticia\/economia\/2020\/03\/18\/internas_economia,835143\/coronavirus-medida-do-governo-permitira-corte-de-salario-de-trabalhad.shtml\">Medidas Provis\u00f3rias<\/a>, muitos foram os neg\u00f3cios coletivos celebrados com o objetivo de adaptar a rela\u00e7\u00e3o empregat\u00edcia a um cen\u00e1rio jamais imaginado.<\/p>\n<p><a href=\"http:\/\/www.planalto.gov.br\/ccivil_03\/_ato2015-2018\/2017\/lei\/l13467.htm\">Desde 2017<\/a>, a CLT conta com um rol de quais temas podem, ou n\u00e3o, integrar uma negocia\u00e7\u00e3o coletiva (artigos 611-A e 611-B). Esse rol, no entanto, merecer\u00e1 uma nova interpreta\u00e7\u00e3o, agora, \u00e0 luz do TEMA 1046.<\/p>\n<p>Assim, diante do Tema 1046 e das raz\u00f5es do ac\u00f3rd\u00e3o, muito ser\u00e1 debatido nos Tribunais do Trabalho e no pr\u00f3prio STF sobre quais os limites para os neg\u00f3cios coletivos que voltam a receber amparo para atingir uma nova era de protagonismo.<\/p>\n","protected":false},"excerpt":{"rendered":"<p>Tema 1046 em Repercuss\u00e3o Geral do STF: A validade das negocia\u00e7\u00f5es coletivas sobre o legislado como ferramenta para adapta\u00e7\u00e3o e moderniza\u00e7\u00e3o do Direito do Trabalho Daniel Augusto Teixeira de Miranda \u00c0s v\u00e9speras da celebra\u00e7\u00e3o de 80 anos da CLT\u00a0,em 28\/04\/2023, foi publicado o t\u00e3o esperado ac\u00f3rd\u00e3o do Supremo Tribunal Federal (STF) que julgou o TEMA 1046 de Repercuss\u00e3o Geral do [&hellip;]<\/p>\n","protected":false},"author":143,"featured_media":64,"comment_status":"open","ping_status":"open","sticky":false,"template":"","format":"link","meta":{"footnotes":""},"categories":[5,2,3],"tags":[9,8,7],"class_list":["post-92","post","type-post","status-publish","format-link","has-post-thumbnail","hentry","category-direito-constitucional","category-direito-do-trabalho","category-direito-empresarial","tag-acordo-coletivo","tag-repercussao-geral","tag-stf","post_format-post-format-link"],"_links":{"self":[{"href":"https:\/\/blogs.correiobraziliense.com.br\/jusbraziliense\/wp-json\/wp\/v2\/posts\/92","targetHints":{"allow":["GET"]}}],"collection":[{"href":"https:\/\/blogs.correiobraziliense.com.br\/jusbraziliense\/wp-json\/wp\/v2\/posts"}],"about":[{"href":"https:\/\/blogs.correiobraziliense.com.br\/jusbraziliense\/wp-json\/wp\/v2\/types\/post"}],"author":[{"embeddable":true,"href":"https:\/\/blogs.correiobraziliense.com.br\/jusbraziliense\/wp-json\/wp\/v2\/users\/143"}],"replies":[{"embeddable":true,"href":"https:\/\/blogs.correiobraziliense.com.br\/jusbraziliense\/wp-json\/wp\/v2\/comments?post=92"}],"version-history":[{"count":12,"href":"https:\/\/blogs.correiobraziliense.com.br\/jusbraziliense\/wp-json\/wp\/v2\/posts\/92\/revisions"}],"predecessor-version":[{"id":130,"href":"https:\/\/blogs.correiobraziliense.com.br\/jusbraziliense\/wp-json\/wp\/v2\/posts\/92\/revisions\/130"}],"wp:featuredmedia":[{"embeddable":true,"href":"https:\/\/blogs.correiobraziliense.com.br\/jusbraziliense\/wp-json\/wp\/v2\/media\/64"}],"wp:attachment":[{"href":"https:\/\/blogs.correiobraziliense.com.br\/jusbraziliense\/wp-json\/wp\/v2\/media?parent=92"}],"wp:term":[{"taxonomy":"category","embeddable":true,"href":"https:\/\/blogs.correiobraziliense.com.br\/jusbraziliense\/wp-json\/wp\/v2\/categories?post=92"},{"taxonomy":"post_tag","embeddable":true,"href":"https:\/\/blogs.correiobraziliense.com.br\/jusbraziliense\/wp-json\/wp\/v2\/tags?post=92"}],"curies":[{"name":"wp","href":"https:\/\/api.w.org\/{rel}","templated":true}]}}