{"id":586,"date":"2026-08-05T14:26:28","date_gmt":"2026-08-05T17:26:28","guid":{"rendered":"https:\/\/blogs.correiobraziliense.com.br\/jusbraziliense\/?p=586"},"modified":"2026-08-05T14:26:28","modified_gmt":"2026-08-05T17:26:28","slug":"como-captar-recursos-da-finep-cinco-erros-juridicos-que-eliminam-sua-proposta","status":"publish","type":"post","link":"https:\/\/blogs.correiobraziliense.com.br\/jusbraziliense\/2026\/08\/05\/como-captar-recursos-da-finep-cinco-erros-juridicos-que-eliminam-sua-proposta\/","title":{"rendered":"Como captar recursos da FINEP: cinco erros jur\u00eddicos que eliminam sua proposta"},"content":{"rendered":"<p><strong>A maioria das propostas de fomento morre antes de qualquer avaliador ler o m\u00e9rito t\u00e9cnico, e as causas se repetem a cada edital<\/strong><\/p>\n<p><em>Por <\/em><a href=\"https:\/\/www.linkedin.com\/in\/daniel-de-miranda-220a56ba\/\"><em>Daniel de Miranda<\/em><\/a><\/p>\n<p>Como captar recursos da FINEP sem cair antes da an\u00e1lise de m\u00e9rito? A pergunta vale mais de R$ 1,6 bilh\u00e3o neste ciclo de editais de subven\u00e7\u00e3o econ\u00f4mica. Vale lembrar o retrato da concorr\u00eancia: no edital regional, 568 empresas disputaram R$ 300 milh\u00f5es. Parte dessas propostas caiu na triagem formal, antes de o m\u00e9rito ser examinado, por falhas que se repetem a cada chamada.<\/p>\n<p>O despreparo para captar tem diagn\u00f3stico conhecido. As empresas investem meses no projeto de engenharia e horas na dimens\u00e3o jur\u00eddica da proposta. O edital pune essa propor\u00e7\u00e3o invertida sem aviso e sem segunda chance. Nos parece que \u00e9 a\u00ed, e n\u00e3o na qualidade t\u00e9cnica, que a disputa se decide para a maioria.<\/p>\n<h2><strong>Os dois funis de um edital de fomento<\/strong><\/h2>\n<p>Todo edital de fomento tem dois funis sucessivos. O primeiro \u00e9 jur\u00eddico e formal: elegibilidade, habilita\u00e7\u00e3o, documenta\u00e7\u00e3o, enquadramento. O segundo \u00e9 t\u00e9cnico: m\u00e9rito, grau de inova\u00e7\u00e3o, equipe, impacto. Ou seja, o avaliador s\u00f3 conhece a engenharia de quem sobreviveu \u00e0 triagem formal.<\/p>\n<p>A ordem dos funis explica o desperd\u00edcio. Nesse sentido, empresa eliminada no primeiro funil perde o investimento feito para o segundo, que costuma ser o maior. Em termos pr\u00e1ticos, meses de projeto t\u00e9cnico viram custo afundado por uma certid\u00e3o vencida. Isso porque a triagem formal \u00e9 bin\u00e1ria: n\u00e3o existe nota parcial para quem descumpre requisito de edital.<\/p>\n<p><strong>Nos parece que o verdadeiro concorrente da empresa inovadora n\u00e3o \u00e9 a outra proponente. \u00c9 o pr\u00f3prio despreparo jur\u00eddico, que elimina antes de a disputa come\u00e7ar.<\/strong><\/p>\n<h2><strong>Os cinco erros que se repetem<\/strong><\/h2>\n<p>Cinco erros concentram a mortalidade jur\u00eddica das propostas. Vejamos cada um, na ordem em que aparecem no ciclo de capta\u00e7\u00e3o.<\/p>\n<h3><strong>1. Disputar edital sem conferir a pr\u00f3pria elegibilidade<\/strong><\/h3>\n<p>O primeiro erro \u00e9 o mais banal: concorrer sem ser eleg\u00edvel. Cada edital define porte, faturamento, setor e, por vezes, regi\u00e3o da proponente. O enquadramento de porte se afere pela receita bruta e pode mudar com a consolida\u00e7\u00e3o do grupo econ\u00f4mico. Empresa que cresceu, ou que passou a integrar grupo, muitas vezes disputa na faixa errada sem perceber.<\/p>\n<p>Vale destacar um filtro que costuma passar despercebido: o hist\u00f3rico com a pr\u00f3pria financiadora. Inadimpl\u00eancia anterior em projeto de fomento, inclusive na presta\u00e7\u00e3o de contas, compromete a nova capta\u00e7\u00e3o. Em outras palavras, o passado da empresa concorre junto com ela.<\/p>\n<h3><strong>2. Tratar a habilita\u00e7\u00e3o documental como formalidade<\/strong><\/h3>\n<p>Certid\u00e3o vencida elimina tanto quanto projeto ruim. A habilita\u00e7\u00e3o exige regularidade fiscal, trabalhista e societ\u00e1ria, comprovada por documentos com prazos de validade pr\u00f3prios. Contudo, muitas empresas s\u00f3 re\u00fanem os pap\u00e9is na semana do envio. Pend\u00eancia descoberta na v\u00e9spera n\u00e3o se resolve em dias.<\/p>\n<p>Nesse mesmo sentido, os atos societ\u00e1rios merecem igual aten\u00e7\u00e3o. Contrato social desatualizado, procura\u00e7\u00e3o sem poderes espec\u00edficos e assinatura de quem n\u00e3o representa a empresa s\u00e3o v\u00edcios silenciosos. Nesse ponto, a revis\u00e3o jur\u00eddica pr\u00e9via custa pouco e evita a elimina\u00e7\u00e3o mais frustrante de todas.<\/p>\n<h3><strong>3. Prometer contrapartida que o caixa n\u00e3o sustenta<\/strong><\/h3>\n<p>Contrapartida \u00e9 a parcela do projeto bancada pela pr\u00f3pria empresa, exigida pelos regulamentos em propor\u00e7\u00e3o que varia conforme o edital e o porte. O erro cl\u00e1ssico est\u00e1 em dimension\u00e1-la pelo entusiasmo, n\u00e3o pelo fluxo de caixa projetado. Isso porque subven\u00e7\u00e3o n\u00e3o \u00e9 receita ordin\u00e1ria: \u00e9 recurso carimbado, com cronograma e finalidade vinculada.<\/p>\n<p>Por outro lado, prometer o m\u00ednimo tamb\u00e9m comunica algo ao avaliador: baixo comprometimento com o pr\u00f3prio projeto. O equil\u00edbrio exige an\u00e1lise financeira e jur\u00eddica conjunta, feita antes da inscri\u00e7\u00e3o e n\u00e3o depois da aprova\u00e7\u00e3o.<\/p>\n<h3><strong>4. Amarrar mal a parceria com a ICT<\/strong><\/h3>\n<p>Boa parte dos editais admite ou exige execu\u00e7\u00e3o em rede com institui\u00e7\u00f5es cient\u00edficas e tecnol\u00f3gicas (ICTs). No entanto, a parceria nasce muitas vezes de um aperto de m\u00e3os e um or\u00e7amento. Sem instrumento jur\u00eddico definindo pap\u00e9is, cronograma e responsabilidades, a empresa responde sozinha perante a financiadora pelos atrasos do parceiro.<\/p>\n<p>A propriedade intelectual \u00e9 o ponto mais sens\u00edvel desse arranjo. Quem ser\u00e1 titular do que a pesquisa gerar precisa estar definido antes da execu\u00e7\u00e3o, n\u00e3o depois do resultado. Cl\u00e1usula omissa hoje \u00e9 lit\u00edgio amanh\u00e3, justamente sobre o ativo que motivou o projeto.<\/p>\n<h3><strong>5. Esquecer que o contrato tem um dia seguinte<\/strong><\/h3>\n<p>O quinto erro aparece anos depois da comemora\u00e7\u00e3o. Vale destacar: recurso p\u00fablico exige presta\u00e7\u00e3o de contas, guarda documental e fidelidade ao plano de trabalho aprovado. Desvio de finalidade, ainda que de boa-f\u00e9, gera glosa, devolu\u00e7\u00e3o com corre\u00e7\u00e3o e restri\u00e7\u00e3o para capta\u00e7\u00f5es futuras.<\/p>\n<p>Contudo, h\u00e1 uma camada extra que quase ningu\u00e9m precifica: a tribut\u00e1ria. A subven\u00e7\u00e3o ingressa como receita na contabilidade, e o regime da Lei 14.789\/2023 \u00e9 menos generoso do que o discurso de mercado sugere. Voltaremos a esse ponto em post pr\u00f3prio desta s\u00e9rie.<\/p>\n<h2><strong>O ant\u00eddoto \u00e9 come\u00e7ar antes do edital<\/strong><\/h2>\n<p>A prepara\u00e7\u00e3o eficaz \u00e9 permanente, n\u00e3o reativa. Por isso, empresa que pretende captar mant\u00e9m rotina de regularidade documental, monitora o calend\u00e1rio de chamadas e submete cada proposta a revis\u00e3o jur\u00eddica antes do envio. Nesse modelo, o edital publicado encontra a casa pronta, e o prazo curto deixa de ser obst\u00e1culo.<\/p>\n<p>Atualmente, a li\u00e7\u00e3o do ciclo de 2026 \u00e9 direta. Os prazos de 31 de agosto e de 30 de setembro favorecem quem se organizou antes. Para os demais, o ciclo seguinte come\u00e7a agora.<\/p>\n<h2><strong>Conclus\u00e3o<\/strong><\/h2>\n<p>Resumindo a situa\u00e7\u00e3o, a capta\u00e7\u00e3o de fomento falha por causas previs\u00edveis:<\/p>\n<ol>\n<li>i) inelegibilidade n\u00e3o conferida, inclusive quanto ao porte e ao hist\u00f3rico com a financiadora;<\/li>\n<li>ii) habilita\u00e7\u00e3o documental tratada como detalhe de \u00faltima hora;<\/li>\n<\/ol>\n<p>iii) contrapartida dimensionada sem an\u00e1lise de caixa;<\/p>\n<ol>\n<li>iv) parceria com ICT sem amarra\u00e7\u00e3o jur\u00eddica e sem regra de propriedade intelectual;<\/li>\n<li>v) gest\u00e3o do p\u00f3s-contrato ignorada, da presta\u00e7\u00e3o de contas \u00e0 tributa\u00e7\u00e3o.<\/li>\n<\/ol>\n<p><strong>Em definitivo: no fomento \u00e0 inova\u00e7\u00e3o, o m\u00e9rito t\u00e9cnico s\u00f3 decide a disputa entre as propostas que chegaram juridicamente vivas \u00e0 avalia\u00e7\u00e3o.<\/strong><\/p>\n<p>No pr\u00f3ximo post da s\u00e9rie, mapearemos o dinheiro que existe al\u00e9m da FINEP, da Lei do Bem \u00e0 encomenda tecnol\u00f3gica. \u00c9 certo que esse debate ter\u00e1 desdobramentos que analisaremos por aqui.<\/p>\n","protected":false},"excerpt":{"rendered":"<p>A maioria das propostas de fomento morre antes de qualquer avaliador ler o m\u00e9rito t\u00e9cnico, e as causas se repetem a cada edital Por Daniel de Miranda Como captar recursos da FINEP sem cair antes da an\u00e1lise de m\u00e9rito? A pergunta vale mais de R$ 1,6 bilh\u00e3o neste ciclo de editais de subven\u00e7\u00e3o econ\u00f4mica. Vale lembrar o retrato da concorr\u00eancia: [&hellip;]<\/p>\n","protected":false},"author":143,"featured_media":0,"comment_status":"open","ping_status":"open","sticky":false,"template":"","format":"standard","meta":{"footnotes":""},"categories":[1],"tags":[167,106,169,170,172,171,168],"class_list":["post-586","post","type-post","status-publish","format-standard","hentry","category-sem-categoria","tag-como-captar-recursos-da-finep","tag-direito-empresarial","tag-editais-de-fomento","tag-finep","tag-prestacao-de-contas","tag-propriedade-intelectual","tag-subvencao-economica"],"_links":{"self":[{"href":"https:\/\/blogs.correiobraziliense.com.br\/jusbraziliense\/wp-json\/wp\/v2\/posts\/586","targetHints":{"allow":["GET"]}}],"collection":[{"href":"https:\/\/blogs.correiobraziliense.com.br\/jusbraziliense\/wp-json\/wp\/v2\/posts"}],"about":[{"href":"https:\/\/blogs.correiobraziliense.com.br\/jusbraziliense\/wp-json\/wp\/v2\/types\/post"}],"author":[{"embeddable":true,"href":"https:\/\/blogs.correiobraziliense.com.br\/jusbraziliense\/wp-json\/wp\/v2\/users\/143"}],"replies":[{"embeddable":true,"href":"https:\/\/blogs.correiobraziliense.com.br\/jusbraziliense\/wp-json\/wp\/v2\/comments?post=586"}],"version-history":[{"count":1,"href":"https:\/\/blogs.correiobraziliense.com.br\/jusbraziliense\/wp-json\/wp\/v2\/posts\/586\/revisions"}],"predecessor-version":[{"id":587,"href":"https:\/\/blogs.correiobraziliense.com.br\/jusbraziliense\/wp-json\/wp\/v2\/posts\/586\/revisions\/587"}],"wp:attachment":[{"href":"https:\/\/blogs.correiobraziliense.com.br\/jusbraziliense\/wp-json\/wp\/v2\/media?parent=586"}],"wp:term":[{"taxonomy":"category","embeddable":true,"href":"https:\/\/blogs.correiobraziliense.com.br\/jusbraziliense\/wp-json\/wp\/v2\/categories?post=586"},{"taxonomy":"post_tag","embeddable":true,"href":"https:\/\/blogs.correiobraziliense.com.br\/jusbraziliense\/wp-json\/wp\/v2\/tags?post=586"}],"curies":[{"name":"wp","href":"https:\/\/api.w.org\/{rel}","templated":true}]}}