{"id":534,"date":"2026-05-20T17:30:01","date_gmt":"2026-05-20T20:30:01","guid":{"rendered":"https:\/\/blogs.correiobraziliense.com.br\/jusbraziliense\/?p=534"},"modified":"2026-05-20T17:51:51","modified_gmt":"2026-05-20T20:51:51","slug":"clausula-de-nao-concorrencia-pos-contratual-em-contrato-de-prestacao-de-servicos-tem-prazo-maximo","status":"publish","type":"post","link":"https:\/\/blogs.correiobraziliense.com.br\/jusbraziliense\/2026\/05\/20\/clausula-de-nao-concorrencia-pos-contratual-em-contrato-de-prestacao-de-servicos-tem-prazo-maximo\/","title":{"rendered":"Cl\u00e1usula de n\u00e3o concorr\u00eancia p\u00f3s-contratual em contrato de presta\u00e7\u00e3o de servi\u00e7os tem prazo m\u00e1ximo?"},"content":{"rendered":"<p><strong>N\u00e3o h\u00e1 prazo legal fixo, mas a jurisprud\u00eancia exige limita\u00e7\u00e3o temporal razo\u00e1vel, e a analogia com o art. 1.147 do C\u00f3digo Civil aponta para o teto de cinco anos<\/strong><\/p>\n<p><em>Por <\/em><a href=\"https:\/\/www.linkedin.com\/in\/daniel-de-miranda-220a56ba\/\"><em>Daniel de Miranda<\/em><\/a><\/p>\n<p>De forma direta: a cl\u00e1usula de n\u00e3o concorr\u00eancia p\u00f3s-contratual n\u00e3o tem prazo m\u00e1ximo fixado em lei. A jurisprud\u00eancia, no entanto, exige limite temporal razo\u00e1vel.<\/p>\n<p>Isso porque o STJ (Superior Tribunal de Justi\u00e7a) consolidou entendimento sobre o tema: a cl\u00e1usula \u00e9 v\u00e1lida desde que observe <strong>dois limites cumulativos: temporal e espacial<\/strong>. A aus\u00eancia de qualquer um deles conduz \u00e0 invalidade da cl\u00e1usula. O mesmo vale para a fixa\u00e7\u00e3o em patamar excessivo, que afronta a fun\u00e7\u00e3o social do contrato e a livre iniciativa.<\/p>\n<h2>O leading case: REsp 1.203.109-MG<\/h2>\n<p>O precedente mais citado \u00e9 o REsp 1.203.109-MG, de relatoria do Ministro Marco Aur\u00e9lio Bellizze, julgado pela Terceira Turma. Ali o STJ reconheceu a validade da cl\u00e1usula de n\u00e3o concorr\u00eancia em contrato comercial associativo. A condi\u00e7\u00e3o \u00e9 que esteja limitada material e temporalmente, <em>porquanto adequada \u00e0 prote\u00e7\u00e3o da concorr\u00eancia e dos efeitos danosos decorrentes de potencial desvio de clientela, valores jur\u00eddicos reconhecidos constitucionalmente<\/em>.<\/p>\n<p>A leitura da decis\u00e3o deixa clara a l\u00f3gica: o que se protege \u00e9 o investimento da parte que det\u00e9m <em>know-how<\/em>, carteira de clientes, treinamento e estrutura. Em contrapartida, n\u00e3o se admite a restri\u00e7\u00e3o perp\u00e9tua ou geogr\u00e1fica ilimitada \u00e0 livre iniciativa do prestador.<\/p>\n<h2>Qual \u00e9, ent\u00e3o, o teto temporal?<\/h2>\n<p>A jurisprud\u00eancia n\u00e3o fixa um n\u00famero espec\u00edfico. Nesse sentido, a doutrina e os tribunais t\u00eam utilizado como refer\u00eancia a <strong>analogia com o artigo 1.147 do C\u00f3digo Civil<\/strong>. O dispositivo estabelece o prazo de cinco anos para a restri\u00e7\u00e3o \u00e0 concorr\u00eancia nos casos de trespasse de estabelecimento empresarial.<\/p>\n<p>Em outras palavras: cl\u00e1usulas com prazo de 12, 24 ou 36 meses tendem a ser reputadas v\u00e1lidas. Cl\u00e1usulas que se aproximem ou ultrapassem o teto de cinco anos passam a enfrentar resist\u00eancia jurisprudencial, especialmente quando ausente contrapartida econ\u00f4mica ao restringido.<\/p>\n<p>Nesse mesmo sentido, vale lembrar que o STJ recentemente reafirmou que <strong>a cl\u00e1usula sem prazo definido \u00e9 anul\u00e1vel<\/strong>, n\u00e3o nula de pleno direito, mas dependente de provoca\u00e7\u00e3o da parte interessada. H\u00e1, portanto, uma diferen\u00e7a pr\u00e1tica relevante: enquanto a cl\u00e1usula n\u00e3o for impugnada judicialmente, ela produz efeitos.<\/p>\n<h2>Recapitulando<\/h2>\n<p>O cen\u00e1rio atual para a cl\u00e1usula de n\u00e3o concorr\u00eancia p\u00f3s-contratual em contratos de presta\u00e7\u00e3o de servi\u00e7os empresariais \u00e9 o seguinte:<\/p>\n<ol>\n<li><strong>Validade condicionada<\/strong> \u00e0 exist\u00eancia de limite temporal e espacial;<\/li>\n<li><strong>Teto temporal de refer\u00eancia<\/strong> de cinco anos, por analogia ao art. 1.147 do C\u00f3digo Civil;<\/li>\n<li><strong>Limite espacial<\/strong> circunscrito \u00e0 \u00e1rea de atua\u00e7\u00e3o efetiva do contratante;<\/li>\n<li><strong>Cl\u00e1usula sem prazo<\/strong> \u00e9 anul\u00e1vel, dependendo de provoca\u00e7\u00e3o judicial.<\/li>\n<\/ol>\n<p>Nos parece, portanto, que a reda\u00e7\u00e3o cuidadosa desses tr\u00eas elementos \u00e9 o caminho mais seguro: prazo, territ\u00f3rio e, idealmente, contrapartida econ\u00f4mica. Esse cuidado preserva a efic\u00e1cia da cl\u00e1usula caso a parte restringida venha a question\u00e1-la em ju\u00edzo.<\/p>\n","protected":false},"excerpt":{"rendered":"<p>N\u00e3o h\u00e1 prazo legal fixo, mas a jurisprud\u00eancia exige limita\u00e7\u00e3o temporal razo\u00e1vel, e a analogia com o art. 1.147 do C\u00f3digo Civil aponta para o teto de cinco anos Por Daniel de Miranda De forma direta: a cl\u00e1usula de n\u00e3o concorr\u00eancia p\u00f3s-contratual n\u00e3o tem prazo m\u00e1ximo fixado em lei. A jurisprud\u00eancia, no entanto, exige limite temporal razo\u00e1vel. Isso porque o [&hellip;]<\/p>\n","protected":false},"author":143,"featured_media":0,"comment_status":"open","ping_status":"open","sticky":false,"template":"","format":"standard","meta":{"footnotes":""},"categories":[3],"tags":[105,108,106,110,109,107,11],"class_list":["post-534","post","type-post","status-publish","format-standard","hentry","category-direito-empresarial","tag-clausula-de-nao-concorrencia","tag-contratos-empresariais","tag-direito-empresarial","tag-funcao-social-do-contrato","tag-livre-iniciativa","tag-resp-1-203-109","tag-stj"],"_links":{"self":[{"href":"https:\/\/blogs.correiobraziliense.com.br\/jusbraziliense\/wp-json\/wp\/v2\/posts\/534","targetHints":{"allow":["GET"]}}],"collection":[{"href":"https:\/\/blogs.correiobraziliense.com.br\/jusbraziliense\/wp-json\/wp\/v2\/posts"}],"about":[{"href":"https:\/\/blogs.correiobraziliense.com.br\/jusbraziliense\/wp-json\/wp\/v2\/types\/post"}],"author":[{"embeddable":true,"href":"https:\/\/blogs.correiobraziliense.com.br\/jusbraziliense\/wp-json\/wp\/v2\/users\/143"}],"replies":[{"embeddable":true,"href":"https:\/\/blogs.correiobraziliense.com.br\/jusbraziliense\/wp-json\/wp\/v2\/comments?post=534"}],"version-history":[{"count":4,"href":"https:\/\/blogs.correiobraziliense.com.br\/jusbraziliense\/wp-json\/wp\/v2\/posts\/534\/revisions"}],"predecessor-version":[{"id":538,"href":"https:\/\/blogs.correiobraziliense.com.br\/jusbraziliense\/wp-json\/wp\/v2\/posts\/534\/revisions\/538"}],"wp:attachment":[{"href":"https:\/\/blogs.correiobraziliense.com.br\/jusbraziliense\/wp-json\/wp\/v2\/media?parent=534"}],"wp:term":[{"taxonomy":"category","embeddable":true,"href":"https:\/\/blogs.correiobraziliense.com.br\/jusbraziliense\/wp-json\/wp\/v2\/categories?post=534"},{"taxonomy":"post_tag","embeddable":true,"href":"https:\/\/blogs.correiobraziliense.com.br\/jusbraziliense\/wp-json\/wp\/v2\/tags?post=534"}],"curies":[{"name":"wp","href":"https:\/\/api.w.org\/{rel}","templated":true}]}}