{"id":397,"date":"2024-03-06T11:08:04","date_gmt":"2024-03-06T14:08:04","guid":{"rendered":"https:\/\/blogs.correiobraziliense.com.br\/jusbraziliense\/?p=397"},"modified":"2024-03-06T11:08:04","modified_gmt":"2024-03-06T14:08:04","slug":"tensoes-juridicas-e-sociais-o-debate-sobre-o-porte-de-drogas-para-consumo-proprio-no-stf","status":"publish","type":"post","link":"https:\/\/blogs.correiobraziliense.com.br\/jusbraziliense\/2024\/03\/06\/tensoes-juridicas-e-sociais-o-debate-sobre-o-porte-de-drogas-para-consumo-proprio-no-stf\/","title":{"rendered":"Tens\u00f5es Jur\u00eddicas e Sociais: O Debate sobre o Porte de Drogas para Consumo Pr\u00f3prio no STF"},"content":{"rendered":"<h2>Por\u00a0<a href=\"https:\/\/www.linkedin.com\/in\/ritanmachado\/\">Rita Machado<\/a><\/h2>\n<p>Como contamos <a href=\"https:\/\/blogs.correiobraziliense.com.br\/jusbraziliense\/2024\/02\/27\/uso-da-cannabis-para-producao-de-medicamentos-vai-ser-pauta-de-audiencia-publica-no-stj\/\">aqui<\/a> recentemente, o STJ convocou\u00a0uma audi\u00eancia p\u00fablica para discutir o uso da Cannabis sativa na produ\u00e7\u00e3o de medicamentos. Agora, o STF, retoma o julgamento do debate\u00a0sobre o porte de drogas para consumo pessoal nesta quarta-feira (6). Em foco est\u00e1 o recurso que questiona se o porte de entorpecentes para uso pr\u00f3prio pode ser considerado crime, trazendo \u00e0 tona reflex\u00f5es sobre a efic\u00e1cia das pol\u00edticas de drogas e a garantia dos direitos individuais.<\/p>\n<p>O recurso em an\u00e1lise, de n\u00famero RE 635659, com repercuss\u00e3o geral (Tema 506), gira em torno da interpreta\u00e7\u00e3o do artigo 28 da Lei de Drogas (Lei 11.343\/2006), que prev\u00ea san\u00e7\u00f5es alternativas para o porte de drogas destinadas ao consumo pessoal. Este dispositivo estabelece medidas educativas, advert\u00eancias e presta\u00e7\u00e3o de servi\u00e7os como alternativas \u00e0s penalidades mais severas.<\/p>\n<p>A controv\u00e9rsia central reside na defini\u00e7\u00e3o do limite entre o porte para consumo pr\u00f3prio e o tr\u00e1fico de entorpecentes, uma vez que a legisla\u00e7\u00e3o n\u00e3o estabelece crit\u00e9rios objetivos para tal diferencia\u00e7\u00e3o. A aus\u00eancia de par\u00e2metros claros tem levado a interpreta\u00e7\u00f5es diversas por parte das autoridades policiais, do Minist\u00e9rio P\u00fablico e do Judici\u00e1rio, resultando em tratamentos desiguais em situa\u00e7\u00f5es semelhantes por todo o pa\u00eds.<\/p>\n<p>Atualmente, a discuss\u00e3o no STF conta com cinco votos que declaram inconstitucional enquadrar unicamente o porte de maconha como crime, enquanto um voto defende a validade da regra estabelecida pela Lei de Drogas. Dessa forma, a decis\u00e3o a ser tomada pelo Supremo ter\u00e1 impacto direto sobre todos os casos semelhantes em inst\u00e2ncias inferiores da Justi\u00e7a.<\/p>\n<p>Al\u00e9m disso, o colegiado tamb\u00e9m avaliar\u00e1 a proposta do ministro Lu\u00eds Roberto Barroso de estabelecer par\u00e2metros para distinguir entre porte e produ\u00e7\u00e3o para consumo pessoal e o tr\u00e1fico de drogas. A fixa\u00e7\u00e3o desses crit\u00e9rios busca garantir uma abordagem uniforme e justa em todo o territ\u00f3rio nacional, evitando disparidades nas decis\u00f5es judiciais.<\/p>\n<p>Em meio a essas discuss\u00f5es, emerge a diverg\u00eancia de entendimento, representada pelo voto do ministro Cristiano Zanin, que defende a constitucionalidade da regra atual. Zanin argumenta que a altera\u00e7\u00e3o legislativa de 2006 visava despenalizar, e n\u00e3o descriminalizar, o porte de drogas, destacando preocupa\u00e7\u00f5es com poss\u00edveis impactos na sa\u00fade p\u00fablica e na seguran\u00e7a da popula\u00e7\u00e3o caso haja a descriminaliza\u00e7\u00e3o.<\/p>\n<p>Independentemente do desfecho desse julgamento, \u00e9 evidente que a quest\u00e3o do porte de drogas para consumo pessoal demanda uma abordagem que equilibre a prote\u00e7\u00e3o dos direitos individuais, a sa\u00fade p\u00fablica e a seguran\u00e7a da sociedade. A decis\u00e3o do STF n\u00e3o apenas delinear\u00e1 o tratamento legal dessas quest\u00f5es, mas tamb\u00e9m refletir\u00e1 os valores e as pol\u00edticas p\u00fablicas do pa\u00eds em rela\u00e7\u00e3o \u00e0s drogas e aos direitos individuais.<\/p>\n<p>&nbsp;<\/p>\n<p>&nbsp;<\/p>\n","protected":false},"excerpt":{"rendered":"<p>Por\u00a0Rita Machado Como contamos aqui recentemente, o STJ convocou\u00a0uma audi\u00eancia p\u00fablica para discutir o uso da Cannabis sativa na produ\u00e7\u00e3o de medicamentos. Agora, o STF, retoma o julgamento do debate\u00a0sobre o porte de drogas para consumo pessoal nesta quarta-feira (6). Em foco est\u00e1 o recurso que questiona se o porte de entorpecentes para uso pr\u00f3prio pode ser considerado crime, trazendo [&hellip;]<\/p>\n","protected":false},"author":142,"featured_media":0,"comment_status":"open","ping_status":"open","sticky":false,"template":"","format":"standard","meta":{"footnotes":""},"categories":[4],"tags":[87,86,80,7],"class_list":["post-397","post","type-post","status-publish","format-standard","hentry","category-direito-penal","tag-consumo-pessoal","tag-drogas","tag-julgamento","tag-stf"],"_links":{"self":[{"href":"https:\/\/blogs.correiobraziliense.com.br\/jusbraziliense\/wp-json\/wp\/v2\/posts\/397","targetHints":{"allow":["GET"]}}],"collection":[{"href":"https:\/\/blogs.correiobraziliense.com.br\/jusbraziliense\/wp-json\/wp\/v2\/posts"}],"about":[{"href":"https:\/\/blogs.correiobraziliense.com.br\/jusbraziliense\/wp-json\/wp\/v2\/types\/post"}],"author":[{"embeddable":true,"href":"https:\/\/blogs.correiobraziliense.com.br\/jusbraziliense\/wp-json\/wp\/v2\/users\/142"}],"replies":[{"embeddable":true,"href":"https:\/\/blogs.correiobraziliense.com.br\/jusbraziliense\/wp-json\/wp\/v2\/comments?post=397"}],"version-history":[{"count":1,"href":"https:\/\/blogs.correiobraziliense.com.br\/jusbraziliense\/wp-json\/wp\/v2\/posts\/397\/revisions"}],"predecessor-version":[{"id":398,"href":"https:\/\/blogs.correiobraziliense.com.br\/jusbraziliense\/wp-json\/wp\/v2\/posts\/397\/revisions\/398"}],"wp:attachment":[{"href":"https:\/\/blogs.correiobraziliense.com.br\/jusbraziliense\/wp-json\/wp\/v2\/media?parent=397"}],"wp:term":[{"taxonomy":"category","embeddable":true,"href":"https:\/\/blogs.correiobraziliense.com.br\/jusbraziliense\/wp-json\/wp\/v2\/categories?post=397"},{"taxonomy":"post_tag","embeddable":true,"href":"https:\/\/blogs.correiobraziliense.com.br\/jusbraziliense\/wp-json\/wp\/v2\/tags?post=397"}],"curies":[{"name":"wp","href":"https:\/\/api.w.org\/{rel}","templated":true}]}}