{"id":395,"date":"2024-03-05T15:55:58","date_gmt":"2024-03-05T18:55:58","guid":{"rendered":"https:\/\/blogs.correiobraziliense.com.br\/jusbraziliense\/?p=395"},"modified":"2024-03-05T15:55:58","modified_gmt":"2024-03-05T18:55:58","slug":"estrategias-para-obter-a-concisao-no-texto-juridico","status":"publish","type":"post","link":"https:\/\/blogs.correiobraziliense.com.br\/jusbraziliense\/2024\/03\/05\/estrategias-para-obter-a-concisao-no-texto-juridico\/","title":{"rendered":"Estrat\u00e9gias para obter a concis\u00e3o no texto jur\u00eddico."},"content":{"rendered":"<h2>Por <a href=\"https:\/\/instagram.com\/professor_wandersonmelo?igshid=MzRlODBiNWFlZA==\">Wanderson Melo<\/a><\/h2>\n<p>Concis\u00e3o \u00e9 a habilidade de dizer o m\u00e1ximo com o menor n\u00famero de palavras. Devem-se eliminar palavras, mas devem ser mantidas as ideias necess\u00e1rias para a compreens\u00e3o do texto. Seguem alguns procedimentos para redigir textos concisos (apud <em>Manual de Reda\u00e7\u00e3o Oficial do TCDF)<\/em>:<\/p>\n<ol>\n<li>\n<em>a) <\/em>eliminar palavras ou express\u00f5es desnecess\u00e1rias: <em>ato de natureza hostil <\/em>\u2192 ato hostil;<br \/>\n<em>decis\u00e3o tomada no \u00e2mbito da diretoria <\/em>\u2192 decis\u00e3o da diretoria; <em>pessoa sem discri\u00e7\u00e3o <\/em>\u2192<br \/>\npessoa indiscreta; <em>neste momento n\u00f3s acreditamos <\/em>\u2192 acreditamos; <em>travar uma discuss\u00e3o<\/em><br \/>\n\u2192 discutir; <em>na eventualidade de <\/em>\u2192 se; <em>com o objetivo de <\/em>\u2192 para;<\/li>\n<li>\n<em>b) <\/em>evitar o emprego de adjetiva\u00e7\u00e3o excessiva: <em>o dif\u00edcil e alarmante problema da seca <\/em>\u2192<br \/>\no problema da seca. Inclui-se nesse caso o uso de <em>egr\u00e9gio, colendo, eminente, ilustre<\/em>;<\/li>\n<\/ol>\n<p>&nbsp;<\/p>\n<ol>\n<li><em>c) <\/em>dispensar, nas datas, os substantivos dia, m\u00eas e ano: <em>no dia 12 de janeiro <\/em>\u2192 em 12 de<br \/>\njaneiro; <em>no m\u00eas de fevereiro <\/em>\u2192 em fevereiro; <em>no ano de 2000 <\/em>\u2192 em 2000;<\/li>\n<li><em>d) <\/em>trocar a locu\u00e7\u00e3o verbo + substantivo pelo verbo: <em>fazer uma viagem <\/em>\u2192 viajar; <em>fazer uma<\/em><br \/>\n<em>reda\u00e7\u00e3o <\/em>\u2192 redigir; <em>p\u00f4r as ideias em ordem \u2192 <\/em>ordenar as ideias<em>; p\u00f4r moedas em circula\u00e7\u00e3o<\/em><br \/>\n\u2192 emitir moedas;<\/li>\n<li>\n<em>e) <\/em>usar o aposto em lugar da ora\u00e7\u00e3o adjetiva: <em>O contrato previa a constru\u00e7\u00e3o da ponte em<\/em><br \/>\n<em>um ano, que era prazo mais do que suficiente <\/em>\u2192 O contrato previa a constru\u00e7\u00e3o da ponte<br \/>\nem um ano, prazo mais do que suficiente. <em>O que se tem \u00e9 a anarquia, que \u00e9 a bagun\u00e7a pura<\/em><br \/>\n<em>e simples, irm\u00e3 g\u00eamea do caos <\/em>\u2192 O que se tem \u00e9 a anarquia, bagun\u00e7a pura e simples, irm\u00e3<br \/>\ng\u00eamea do caos;<\/li>\n<\/ol>\n<p>&nbsp;<\/p>\n<ol>\n<li><em>f) <\/em>empregar o partic\u00edpio do verbo para reduzir ora\u00e7\u00f5es: <em>Agora que expliquei o t\u00edtulo, passo a escrever o texto <\/em>\u2192 Explicado o t\u00edtulo, passo a escrever o texto. <em>Depois de terminar o<\/em><br \/>\n<em>trabalho, ligo para voc\u00ea <\/em>\u2192 Terminado o trabalho, ligo para voc\u00ea. <em>Quando terminar o pre\u00e2mbulo, passarei ao assunto principal <\/em>\u2192 Terminado o pre\u00e2mbulo, passarei ao assunto<br \/>\nprincipal;<\/li>\n<li>\n<em>g) <\/em>eliminar, sempre que poss\u00edvel, os indefinidos <em>um <\/em>e <em>uma<\/em>: Dante quer <em>(um) <\/em>inqu\u00e9rito rigoroso e r\u00e1pido. Timor-Leste se torna <em>(uma) <\/em>terra de ningu\u00e9m. A cultura da paz \u00e9 <em>(uma)<\/em><br \/>\niniciativa coletiva.<\/li>\n<\/ol>\n<p>&nbsp;<\/p>\n<p>Essas s\u00e3o apenas algumas dicas para a melhor organiza\u00e7\u00e3o das ideias. Por isso, o assunto n\u00e3o se esgota e, em breve, eu tratarei novamente sobre esse tema. Ele \u00e9 fundamental no texto, principalmente no texto jur\u00eddico, em que a ganhar a simpatia do leitor \u00e9 importante!<\/p>\n<p>&nbsp;<\/p>\n","protected":false},"excerpt":{"rendered":"<p>Por Wanderson Melo Concis\u00e3o \u00e9 a habilidade de dizer o m\u00e1ximo com o menor n\u00famero de palavras. Devem-se eliminar palavras, mas devem ser mantidas as ideias necess\u00e1rias para a compreens\u00e3o do texto. Seguem alguns procedimentos para redigir textos concisos (apud Manual de Reda\u00e7\u00e3o Oficial do TCDF): a) eliminar palavras ou express\u00f5es desnecess\u00e1rias: ato de natureza hostil \u2192 ato hostil; decis\u00e3o [&hellip;]<\/p>\n","protected":false},"author":142,"featured_media":0,"comment_status":"open","ping_status":"open","sticky":false,"template":"","format":"standard","meta":{"footnotes":""},"categories":[1],"tags":[],"class_list":["post-395","post","type-post","status-publish","format-standard","hentry","category-sem-categoria"],"_links":{"self":[{"href":"https:\/\/blogs.correiobraziliense.com.br\/jusbraziliense\/wp-json\/wp\/v2\/posts\/395","targetHints":{"allow":["GET"]}}],"collection":[{"href":"https:\/\/blogs.correiobraziliense.com.br\/jusbraziliense\/wp-json\/wp\/v2\/posts"}],"about":[{"href":"https:\/\/blogs.correiobraziliense.com.br\/jusbraziliense\/wp-json\/wp\/v2\/types\/post"}],"author":[{"embeddable":true,"href":"https:\/\/blogs.correiobraziliense.com.br\/jusbraziliense\/wp-json\/wp\/v2\/users\/142"}],"replies":[{"embeddable":true,"href":"https:\/\/blogs.correiobraziliense.com.br\/jusbraziliense\/wp-json\/wp\/v2\/comments?post=395"}],"version-history":[{"count":1,"href":"https:\/\/blogs.correiobraziliense.com.br\/jusbraziliense\/wp-json\/wp\/v2\/posts\/395\/revisions"}],"predecessor-version":[{"id":396,"href":"https:\/\/blogs.correiobraziliense.com.br\/jusbraziliense\/wp-json\/wp\/v2\/posts\/395\/revisions\/396"}],"wp:attachment":[{"href":"https:\/\/blogs.correiobraziliense.com.br\/jusbraziliense\/wp-json\/wp\/v2\/media?parent=395"}],"wp:term":[{"taxonomy":"category","embeddable":true,"href":"https:\/\/blogs.correiobraziliense.com.br\/jusbraziliense\/wp-json\/wp\/v2\/categories?post=395"},{"taxonomy":"post_tag","embeddable":true,"href":"https:\/\/blogs.correiobraziliense.com.br\/jusbraziliense\/wp-json\/wp\/v2\/tags?post=395"}],"curies":[{"name":"wp","href":"https:\/\/api.w.org\/{rel}","templated":true}]}}