{"id":365,"date":"2023-11-18T16:05:46","date_gmt":"2023-11-18T19:05:46","guid":{"rendered":"https:\/\/blogs.correiobraziliense.com.br\/jusbraziliense\/?p=365"},"modified":"2023-11-18T16:10:06","modified_gmt":"2023-11-18T19:10:06","slug":"uso-de-maiusculas","status":"publish","type":"post","link":"https:\/\/blogs.correiobraziliense.com.br\/jusbraziliense\/2023\/11\/18\/uso-de-maiusculas\/","title":{"rendered":"Uso de mai\u00fasculas"},"content":{"rendered":"<h3>Por <a href=\"https:\/\/instagram.com\/professor_wandersonmelo?igshid=MzRlODBiNWFlZA==\">Wanderson Melo<\/a><\/h3>\n<p class=\"p1\">\u00c9 muito importante que todo redator tenha consci\u00eancia de que a mai\u00fascula tem de ser exce\u00e7\u00e3o no texto. Ela, em excesso, polui o texto, agride o leitor. Apesar disso, \u00e9 muito comum ainda haver o uso descontrolado de mai\u00fasculas. Assim, sempre que pensar em us\u00e1-la, questione o motivo gramatical para isso. Abaixo, apresento as principais causas que justificam o uso da mai\u00fascula.<\/p>\n<p>&nbsp;<\/p>\n<h4 class=\"p1\"><b>T\u00edtulo e subt\u00edtulo<\/b>: ela tanto pode ser usada apenas na primeira letra da senten\u00e7a ou em todas as palavras, exceto em preposi\u00e7\u00f5es e conjun\u00e7\u00f5es.<\/h4>\n<p class=\"p1\"><i>Da prescri\u00e7\u00e3o<\/i><\/p>\n<p class=\"p1\"><i>Relativiza\u00e7\u00e3o da Taxa Juros no Brasil<\/i><\/p>\n<h3><\/h3>\n<h4 class=\"p1\"><b>Aposto especificativo<\/b>: nome dado a evento, obra, pessoa, etc. A regra apresentada no item 1 tamb\u00e9m se aplica aqui, exceto para nome de pessoa.<\/h4>\n<p class=\"p1\"><i>Participou do Encontro Nacional de Combate \u00e0 Corrup\u00e7\u00e3o.<\/i><\/p>\n<p class=\"p1\"><i>O Ministro aposentado Ayres Britto proferiu palestra.<\/i><\/p>\n<h3><\/h3>\n<h4 class=\"p1\"><b>Normas (quando especificadas ou quando identificadas como nome pr\u00f3prio):<\/b><\/h4>\n<p class=\"p1\"><i>A Lei n. (ou n\u00ba) 8.112\/1990 disp\u00f5e [&#8230;].<\/i><\/p>\n<p class=\"p1\"><i>A Emenda Constitucional n. (ou n\u00ba) 32 estabelece [&#8230;]<\/i><\/p>\n<p class=\"p1\"><i>A Lei Maria da Penha \u00e9 importante.<\/i><\/p>\n<p>&nbsp;<\/p>\n<h4 class=\"p1\"><b>Festas e datas comemorativas: <\/b><\/h4>\n<p class=\"p1\"><i>Natal, Dia do Advogado, Independ\u00eancia do Brasil<\/i>.<\/p>\n<p>&nbsp;<\/p>\n<h4 class=\"p1\"><b>Siglas e abreviaturas:<\/b><\/h4>\n<p class=\"p1\"><i>STJ, V. Exa., Sr<\/i>.<\/p>\n<p>&nbsp;<\/p>\n<h4 class=\"p1\"><b>Tribunal e Ju\u00edzo (quando especificado ou delimitado pelo contexto):<\/b><\/h4>\n<p class=\"p1\"><i>O Tribunal de origem decidiu que [&#8230;]<\/i><\/p>\n<p class=\"p1\"><i>O STF n\u00e3o conheceu do pedido. O Tribunal entendeu que [&#8230;]<\/i><\/p>\n<p class=\"p1\"><i>Ju\u00edzo <\/i>a quo<\/p>\n<p>&nbsp;<\/p>\n<h4 class=\"p1\"><b>Nome de institui\u00e7\u00f5es:<\/b><\/h4>\n<p class=\"p1\"><i>O Sistema \u00danico de Sa\u00fade \u00e9 excelente organiza\u00e7\u00e3o de aux\u00edlio populacional.<\/i><\/p>\n<p>&nbsp;<\/p>\n<h4 class=\"p1\"><b>Depois de dois-pontos, caso o per\u00edodo se encerre com ponto-final, e n\u00e3o com ponto e v\u00edrgula:<\/b><\/h4>\n<p class=\"p1\"><i>O autor deve atentar para as seguintes quest\u00f5es: <\/i><\/p>\n<p class=\"p1\"><i>a) Caso queira [&#8230;]. <\/i><\/p>\n<h3><\/h3>\n<h4 class=\"p1\"><b>Nomes pelos quais as leis tornam-se conhecidas: <\/b><\/h4>\n<p class=\"p1\"><i>C\u00f3digo Civil, C\u00f3digo Eleitoral<\/i>.<\/p>\n<h3><\/h3>\n<h4 class=\"p1\"><b>Estado, como na\u00e7\u00e3o politicamente organizada, bem como unidade federativa seguida do nome: <\/b><\/h4>\n<p class=\"p1\"><i>Cabe ao Estado definir a melhor proposta<\/i>.<\/p>\n<p class=\"p1\"><i>O Estado de S\u00e3o Paulo<\/i>.<\/p>\n<p class=\"p1\">A \u00faltima observa\u00e7\u00e3o tamb\u00e9m vale para <i>munic\u00edpio. <\/i>Ressalte-se que, caso j\u00e1 tenha sido especificado, ao mencionar novamente as palavras <i>estado <\/i>e <i>munic\u00edpio<\/i>, prefere-se a inicial min\u00fascula caso n\u00e3o estejam seguidas do nome: <i>Referido estado n\u00e3o pagou sua d\u00edvida<\/i>.<\/p>\n<p>&nbsp;<\/p>\n<h4 class=\"p1\"><b>Casos facultativos:<\/b><\/h4>\n<ol class=\"ol1\">\n<li class=\"li1\"><b>Ci\u00eancias do saber<\/b>: <i>Matem\u00e1tica<\/i> ou <i>matem\u00e1tica<\/i>; <i>Direito<\/i> ou <i>direito<\/i>.<\/li>\n<li class=\"li1\"><b>Partes do processo<\/b>: <i>O recorrente <\/i>ou <i>O Recorrente. <\/i><\/li>\n<li class=\"li1\"><b>Palavras de categoriza\u00e7\u00e3o: <\/b><i>Rio Amazonas <\/i>ou <i>rio Amazonas<\/i>.<\/li>\n<\/ol>\n<p class=\"p3\">Vale registrar que, apesar de serem casos facultativos, \u00e9 bom considerar o que foi dito no in\u00edcio do texto: o excesso de mai\u00fasculas polui o texto. Pense nisso!<\/p>\n<p class=\"p4\">At\u00e9 a pr\u00f3xima!<\/p>\n","protected":false},"excerpt":{"rendered":"<p>Por Wanderson Melo \u00c9 muito importante que todo redator tenha consci\u00eancia de que a mai\u00fascula tem de ser exce\u00e7\u00e3o no texto. Ela, em excesso, polui o texto, agride o leitor. Apesar disso, \u00e9 muito comum ainda haver o uso descontrolado de mai\u00fasculas. Assim, sempre que pensar em us\u00e1-la, questione o motivo gramatical para isso. Abaixo, apresento as principais causas que [&hellip;]<\/p>\n","protected":false},"author":142,"featured_media":0,"comment_status":"open","ping_status":"open","sticky":false,"template":"","format":"standard","meta":{"footnotes":""},"categories":[1],"tags":[],"class_list":["post-365","post","type-post","status-publish","format-standard","hentry","category-sem-categoria"],"_links":{"self":[{"href":"https:\/\/blogs.correiobraziliense.com.br\/jusbraziliense\/wp-json\/wp\/v2\/posts\/365","targetHints":{"allow":["GET"]}}],"collection":[{"href":"https:\/\/blogs.correiobraziliense.com.br\/jusbraziliense\/wp-json\/wp\/v2\/posts"}],"about":[{"href":"https:\/\/blogs.correiobraziliense.com.br\/jusbraziliense\/wp-json\/wp\/v2\/types\/post"}],"author":[{"embeddable":true,"href":"https:\/\/blogs.correiobraziliense.com.br\/jusbraziliense\/wp-json\/wp\/v2\/users\/142"}],"replies":[{"embeddable":true,"href":"https:\/\/blogs.correiobraziliense.com.br\/jusbraziliense\/wp-json\/wp\/v2\/comments?post=365"}],"version-history":[{"count":5,"href":"https:\/\/blogs.correiobraziliense.com.br\/jusbraziliense\/wp-json\/wp\/v2\/posts\/365\/revisions"}],"predecessor-version":[{"id":370,"href":"https:\/\/blogs.correiobraziliense.com.br\/jusbraziliense\/wp-json\/wp\/v2\/posts\/365\/revisions\/370"}],"wp:attachment":[{"href":"https:\/\/blogs.correiobraziliense.com.br\/jusbraziliense\/wp-json\/wp\/v2\/media?parent=365"}],"wp:term":[{"taxonomy":"category","embeddable":true,"href":"https:\/\/blogs.correiobraziliense.com.br\/jusbraziliense\/wp-json\/wp\/v2\/categories?post=365"},{"taxonomy":"post_tag","embeddable":true,"href":"https:\/\/blogs.correiobraziliense.com.br\/jusbraziliense\/wp-json\/wp\/v2\/tags?post=365"}],"curies":[{"name":"wp","href":"https:\/\/api.w.org\/{rel}","templated":true}]}}