{"id":255,"date":"2023-06-16T16:29:02","date_gmt":"2023-06-16T19:29:02","guid":{"rendered":"https:\/\/blogs.correiobraziliense.com.br\/jusbraziliense\/?p=255"},"modified":"2023-06-16T16:29:42","modified_gmt":"2023-06-16T19:29:42","slug":"direito-penal-a-semana-nos-tribunais-superiores-4","status":"publish","type":"post","link":"https:\/\/blogs.correiobraziliense.com.br\/jusbraziliense\/2023\/06\/16\/direito-penal-a-semana-nos-tribunais-superiores-4\/","title":{"rendered":"Direito Penal: a semana nos Tribunais Superiores"},"content":{"rendered":"<p>&nbsp;<\/p>\n<p>Por<a href=\"https:\/\/www.linkedin.com\/in\/ritanmachado\/\"> Rita Machado\u00a0<\/a><\/p>\n<h1>Direito penal e um breve resumo dos\u00a0principais julgados nos tribunais superiores da semana 12\/06 &#8211; 16\/06<\/h1>\n<p><img loading=\"lazy\" decoding=\"async\" class=\"alignnone size-medium wp-image-65\" src=\"https:\/\/blogs.correiobraziliense.com.br\/jusbraziliense\/wp-content\/uploads\/sites\/66\/2023\/04\/cbpfot131220152616-6747141-300x199.jpg\" alt=\"\" width=\"300\" height=\"199\" srcset=\"https:\/\/blogs.correiobraziliense.com.br\/jusbraziliense\/wp-content\/uploads\/sites\/66\/2023\/04\/cbpfot131220152616-6747141-300x199.jpg 300w, https:\/\/blogs.correiobraziliense.com.br\/jusbraziliense\/wp-content\/uploads\/sites\/66\/2023\/04\/cbpfot131220152616-6747141-768x509.jpg 768w, https:\/\/blogs.correiobraziliense.com.br\/jusbraziliense\/wp-content\/uploads\/sites\/66\/2023\/04\/cbpfot131220152616-6747141-800x530.jpg 800w, https:\/\/blogs.correiobraziliense.com.br\/jusbraziliense\/wp-content\/uploads\/sites\/66\/2023\/04\/cbpfot131220152616-6747141-550x365.jpg 550w, https:\/\/blogs.correiobraziliense.com.br\/jusbraziliense\/wp-content\/uploads\/sites\/66\/2023\/04\/cbpfot131220152616-6747141-230x152.jpg 230w, https:\/\/blogs.correiobraziliense.com.br\/jusbraziliense\/wp-content\/uploads\/sites\/66\/2023\/04\/cbpfot131220152616-6747141.jpg 1000w\" sizes=\"auto, (max-width: 300px) 100vw, 300px\" \/><\/p>\n<p>&nbsp;<\/p>\n<h1><strong>No STF&#8230;<\/strong><\/h1>\n<h2><strong>Por n\u00e3o poder reexaminar provas, STF mant\u00e9m condena\u00e7\u00e3o de r\u00e9us presos com 5g de drogas<\/strong><\/h2>\n<p>Em julgamento de Habeas Corpus o reexame do conjunto probat\u00f3rio que fundamentou a senten\u00e7a \u00e9 vedado, sob esse argumento a 2\u00aa Turma do STF, por quatro votos a um, manteve a condena\u00e7\u00e3o de um homem e uma mulher por tr\u00e1fico de drogas.<\/p>\n<h2><strong><a href=\"https:\/\/portal.stf.jus.br\/noticias\/verNoticiaDetalhe.asp?idConteudo=508795&amp;ori=1#:~:text=Por%20maioria%20de%20votos%2C%20o,janeiro%20(veja%20lista%20abaixo).\">STF aceita mais 70 den\u00fancias do 8 de janeiro<\/a><\/strong><\/h2>\n<p>O Plen\u00e1rio do Supremo Tribunal Federal recebeu mais 70 den\u00fancias apresentadas pela Procuradoria-Geral da Rep\u00fablica contra bolsonaristas acusados de envolvimento nos atos golpistas de 8 de janeiro, em Bras\u00edlia.<\/p>\n<h2><strong>STF come\u00e7a a analisar se a n\u00e3o disponibiliza\u00e7\u00e3o \u00e0 defesa de documentos de delatores ofende a S\u00famula Vinculante 14.<\/strong><\/h2>\n<p>O julgamento da quest\u00e3o come\u00e7ou nesta ter\u00e7a-feira (13\/06) e determinar\u00e1 se h\u00e1 viola\u00e7\u00e3o \u00e0 Sumula Vinculante 14 do STF quando o Minist\u00e9rio P\u00fablico n\u00e3o disponibiliza \u00e0 defesa documentos fornecidos por delatores cujo sigilo seja essencial para medidas investigativas em curso e arquivos protegidos por senha, os quais nem a acusa\u00e7\u00e3o consegue acessar.<\/p>\n<h2><strong><a href=\"https:\/\/www.correiobraziliense.com.br\/politica\/2023\/06\/5102046-moraes-concede-liberdade-a-youtuber-suspeito-de-incentivar-atos-golpistas.html\">Alexandre de Moraes concede liberdade a humorista acusado de incentivar atos antidemocr\u00e1ticos<\/a><\/strong><\/h2>\n<p>Por entender que a efic\u00e1cia da pris\u00e3o j\u00e1 havia se demostrado suficiente, o ministro Alexandre de Moraes concedeu liberdade ao humorista Bismark Fugazza, preso desde 17 de mar\u00e7o acusado de incentivar atos antidemocr\u00e1ticos.<\/p>\n<h2><strong><a href=\"https:\/\/portal.stf.jus.br\/noticias\/verNoticiaDetalhe.asp?idConteudo=508937&amp;ori=1\">STF come\u00e7a a julgar constitucionalidade do juiz das garantias<\/a><\/strong><\/h2>\n<p>O Plen\u00e1rio do Supremo Tribunal Federal come\u00e7ou a julgar a constitucionalidade da cria\u00e7\u00e3o do juiz das garantias, instituto inserido no C\u00f3digo de Processo Penal pelo Pacote Anticrime (Lei 13.964\/2019).<\/p>\n<p>&nbsp;<\/p>\n<h1><strong>No STJ&#8230;<\/strong><\/h1>\n<h2><strong><a href=\"https:\/\/www.correiobraziliense.com.br\/brasil\/2023\/06\/5101555-boate-kiss-ministros-pedem-vista-e-julgamento-sobre-anulacao-de-juri-e-adiado.html\">Schietti prop\u00f5e o afastamento das nulidades em condena\u00e7\u00f5es do caso Boate Kiss<\/a><\/strong><\/h2>\n<p>O Tribunal de Justi\u00e7a do Rio Grande do Sul, em agosto de 2022, anulou a condena\u00e7\u00e3o de Elissandro Spohr, Mauro Hoffmann, Marcelo de Jesus dos Santos e Luciano Bonilha Le\u00e3o pelas 242 mortes e pelos mais de 600 feridos na trag\u00e9dia. O Minsitro Rog\u00e9rio Schietti afastou todas as causas de nulidades levantadas pelo TJ com a proposta de devolver o caso para a corte estadual continuar o julgamento do m\u00e9rito da apela\u00e7\u00e3o.<\/p>\n<h2><strong>Ministro Ribeiro Dantas anula reconhecimento pessoal ilegal e absolve acusado de roubo<\/strong><\/h2>\n<p>STJ, em reitera\u00e7\u00e3o \u00e0 jurisprud\u00eancia da Corte, decidiu anular a\u00e7\u00e3o penal contra um homem condenado por roubo e corrup\u00e7\u00e3o de menores a nove anos e seis meses de pris\u00e3o, em regime fechado pois a \u00fanica prova que fundamentava a condena\u00e7\u00e3o era o reconhecimento feito fora dos procedimentos determinados pelo CPP.<\/p>\n","protected":false},"excerpt":{"rendered":"<p>&nbsp; Por Rita Machado\u00a0 Direito penal e um breve resumo dos\u00a0principais julgados nos tribunais superiores da semana 12\/06 &#8211; 16\/06 &nbsp; No STF&#8230; Por n\u00e3o poder reexaminar provas, STF mant\u00e9m condena\u00e7\u00e3o de r\u00e9us presos com 5g de drogas Em julgamento de Habeas Corpus o reexame do conjunto probat\u00f3rio que fundamentou a senten\u00e7a \u00e9 vedado, sob esse argumento a 2\u00aa Turma [&hellip;]<\/p>\n","protected":false},"author":142,"featured_media":0,"comment_status":"open","ping_status":"open","sticky":false,"template":"","format":"standard","meta":{"footnotes":""},"categories":[4],"tags":[30,43,39,7,11],"class_list":["post-255","post","type-post","status-publish","format-standard","hentry","category-direito-penal","tag-direito-penal","tag-julgados","tag-jurisprudencia","tag-stf","tag-stj"],"_links":{"self":[{"href":"https:\/\/blogs.correiobraziliense.com.br\/jusbraziliense\/wp-json\/wp\/v2\/posts\/255","targetHints":{"allow":["GET"]}}],"collection":[{"href":"https:\/\/blogs.correiobraziliense.com.br\/jusbraziliense\/wp-json\/wp\/v2\/posts"}],"about":[{"href":"https:\/\/blogs.correiobraziliense.com.br\/jusbraziliense\/wp-json\/wp\/v2\/types\/post"}],"author":[{"embeddable":true,"href":"https:\/\/blogs.correiobraziliense.com.br\/jusbraziliense\/wp-json\/wp\/v2\/users\/142"}],"replies":[{"embeddable":true,"href":"https:\/\/blogs.correiobraziliense.com.br\/jusbraziliense\/wp-json\/wp\/v2\/comments?post=255"}],"version-history":[{"count":2,"href":"https:\/\/blogs.correiobraziliense.com.br\/jusbraziliense\/wp-json\/wp\/v2\/posts\/255\/revisions"}],"predecessor-version":[{"id":257,"href":"https:\/\/blogs.correiobraziliense.com.br\/jusbraziliense\/wp-json\/wp\/v2\/posts\/255\/revisions\/257"}],"wp:attachment":[{"href":"https:\/\/blogs.correiobraziliense.com.br\/jusbraziliense\/wp-json\/wp\/v2\/media?parent=255"}],"wp:term":[{"taxonomy":"category","embeddable":true,"href":"https:\/\/blogs.correiobraziliense.com.br\/jusbraziliense\/wp-json\/wp\/v2\/categories?post=255"},{"taxonomy":"post_tag","embeddable":true,"href":"https:\/\/blogs.correiobraziliense.com.br\/jusbraziliense\/wp-json\/wp\/v2\/tags?post=255"}],"curies":[{"name":"wp","href":"https:\/\/api.w.org\/{rel}","templated":true}]}}