{"id":230,"date":"2023-06-02T18:31:36","date_gmt":"2023-06-02T21:31:36","guid":{"rendered":"https:\/\/blogs.correiobraziliense.com.br\/jusbraziliense\/?p=230"},"modified":"2023-06-02T18:32:16","modified_gmt":"2023-06-02T21:32:16","slug":"direito-penal-a-semana-nos-tribunais-superiores-3","status":"publish","type":"post","link":"https:\/\/blogs.correiobraziliense.com.br\/jusbraziliense\/2023\/06\/02\/direito-penal-a-semana-nos-tribunais-superiores-3\/","title":{"rendered":"Direito Penal: a semana nos Tribunais Superiores"},"content":{"rendered":"<p>Por<a href=\"https:\/\/www.linkedin.com\/in\/ritanmachado\/\"> Rita Machado\u00a0<\/a><\/p>\n<h1>Direito penal e um breve resumo dos\u00a0principais julgados nos tribunais superiores da semana 29\/05 &#8211; 02\/06<\/h1>\n<p><img loading=\"lazy\" decoding=\"async\" class=\"alignnone size-medium wp-image-65\" src=\"https:\/\/blogs.correiobraziliense.com.br\/jusbraziliense\/wp-content\/uploads\/sites\/66\/2023\/04\/cbpfot131220152616-6747141-300x199.jpg\" alt=\"\" width=\"300\" height=\"199\" srcset=\"https:\/\/blogs.correiobraziliense.com.br\/jusbraziliense\/wp-content\/uploads\/sites\/66\/2023\/04\/cbpfot131220152616-6747141-300x199.jpg 300w, https:\/\/blogs.correiobraziliense.com.br\/jusbraziliense\/wp-content\/uploads\/sites\/66\/2023\/04\/cbpfot131220152616-6747141-768x509.jpg 768w, https:\/\/blogs.correiobraziliense.com.br\/jusbraziliense\/wp-content\/uploads\/sites\/66\/2023\/04\/cbpfot131220152616-6747141-800x530.jpg 800w, https:\/\/blogs.correiobraziliense.com.br\/jusbraziliense\/wp-content\/uploads\/sites\/66\/2023\/04\/cbpfot131220152616-6747141-550x365.jpg 550w, https:\/\/blogs.correiobraziliense.com.br\/jusbraziliense\/wp-content\/uploads\/sites\/66\/2023\/04\/cbpfot131220152616-6747141-230x152.jpg 230w, https:\/\/blogs.correiobraziliense.com.br\/jusbraziliense\/wp-content\/uploads\/sites\/66\/2023\/04\/cbpfot131220152616-6747141.jpg 1000w\" sizes=\"auto, (max-width: 300px) 100vw, 300px\" \/><\/p>\n<p><strong>No STF&#8230;<\/strong><\/p>\n<h1><strong>Condena\u00e7\u00e3o de Eduardo Cunha \u00e9 anulada pelo STF<\/strong><\/h1>\n<p>2\u00aa Turma do STF anula condena\u00e7\u00e3o de 16 anos do ex-deputado federal Eduardo Cunha pela pr\u00e1tica de corrup\u00e7\u00e3o passiva e lavagem de dinheiro.<\/p>\n<h1>STF condena Fernando Collor a 8 anos e 10 meses de pris\u00e3o, tendo os ministros que votaram pela absolvi\u00e7\u00e3o do r\u00e9u participado da dosimetria da pena<\/h1>\n<p>STF condenou o\u00a0ex-senador\u00a0Fernando Collor\u00a0a\u00a0pena de oito anos e 10 meses de pris\u00e3o em regime inicial fechado, pela pr\u00e1tica dos crimes de corrup\u00e7\u00e3o passiva e lavagem de dinheiro. Tamb\u00e9m foi condenado a pagar 90 dias-multa e indeniza\u00e7\u00e3o de R$ 20 milh\u00f5es por danos morais<\/p>\n<h1>STF suspende a\u00e7\u00e3o penal em que senador Renan Calheiros \u00e9 acusado de crimes contra honra<\/h1>\n<p>O relator, Andr\u00e9 Mendon\u00e7a, suspendeu tramita\u00e7\u00e3o de a\u00e7\u00e3o penal em que o presidente da C\u00e2mara dos Deputados, Arthur Lira (PP-AL), acusa o senador Renan Calheiros (MDB-AL) de crimes contra sua honra.<\/p>\n<h1><strong>No STJ&#8230;<\/strong><\/h1>\n<h1>STJ determina an\u00e1lise de regime aberto de Anna Carolina Jatob\u00e1<\/h1>\n<p>5\u00aa turma do STJ determinou que o ju\u00edzo da execu\u00e7\u00e3o de SP aprecie o pedido de progress\u00e3o ao regime aberto de Anna Carolina Jatob\u00e1 por meio de exame criminol\u00f3gico.<\/p>\n<h1>STJ absolve acusado de estupro por falha em reconhecimento pessoal<\/h1>\n<p>Homem condenado por roubo e estupro no interior de um \u00f4nibus no Rio de Janeiro foi absolvido pela 6\u00aa Turma do STJ por haverem s\u00e9rias inconsist\u00eancias e indevidas interfer\u00eancias no procedimento de reconhecimento pessoal do suspeito, bem como grave falha na persecu\u00e7\u00e3o penal, relativamente \u00e0 produ\u00e7\u00e3o de provas.<\/p>\n","protected":false},"excerpt":{"rendered":"<p>Por Rita Machado\u00a0 Direito penal e um breve resumo dos\u00a0principais julgados nos tribunais superiores da semana 29\/05 &#8211; 02\/06 No STF&#8230; Condena\u00e7\u00e3o de Eduardo Cunha \u00e9 anulada pelo STF 2\u00aa Turma do STF anula condena\u00e7\u00e3o de 16 anos do ex-deputado federal Eduardo Cunha pela pr\u00e1tica de corrup\u00e7\u00e3o passiva e lavagem de dinheiro. STF condena Fernando Collor a 8 anos e [&hellip;]<\/p>\n","protected":false},"author":142,"featured_media":0,"comment_status":"open","ping_status":"open","sticky":false,"template":"","format":"standard","meta":{"footnotes":""},"categories":[4],"tags":[30,39],"class_list":["post-230","post","type-post","status-publish","format-standard","hentry","category-direito-penal","tag-direito-penal","tag-jurisprudencia"],"_links":{"self":[{"href":"https:\/\/blogs.correiobraziliense.com.br\/jusbraziliense\/wp-json\/wp\/v2\/posts\/230","targetHints":{"allow":["GET"]}}],"collection":[{"href":"https:\/\/blogs.correiobraziliense.com.br\/jusbraziliense\/wp-json\/wp\/v2\/posts"}],"about":[{"href":"https:\/\/blogs.correiobraziliense.com.br\/jusbraziliense\/wp-json\/wp\/v2\/types\/post"}],"author":[{"embeddable":true,"href":"https:\/\/blogs.correiobraziliense.com.br\/jusbraziliense\/wp-json\/wp\/v2\/users\/142"}],"replies":[{"embeddable":true,"href":"https:\/\/blogs.correiobraziliense.com.br\/jusbraziliense\/wp-json\/wp\/v2\/comments?post=230"}],"version-history":[{"count":3,"href":"https:\/\/blogs.correiobraziliense.com.br\/jusbraziliense\/wp-json\/wp\/v2\/posts\/230\/revisions"}],"predecessor-version":[{"id":240,"href":"https:\/\/blogs.correiobraziliense.com.br\/jusbraziliense\/wp-json\/wp\/v2\/posts\/230\/revisions\/240"}],"wp:attachment":[{"href":"https:\/\/blogs.correiobraziliense.com.br\/jusbraziliense\/wp-json\/wp\/v2\/media?parent=230"}],"wp:term":[{"taxonomy":"category","embeddable":true,"href":"https:\/\/blogs.correiobraziliense.com.br\/jusbraziliense\/wp-json\/wp\/v2\/categories?post=230"},{"taxonomy":"post_tag","embeddable":true,"href":"https:\/\/blogs.correiobraziliense.com.br\/jusbraziliense\/wp-json\/wp\/v2\/tags?post=230"}],"curies":[{"name":"wp","href":"https:\/\/api.w.org\/{rel}","templated":true}]}}