{"id":153,"date":"2023-05-11T16:47:27","date_gmt":"2023-05-11T19:47:27","guid":{"rendered":"https:\/\/blogs.correiobraziliense.com.br\/jusbraziliense\/?p=153"},"modified":"2023-05-11T16:47:27","modified_gmt":"2023-05-11T19:47:27","slug":"concessao-de-salvo-conduto-para-plantacao-de-cannabis","status":"publish","type":"post","link":"https:\/\/blogs.correiobraziliense.com.br\/jusbraziliense\/2023\/05\/11\/concessao-de-salvo-conduto-para-plantacao-de-cannabis\/","title":{"rendered":"Concess\u00e3o de salvo-conduto para planta\u00e7\u00e3o de cannabis"},"content":{"rendered":"<h3>Por <a href=\"https:\/\/www.linkedin.com\/in\/ritanmachado\/\">Rita Machado<\/a><\/h3>\n<h2>O TRF4, concedeu, no m\u00eas de mar\u00e7o deste ano, salvo-conduto para um homem de Santa Catarina cultivar at\u00e9 20 p\u00e9s de cannabis sativa a cada tr\u00eas meses, para extra\u00e7\u00e3o de \u00f3leo com fim medicinal, fundamentado no direito \u00e0 sa\u00fade.<\/h2>\n<p>Ap\u00f3s acidente de moto, o paciente sofre com dores cr\u00f4nicas no ombro e o tratamento com o \u00f3leo de cannabis \u00e9 o que se mostrou mais eficaz para o controle da dor.<\/p>\n<p>O entendimento da Corte \u00e9 de que a pequena quantidade da cannabis \u201cn\u00e3o \u00e9 extra\u00e7\u00e3o de droga (maconha), com o fim de entorpecimento \u2013 potencialmente causador de depend\u00eancia -, mas t\u00e3o somente a extra\u00e7\u00e3o das subst\u00e2ncias com reconhecidas propriedades medicinas contidas na planta\u201d, de modo que o homem tamb\u00e9m poder\u00e1 importar as sementes necess\u00e1rias para o cultivo autorizado. (5048188-18.2022.4.04.0000)<\/p>\n<p>Cumpre ressaltar que o <a href=\"https:\/\/www.stj.jus.br\/sites\/portalp\/Paginas\/Comunicacao\/Noticias\/14062022-Sexta-Turma-da-salvo-conduto-para-pacientes-cultivarem-Cannabis-com-fim-medicinal.aspx\">STJ<\/a> j\u00e1 havia implementado esse entendimento, no ano de 2022, ao conceder salvo-conduto para garantir a tr\u00eas pessoas o cultivo da cannabis sativa com a finalidade de extrair \u00f3leo medicinal para uso pr\u00f3prio.<\/p>\n<p>O entendimento da Corte \u00e9 no sentido de que a produ\u00e7\u00e3o artesanal do \u00f3leo com fins terap\u00eauticos n\u00e3o representa risco de les\u00e3o \u00e0 sa\u00fade p\u00fablica ou a qualquer outro bem jur\u00eddico protegido pela legisla\u00e7\u00e3o antidrogas. RHC 147169<\/p>\n<p>Para o ministro Sebasti\u00e3o Reis J\u00fanior, as normas penais relativas \u00e0s drogas procuram tutelar a sa\u00fade da coletividade, mas esse risco n\u00e3o se verifica quando a medicina prescreve as plantas psicotr\u00f3picas para o tratamento de doen\u00e7as.<\/p>\n<h6>Processo em segredo no TRF4 n\u00ba 5048188-18.2022.4.04.0000<\/h6>\n","protected":false},"excerpt":{"rendered":"<p>Por Rita Machado O TRF4, concedeu, no m\u00eas de mar\u00e7o deste ano, salvo-conduto para um homem de Santa Catarina cultivar at\u00e9 20 p\u00e9s de cannabis sativa a cada tr\u00eas meses, para extra\u00e7\u00e3o de \u00f3leo com fim medicinal, fundamentado no direito \u00e0 sa\u00fade. Ap\u00f3s acidente de moto, o paciente sofre com dores cr\u00f4nicas no ombro e o tratamento com o \u00f3leo [&hellip;]<\/p>\n","protected":false},"author":142,"featured_media":0,"comment_status":"open","ping_status":"open","sticky":false,"template":"","format":"standard","meta":{"footnotes":""},"categories":[4,1],"tags":[],"class_list":["post-153","post","type-post","status-publish","format-standard","hentry","category-direito-penal","category-sem-categoria"],"_links":{"self":[{"href":"https:\/\/blogs.correiobraziliense.com.br\/jusbraziliense\/wp-json\/wp\/v2\/posts\/153","targetHints":{"allow":["GET"]}}],"collection":[{"href":"https:\/\/blogs.correiobraziliense.com.br\/jusbraziliense\/wp-json\/wp\/v2\/posts"}],"about":[{"href":"https:\/\/blogs.correiobraziliense.com.br\/jusbraziliense\/wp-json\/wp\/v2\/types\/post"}],"author":[{"embeddable":true,"href":"https:\/\/blogs.correiobraziliense.com.br\/jusbraziliense\/wp-json\/wp\/v2\/users\/142"}],"replies":[{"embeddable":true,"href":"https:\/\/blogs.correiobraziliense.com.br\/jusbraziliense\/wp-json\/wp\/v2\/comments?post=153"}],"version-history":[{"count":1,"href":"https:\/\/blogs.correiobraziliense.com.br\/jusbraziliense\/wp-json\/wp\/v2\/posts\/153\/revisions"}],"predecessor-version":[{"id":154,"href":"https:\/\/blogs.correiobraziliense.com.br\/jusbraziliense\/wp-json\/wp\/v2\/posts\/153\/revisions\/154"}],"wp:attachment":[{"href":"https:\/\/blogs.correiobraziliense.com.br\/jusbraziliense\/wp-json\/wp\/v2\/media?parent=153"}],"wp:term":[{"taxonomy":"category","embeddable":true,"href":"https:\/\/blogs.correiobraziliense.com.br\/jusbraziliense\/wp-json\/wp\/v2\/categories?post=153"},{"taxonomy":"post_tag","embeddable":true,"href":"https:\/\/blogs.correiobraziliense.com.br\/jusbraziliense\/wp-json\/wp\/v2\/tags?post=153"}],"curies":[{"name":"wp","href":"https:\/\/api.w.org\/{rel}","templated":true}]}}