{"id":146,"date":"2023-05-05T18:50:38","date_gmt":"2023-05-05T21:50:38","guid":{"rendered":"https:\/\/blogs.correiobraziliense.com.br\/jusbraziliense\/?p=146"},"modified":"2023-05-05T18:50:38","modified_gmt":"2023-05-05T21:50:38","slug":"direito-penal-a-semana-nos-tribunais-superiores","status":"publish","type":"post","link":"https:\/\/blogs.correiobraziliense.com.br\/jusbraziliense\/2023\/05\/05\/direito-penal-a-semana-nos-tribunais-superiores\/","title":{"rendered":"Direito Penal: a semana nos Tribunais Superiores"},"content":{"rendered":"<p>Por<a href=\"https:\/\/www.linkedin.com\/in\/ritanmachado\/\"> Rita Machado\u00a0<\/a><\/p>\n<h1>Direito penal e os\u00a0principais julgados nos tribunais superiores da semana 01\/05 &#8211; 05\/05<\/h1>\n<p><img loading=\"lazy\" decoding=\"async\" class=\"alignnone size-medium wp-image-65\" src=\"https:\/\/blogs.correiobraziliense.com.br\/jusbraziliense\/wp-content\/uploads\/sites\/66\/2023\/04\/cbpfot131220152616-6747141-300x199.jpg\" alt=\"\" width=\"300\" height=\"199\" srcset=\"https:\/\/blogs.correiobraziliense.com.br\/jusbraziliense\/wp-content\/uploads\/sites\/66\/2023\/04\/cbpfot131220152616-6747141-300x199.jpg 300w, https:\/\/blogs.correiobraziliense.com.br\/jusbraziliense\/wp-content\/uploads\/sites\/66\/2023\/04\/cbpfot131220152616-6747141-768x509.jpg 768w, https:\/\/blogs.correiobraziliense.com.br\/jusbraziliense\/wp-content\/uploads\/sites\/66\/2023\/04\/cbpfot131220152616-6747141-800x530.jpg 800w, https:\/\/blogs.correiobraziliense.com.br\/jusbraziliense\/wp-content\/uploads\/sites\/66\/2023\/04\/cbpfot131220152616-6747141-550x365.jpg 550w, https:\/\/blogs.correiobraziliense.com.br\/jusbraziliense\/wp-content\/uploads\/sites\/66\/2023\/04\/cbpfot131220152616-6747141-230x152.jpg 230w, https:\/\/blogs.correiobraziliense.com.br\/jusbraziliense\/wp-content\/uploads\/sites\/66\/2023\/04\/cbpfot131220152616-6747141.jpg 1000w\" sizes=\"auto, (max-width: 300px) 100vw, 300px\" \/><\/p>\n<p>&nbsp;<\/p>\n<h1>No STF&#8230;<\/h1>\n<h3>04\/05<\/h3>\n<h3><a href=\"https:\/\/www.correiobraziliense.com.br\/politica\/2023\/05\/5092156-stf-forma-maioria-para-derrubar-o-indulto-de-bolsonaro-a-daniel-silveira.html\">STF forma maioria para derrubar indulto de Bolsonaro a Daniel Silveira<\/a><\/h3>\n<p>&nbsp;<\/p>\n<p>Os ministros Edson Fachin, Alexandre de Moraes, Lu\u00eds Roberto Barroso, Dias Toffoli (com diverg\u00eancias), Rosa Weber e C\u00e1rmen L\u00facia consideraram inconstitucional o perd\u00e3o. J\u00e1 Nunes Marques e Andr\u00e9 Mendon\u00e7a, votaram para manter o indulto. Luiz Fux e Gilmar Mendes ir\u00e3o apresentar os votos apenas na pr\u00f3xima sess\u00e3o, marcada para acontecer no dia 10 de maio.<\/p>\n<p>&nbsp;<\/p>\n<h1>No STJ&#8230;<\/h1>\n<h3><a href=\"https:\/\/processo.stj.jus.br\/jurisprudencia\/externo\/informativo\/\">02\/05<\/a><\/h3>\n<h3>DOSIMETRIA DE PENA EM REVIS\u00c3O CRIMINAL<\/h3>\n<p>Os fundamentos utilizados na dosimetria da pena somente devem ser reexaminados se evidenciado, previamente, o cabimento do pedido revisional.<\/p>\n<p>&nbsp;<\/p>\n<h3>REGISTRO N\u00c3O AUTORIZADO DA INTIMIDADE SEXUAL. A\u00c7\u00c3O PENAL P\u00daBLICA INCONDICIONADA<\/h3>\n<p>O delito de registro n\u00e3o autorizado da intimidade sexual (art. 216-B do CP) possui a natureza de a\u00e7\u00e3o penal p\u00fablica incondicionada.<\/p>\n<p>&nbsp;<\/p>\n<h3>CABIMENTO ANPP<\/h3>\n<p>Nos casos em que houver a modifica\u00e7\u00e3o do quadro f\u00e1tico-jur\u00eddico, e, ainda, em situa\u00e7\u00f5es em que houver a desclassifica\u00e7\u00e3o do delito &#8211; seja por\u00a0<em>emendatio<\/em>\u00a0ou\u00a0<em>mutatio libelli<\/em>\u00a0-, uma vez preenchidos os requisitos legais exigidos para o Acordo de N\u00e3o Persecu\u00e7\u00e3o Penal, torna-se cab\u00edvel o instituto negocial.<\/p>\n<p>&nbsp;<\/p>\n<h3>03\/05<\/h3>\n<h3>Governador deve ser julgado pelo STJ por fatos praticados enquanto vice<\/h3>\n<p>De acordo com a Corte Especial (STJ), cabe ao Superior Tribunal de Justi\u00e7a processar e julgar governador em exerc\u00edcio que deixou o cargo de vice no mesmo mandato, quando os atos imputados digam respeito ao exerc\u00edcio de fun\u00e7\u00f5es no \u00e2mbito do Poder Executivo estadual.<\/p>\n<p>&nbsp;<\/p>\n<h3>04\/05<\/h3>\n<h3><a href=\"https:\/\/www.stj.jus.br\/sites\/portalp\/Paginas\/Comunicacao\/Noticias\/2023\/04052023-Mulher-em-situacao-de-violencia-deve-ser-ouvida-sobre-o-fim-de-medidas-protetivas.aspx\">Mulher em situa\u00e7\u00e3o de viol\u00eancia deve ser ouvida sobre o fim de medidas protetivas<\/a><\/h3>\n<p>A Terceira Se\u00e7\u00e3o do Superior Tribunal de Justi\u00e7a (STJ) decidiu que, independentemente da extin\u00e7\u00e3o da punibilidade do autor, a mulher em situa\u00e7\u00e3o de viol\u00eancia deve ser ouvida acerca da necessidade da manuten\u00e7\u00e3o de medidas protetivas de urg\u00eancia, antes de sua cessa\u00e7\u00e3o.<\/p>\n<p>&nbsp;<\/p>\n","protected":false},"excerpt":{"rendered":"<p>Por Rita Machado\u00a0 Direito penal e os\u00a0principais julgados nos tribunais superiores da semana 01\/05 &#8211; 05\/05 &nbsp; No STF&#8230; 04\/05 STF forma maioria para derrubar indulto de Bolsonaro a Daniel Silveira &nbsp; Os ministros Edson Fachin, Alexandre de Moraes, Lu\u00eds Roberto Barroso, Dias Toffoli (com diverg\u00eancias), Rosa Weber e C\u00e1rmen L\u00facia consideraram inconstitucional o perd\u00e3o. J\u00e1 Nunes Marques e Andr\u00e9 [&hellip;]<\/p>\n","protected":false},"author":143,"featured_media":0,"comment_status":"open","ping_status":"open","sticky":false,"template":"","format":"standard","meta":{"footnotes":""},"categories":[5,4,1],"tags":[24,23,22],"class_list":["post-146","post","type-post","status-publish","format-standard","hentry","category-direito-constitucional","category-direito-penal","category-sem-categoria","tag-anpp","tag-dosimetria","tag-indulto"],"_links":{"self":[{"href":"https:\/\/blogs.correiobraziliense.com.br\/jusbraziliense\/wp-json\/wp\/v2\/posts\/146","targetHints":{"allow":["GET"]}}],"collection":[{"href":"https:\/\/blogs.correiobraziliense.com.br\/jusbraziliense\/wp-json\/wp\/v2\/posts"}],"about":[{"href":"https:\/\/blogs.correiobraziliense.com.br\/jusbraziliense\/wp-json\/wp\/v2\/types\/post"}],"author":[{"embeddable":true,"href":"https:\/\/blogs.correiobraziliense.com.br\/jusbraziliense\/wp-json\/wp\/v2\/users\/143"}],"replies":[{"embeddable":true,"href":"https:\/\/blogs.correiobraziliense.com.br\/jusbraziliense\/wp-json\/wp\/v2\/comments?post=146"}],"version-history":[{"count":6,"href":"https:\/\/blogs.correiobraziliense.com.br\/jusbraziliense\/wp-json\/wp\/v2\/posts\/146\/revisions"}],"predecessor-version":[{"id":152,"href":"https:\/\/blogs.correiobraziliense.com.br\/jusbraziliense\/wp-json\/wp\/v2\/posts\/146\/revisions\/152"}],"wp:attachment":[{"href":"https:\/\/blogs.correiobraziliense.com.br\/jusbraziliense\/wp-json\/wp\/v2\/media?parent=146"}],"wp:term":[{"taxonomy":"category","embeddable":true,"href":"https:\/\/blogs.correiobraziliense.com.br\/jusbraziliense\/wp-json\/wp\/v2\/categories?post=146"},{"taxonomy":"post_tag","embeddable":true,"href":"https:\/\/blogs.correiobraziliense.com.br\/jusbraziliense\/wp-json\/wp\/v2\/tags?post=146"}],"curies":[{"name":"wp","href":"https:\/\/api.w.org\/{rel}","templated":true}]}}