{"id":80,"date":"2017-08-25T03:46:59","date_gmt":"2017-08-25T03:46:59","guid":{"rendered":"https:\/\/blogs.correiobraziliense.com.br\/igualdade\/?p=80"},"modified":"2017-08-25T03:55:34","modified_gmt":"2017-08-25T03:55:34","slug":"video-mulheres-memorias-e-cinema","status":"publish","type":"post","link":"https:\/\/blogs.correiobraziliense.com.br\/igualdade\/video-mulheres-memorias-e-cinema\/","title":{"rendered":"V\u00eddeo: Mulheres, Mem\u00f3rias e Cinema"},"content":{"rendered":"<h2>Veja o debate na Procuradoria da Mulher no Senado<\/h2>\n<p style=\"text-align: justify\">Ontem, esta blogueira fez parte da plen\u00e1ria do m\u00eas de Agosto, na Procuradoria da Mulher no Senado, sobre as pol\u00edticas p\u00fablicas e as quest\u00f5es das mulheres no Brasil, principalmente, em rela\u00e7\u00e3o ao cinema (produ\u00e7\u00f5es audiovisuais) e ativismos contra a invisibilidade, o silenciamento hist\u00f3rico, os preconceitos e viol\u00eancias de g\u00eanero. A pauta <strong><em>Mulheres, Mem\u00f3rias e Cinema\u00a0<\/em><\/strong>foi discutida tamb\u00e9m com a cineasta e pesquisadora T\u00e2nia Fontenele, diretora de <em>Poeira e Batom: 50 Mulheres na Constru\u00e7\u00e3o de Bras\u00edlia; <\/em>com a representante da Frente de Mulheres Negras do DF e Entorno, Neide Rafael; e com a idealizadora do <em>Projeto Curta Maria<\/em>, professora Maria Jos\u00e9 Rocha Lima. A deputada Professora Marciv\u00e2nia (PCdoB-AP) abriu e contribuiu com a pauta.<\/p>\n<p style=\"text-align: justify\">As tem\u00e1ticas giram em torno das mulheres que produzem, dirigem, militam e\/ou pesquisam a produ\u00e7\u00e3o audiovisual nacional, com olhares interseccionais das diversidades de g\u00eanero, das quest\u00f5es \u00e9tnicas, das LGBTI, das geracionais, de religi\u00e3o, e de classe, e os papeis culturais, sociais, econ\u00f4micos, representados ou estereotipados nas telas. O ativismo pol\u00edtico na cria\u00e7\u00e3o audiovisual e nas organiza\u00e7\u00f5es coletivas para projetos de mulheres nos cinemas e na TV.<\/p>\n<p style=\"text-align: justify\">Como exemplo, a cineasta T\u00e2nia Fontenele, fala sobre o livro e filme <em>Poeira &amp; Batom,<\/em> com relatos de algumas das principais pioneiras que chegaram em Bras\u00edlia nos primeiros anos, entre 1956 e 1960. S\u00e3o engenheiras, arquitetas, m\u00e9dicas, enfermeiras, parteiras, professoras, escritoras, musicistas, motoristas (de caminh\u00e3o e jipes), lavadeiras, funcion\u00e1rias p\u00fablicas, prostitutas. Muitas vieram sozinhas ou foram as vision\u00e1rias que \u201cpuxaram\u201d seus maridos\/companheiros, sabendo ser o DF o novo \u201celdorado\u201d, ou a nova fronteira do Brasil.<\/p>\n<p style=\"text-align: justify\">Vale a pena acompanhar no v\u00eddeo, produzido pela TV Senado, as batalhas pelo olhar das mulheres no audiovisual, as emocionantes hist\u00f3rias contadas, e o que est\u00e1 sendo realizado no pa\u00eds, como o <em>Projeto Curta Maria<\/em>, que conta com jovens estudantes de Sobradinho; e tamb\u00e9m o ativismo organizado pela Frente das Mulheres Negras do DF.<\/p>\n<p><iframe loading=\"lazy\" width=\"1333\" height=\"1000\" src=\"https:\/\/www.youtube.com\/embed\/1Tz4z5P5Hig?feature=oembed\" frameborder=\"0\" allowfullscreen><\/iframe><\/p>\n<p>&nbsp;<\/p>\n<p>&nbsp;<\/p>\n","protected":false},"excerpt":{"rendered":"<p>Veja o debate na Procuradoria da Mulher no Senado Ontem, esta blogueira fez parte da plen\u00e1ria do m\u00eas de Agosto, na Procuradoria da Mulher no Senado, sobre as pol\u00edticas p\u00fablicas e as quest\u00f5es das mulheres no Brasil, principalmente, em rela\u00e7\u00e3o ao cinema (produ\u00e7\u00f5es audiovisuais) e ativismos contra a invisibilidade, o silenciamento hist\u00f3rico, os preconceitos e viol\u00eancias de g\u00eanero. A pauta [&hellip;]<\/p>\n","protected":false},"author":78,"featured_media":0,"comment_status":"open","ping_status":"open","sticky":false,"template":"","format":"standard","meta":{"footnotes":""},"categories":[45,11,9,31,8,13,10,44,12],"tags":[39,25,14,21,19,23,34,27],"class_list":["post-80","post","type-post","status-publish","format-standard","hentry","category-cinema-e-tv","category-direitos-humanos","category-feminismos","category-filosofia-e-politica","category-genero-genero","category-igualdade-de-direitos","category-lgbti","category-questoes-geracionais","category-raca-etnia","tag-ativismo-politico","tag-cinema","tag-direitos-humanos","tag-estereotipos","tag-feminismos","tag-midia","tag-mulheres","tag-politicas-publicas"],"_links":{"self":[{"href":"https:\/\/blogs.correiobraziliense.com.br\/igualdade\/wp-json\/wp\/v2\/posts\/80","targetHints":{"allow":["GET"]}}],"collection":[{"href":"https:\/\/blogs.correiobraziliense.com.br\/igualdade\/wp-json\/wp\/v2\/posts"}],"about":[{"href":"https:\/\/blogs.correiobraziliense.com.br\/igualdade\/wp-json\/wp\/v2\/types\/post"}],"author":[{"embeddable":true,"href":"https:\/\/blogs.correiobraziliense.com.br\/igualdade\/wp-json\/wp\/v2\/users\/78"}],"replies":[{"embeddable":true,"href":"https:\/\/blogs.correiobraziliense.com.br\/igualdade\/wp-json\/wp\/v2\/comments?post=80"}],"version-history":[{"count":2,"href":"https:\/\/blogs.correiobraziliense.com.br\/igualdade\/wp-json\/wp\/v2\/posts\/80\/revisions"}],"predecessor-version":[{"id":82,"href":"https:\/\/blogs.correiobraziliense.com.br\/igualdade\/wp-json\/wp\/v2\/posts\/80\/revisions\/82"}],"wp:attachment":[{"href":"https:\/\/blogs.correiobraziliense.com.br\/igualdade\/wp-json\/wp\/v2\/media?parent=80"}],"wp:term":[{"taxonomy":"category","embeddable":true,"href":"https:\/\/blogs.correiobraziliense.com.br\/igualdade\/wp-json\/wp\/v2\/categories?post=80"},{"taxonomy":"post_tag","embeddable":true,"href":"https:\/\/blogs.correiobraziliense.com.br\/igualdade\/wp-json\/wp\/v2\/tags?post=80"}],"curies":[{"name":"wp","href":"https:\/\/api.w.org\/{rel}","templated":true}]}}