{"id":451,"date":"2019-06-24T15:26:12","date_gmt":"2019-06-24T18:26:12","guid":{"rendered":"https:\/\/blogs.correiobraziliense.com.br\/igualdade\/?p=451"},"modified":"2019-06-24T15:47:45","modified_gmt":"2019-06-24T18:47:45","slug":"convite-para-roda-de-conversa-na-leitura","status":"publish","type":"post","link":"https:\/\/blogs.correiobraziliense.com.br\/igualdade\/convite-para-roda-de-conversa-na-leitura\/","title":{"rendered":"Convite para roda de conversa na Leitura"},"content":{"rendered":"<h2>Autora e blogueira fala sobre livro nesta quarta-feira<\/h2>\n<p><img loading=\"lazy\" decoding=\"async\" class=\"aligncenter size-full wp-image-452\" src=\"https:\/\/blogs.correiobraziliense.com.br\/igualdade\/wp-content\/uploads\/sites\/35\/2019\/06\/Convite-Livraria-Leitura.png\" alt=\"\" width=\"624\" height=\"627\" srcset=\"https:\/\/blogs.correiobraziliense.com.br\/igualdade\/wp-content\/uploads\/sites\/35\/2019\/06\/Convite-Livraria-Leitura.png 624w, https:\/\/blogs.correiobraziliense.com.br\/igualdade\/wp-content\/uploads\/sites\/35\/2019\/06\/Convite-Livraria-Leitura-150x150.png 150w, https:\/\/blogs.correiobraziliense.com.br\/igualdade\/wp-content\/uploads\/sites\/35\/2019\/06\/Convite-Livraria-Leitura-300x300.png 300w, https:\/\/blogs.correiobraziliense.com.br\/igualdade\/wp-content\/uploads\/sites\/35\/2019\/06\/Convite-Livraria-Leitura-550x553.png 550w, https:\/\/blogs.correiobraziliense.com.br\/igualdade\/wp-content\/uploads\/sites\/35\/2019\/06\/Convite-Livraria-Leitura-230x231.png 230w\" sizes=\"auto, (max-width: 624px) 100vw, 624px\" \/><\/p>\n<p>&nbsp;<\/p>\n<p style=\"text-align: justify\">Haver\u00e1 roda de conversa sobre o meu livro <em><strong>Entre Santas, Bruxas, Loucas e Femmes Fatales \u2013 (m\u00e1s) representa\u00e7\u00f5es e quest\u00f5es de g\u00eanero nos cinemas<\/strong><\/em> (<a href=\"https:\/\/www.editoraappris.com.br\/\">Editora Appris<\/a>), na <a href=\"https:\/\/www.google.com\/search?q=livraria+leitura+pier+21&amp;ie=utf-8&amp;oe=utf-8&amp;client=firefox-b\">Livraria Leitura do P\u00eder 21<\/a>, em Bras\u00edlia. Est\u00e3o todas e todos convidados para o debate, que ocorre nesta quarta-feira (26), a partir das 19h.<\/p>\n<p style=\"text-align: justify\">O livro, lan\u00e7ado h\u00e1 um m\u00eas, desnuda os problem\u00e1ticos estere\u00f3tipos (interseccionais) de g\u00eanero e o quanto a hist\u00f3ria das produ\u00e7\u00f5es audiovisuais, desde sempre, est\u00e1 ligada \u00e0s outras formas do fazer art\u00edstico e liter\u00e1rio no que tange aos olhares das sociedades patriarcais e cargas de preconceitos, fobias e segregacionismos.<\/p>\n<p style=\"text-align: justify\">Ao longo dos cap\u00edtulos, por meio de estudos de caso e cr\u00edticas, s\u00e3o recontadas as teorias e as hist\u00f3rias dos cinemas produzidos para as massas, para as grandes bilheterias e audi\u00eancias, bem como as produ\u00e7\u00f5es independentes, em geral realizadas por cineastas \u201cperif\u00e9ricos\u201d ao eurocentrismo: \u00e9 o cinema de \u201csotaque\u201d, com olhares de mulheres e homens fronteiri\u00e7os, que transbordam hibridismos culturais, transnacionais, e seus ex\u00edlios internos e externos. As(os) leitoras(es) ter\u00e3o surpresas com os \u201capag\u00f5es\u201d, omiss\u00f5es, sobre as mulheres que fizeram parte ativa na cria\u00e7\u00e3o das narrativas audiovisuais como as conhecemos at\u00e9 hoje.<\/p>\n<p style=\"text-align: justify\">S\u00e3o abordadas e aprofundadas quest\u00f5es fundamentais sobre a influ\u00eancia massiva das produ\u00e7\u00f5es audiovisuais em comportamentos, pol\u00edticas (sociais, culturais e de governos), economias, religi\u00f5es, e cotidianos das sociedades globais e locais. Para as an\u00e1lises e os recursos de estudos de caso e cr\u00edticas, foram repassadas as t\u00e9cnicas e teorias f\u00edlmicas, an\u00e1lises de imagem e do discurso, e as hist\u00f3rias dos cinemas mundiais, tanto os produzidos para as grandes bilheterias \u2013 em especial o de Hollywood \u2013 como os chamados \u201cindependentes\u201d, os produzidos e distribu\u00eddos em menor escala. A pesquisa \u00e9, em ess\u00eancia, fundamentada nos estudos de g\u00eanero e feministas, para estudar a fundo as representa\u00e7\u00f5es, as quest\u00f5es cr\u00edticas, as estat\u00edsticas, e os modelos e estere\u00f3tipos nos cinemas, nas TVs e nas atuais produ\u00e7\u00f5es em canais de <em>streaming<\/em> digital, como o <em>Netflix<\/em> e o <em>Hulu<\/em>.<\/p>\n<h3><strong>Servi\u00e7o:<br \/>\n<\/strong><\/h3>\n<p style=\"text-align: justify\"><strong>Roda de Conversa sobre o livro Entre Santas, Bruxas, Loucas e Femmes Fatales <\/strong><\/p>\n<p style=\"text-align: justify\"><strong>Livraria Leitura, Pier 21:<\/strong> Setor de Clubes Sul, Trecho 2, Loja A2, Bras\u00edlia<\/p>\n<p style=\"text-align: justify\"><strong>Dia:<\/strong> 26 de Junho (quarta-feira)<\/p>\n<p style=\"text-align: justify\"><strong>Hor\u00e1rio:<\/strong> 19h<\/p>\n<p><strong>Autora:<\/strong> Sandra de S. Machado<\/p>\n<p><strong>Editora Appris, 365 p\u00e1ginas<\/strong><\/p>\n<p>&nbsp;<\/p>\n","protected":false},"excerpt":{"rendered":"<p>Autora e blogueira fala sobre livro nesta quarta-feira &nbsp; Haver\u00e1 roda de conversa sobre o meu livro Entre Santas, Bruxas, Loucas e Femmes Fatales \u2013 (m\u00e1s) representa\u00e7\u00f5es e quest\u00f5es de g\u00eanero nos cinemas (Editora Appris), na Livraria Leitura do P\u00eder 21, em Bras\u00edlia. Est\u00e3o todas e todos convidados para o debate, que ocorre nesta quarta-feira (26), a partir das 19h. [&hellip;]<\/p>\n","protected":false},"author":78,"featured_media":0,"comment_status":"open","ping_status":"open","sticky":false,"template":"","format":"standard","meta":{"footnotes":""},"categories":[45,56,9,31,72,13,10,70,55,12],"tags":[25,21,15,17,23,34,24,33,16,22],"class_list":["post-451","post","type-post","status-publish","format-standard","hentry","category-cinema-e-tv","category-estudos-de-midia","category-feminismos","category-filosofia-e-politica","category-genero-nas-artes","category-igualdade-de-direitos","category-lgbti","category-machismo","category-mulheres-cineastas","category-raca-etnia","tag-cinema","tag-estereotipos","tag-genero","tag-lgbti","tag-midia","tag-mulheres","tag-producao-audiovisual","tag-questoes-geracionais","tag-raca-e-etnia","tag-representacoes"],"_links":{"self":[{"href":"https:\/\/blogs.correiobraziliense.com.br\/igualdade\/wp-json\/wp\/v2\/posts\/451","targetHints":{"allow":["GET"]}}],"collection":[{"href":"https:\/\/blogs.correiobraziliense.com.br\/igualdade\/wp-json\/wp\/v2\/posts"}],"about":[{"href":"https:\/\/blogs.correiobraziliense.com.br\/igualdade\/wp-json\/wp\/v2\/types\/post"}],"author":[{"embeddable":true,"href":"https:\/\/blogs.correiobraziliense.com.br\/igualdade\/wp-json\/wp\/v2\/users\/78"}],"replies":[{"embeddable":true,"href":"https:\/\/blogs.correiobraziliense.com.br\/igualdade\/wp-json\/wp\/v2\/comments?post=451"}],"version-history":[{"count":3,"href":"https:\/\/blogs.correiobraziliense.com.br\/igualdade\/wp-json\/wp\/v2\/posts\/451\/revisions"}],"predecessor-version":[{"id":456,"href":"https:\/\/blogs.correiobraziliense.com.br\/igualdade\/wp-json\/wp\/v2\/posts\/451\/revisions\/456"}],"wp:attachment":[{"href":"https:\/\/blogs.correiobraziliense.com.br\/igualdade\/wp-json\/wp\/v2\/media?parent=451"}],"wp:term":[{"taxonomy":"category","embeddable":true,"href":"https:\/\/blogs.correiobraziliense.com.br\/igualdade\/wp-json\/wp\/v2\/categories?post=451"},{"taxonomy":"post_tag","embeddable":true,"href":"https:\/\/blogs.correiobraziliense.com.br\/igualdade\/wp-json\/wp\/v2\/tags?post=451"}],"curies":[{"name":"wp","href":"https:\/\/api.w.org\/{rel}","templated":true}]}}