{"id":302,"date":"2018-04-03T19:47:11","date_gmt":"2018-04-03T22:47:11","guid":{"rendered":"https:\/\/blogs.correiobraziliense.com.br\/igualdade\/?p=302"},"modified":"2018-04-03T19:47:11","modified_gmt":"2018-04-03T22:47:11","slug":"machopatia-tropical-cerca-rosa","status":"publish","type":"post","link":"https:\/\/blogs.correiobraziliense.com.br\/igualdade\/machopatia-tropical-cerca-rosa\/","title":{"rendered":"A Machopatia tropical cerca a Rosa"},"content":{"rendered":"<h2>Ministra do STF sofre ass\u00e9dio moral<\/h2>\n<p style=\"text-align: justify\">Escrevo este para ETs que est\u00e3o chegando recentemente ao planeta, ou \u00e0 <em>Terra<\/em> <em>Brasilis<\/em>, e ainda n\u00e3o deu tempo de procurarem saber o que \u00e9 machismo, o que \u00e9 misoginia, ou o que s\u00e3o as covardias e viol\u00eancias de <a href=\"https:\/\/blogs.correiobraziliense.com.br\/igualdade\/escancaram-o-macho-fascismo-no-brasil\/\">machopatas ou machofascistas<\/a> dos tr\u00f3picos latinos. De resto, acredito que qualquer ser extraterrestre que tenha baixado por aqui, nas \u00faltimas duas ou tr\u00eas semanas, j\u00e1 saiba o que \u00e9 (extrema, centro) direita ou o que \u00e9 (extrema, centro) esquerda. O que \u00e9 um ser fascistoide que ladra, tipo os bolsominions. Ou quem \u00e9 o Lula (ser humano) e todo o seu processo penal \u2013 pol\u00edtico, midi\u00e1tico e judicial \u2013 que ocupa todas as redes sociais e as m\u00eddias brasileiras.<\/p>\n<p style=\"text-align: justify\">Devem j\u00e1 saber at\u00e9 sobre as interfer\u00eancias de seres \u201creligiosos\u201d, que se autodenominam &#8220;do bem&#8221;, nos Tr\u00eas Poderes da rep\u00fablica destas Am\u00e9ricas. O que talvez ainda n\u00e3o saibam \u00e9 sobre o conceito de machismo doentio que mata, derruba, amea\u00e7a, bate, espanca e cerceia as mulheres terrestres. Poderosas ou n\u00e3o, cidad\u00e3s comuns ou presidentas, ministras, parlamentares, ou quem quer que elas sejam ou desejem ser. N\u00e3o devem saber sobre o \u00f3dio e as demonstra\u00e7\u00f5es de poder dos machos contra elas, maioria entre os habitantes desta Terra. Pois \u00e9. Ent\u00e3o, dou aqui umas dicas, cidad\u00e3os e cidad\u00e3s do al\u00e9m-Terra.<\/p>\n<p style=\"text-align: justify\">Os machopatas j\u00e1 ajudaram a derrubar uma presidenta (re)eleita no Brasil, Dilma Rousseff (PT). E mataram uma <a href=\"https:\/\/blogs.correiobraziliense.com.br\/igualdade\/autofagia-da-direita-extremista\/\">vereadora (preta e pobre) eleita com quase 50 mil votos na cidade do Rio de Janeiro: Marielle Franco (PSOL).\u00a0<\/a> Manipularam toda a ret\u00f3rica, as imagens e as simbologias poss\u00edveis para desqualificar, minar a cren\u00e7a, e a imagem da mulher. Enfraquec\u00ea-la. No caso da presidenta, torn\u00e1-la \u201chist\u00e9rica\u201d, \u201cincompetente\u201d, \u201calucinada\u201d, \u201cputa\u201d, &#8220;vaca&#8221;, \u201csapatona\u201d, ou \u201cmal-amada\u201d. Enfim, todos os <a href=\"http:\/\/azmina.com.br\/2017\/03\/como-os-estereotipos-estao-atrapalhando-sua-carreira-e-reduzindo-seu-salario\/\">estere\u00f3tipos<\/a> dispon\u00edveis no dicion\u00e1rio do machismo patriarcal, que ainda neste 3\u00ba Mil\u00eanio domina a maior parte territorial do planeta.<\/p>\n<p style=\"text-align: justify\">S\u00f3 n\u00e3o a alcunharam (a presidenta) como ladra mequetrefe porque sabiam ser imposs\u00edvel comprov\u00e1-lo. Entretanto, tentaram, nas \u00faltimas duas semanas, assim desqualificar a vereadora que dava voz \u00e0s favelas do Rio, e foi v\u00edtima de atentado com m\u00faltiplas balas na cabe\u00e7a. Em seu caso, tamb\u00e9m adicionaram as toneladas de racismo e elitismo deste pa\u00eds. Ambas mulheres foram mira, alvos f\u00e1ceis para o \u00f3dio machista, para a misoginia que impera na sociedade de \u201cpessoas de bem\u201d.<\/p>\n<figure id=\"attachment_303\" aria-describedby=\"caption-attachment-303\" style=\"width: 702px\" class=\"wp-caption aligncenter\"><img loading=\"lazy\" decoding=\"async\" class=\"wp-image-303\" src=\"https:\/\/blogs.correiobraziliense.com.br\/igualdade\/wp-content\/uploads\/sites\/35\/2018\/04\/Rosa-Weber-STF.png\" alt=\"\u00c9 machopatia o ass\u00e9dio moral contra a ministra Rosa Weber, do STF. Foto AP\" width=\"702\" height=\"482\" srcset=\"https:\/\/blogs.correiobraziliense.com.br\/igualdade\/wp-content\/uploads\/sites\/35\/2018\/04\/Rosa-Weber-STF.png 894w, https:\/\/blogs.correiobraziliense.com.br\/igualdade\/wp-content\/uploads\/sites\/35\/2018\/04\/Rosa-Weber-STF-300x206.png 300w, https:\/\/blogs.correiobraziliense.com.br\/igualdade\/wp-content\/uploads\/sites\/35\/2018\/04\/Rosa-Weber-STF-768x527.png 768w, https:\/\/blogs.correiobraziliense.com.br\/igualdade\/wp-content\/uploads\/sites\/35\/2018\/04\/Rosa-Weber-STF-550x378.png 550w, https:\/\/blogs.correiobraziliense.com.br\/igualdade\/wp-content\/uploads\/sites\/35\/2018\/04\/Rosa-Weber-STF-230x158.png 230w\" sizes=\"auto, (max-width: 702px) 100vw, 702px\" \/><figcaption id=\"caption-attachment-303\" class=\"wp-caption-text\"><em>\u00c9 machopatia o ass\u00e9dio moral e psicol\u00f3gico contra a ministra Rosa Weber, do STF. Foto AP<\/em><\/figcaption><\/figure>\n<p style=\"text-align: justify\">Nesses \u00faltimos dias, o mesmo machismo mis\u00f3gino, ou machofascismo, \u00e9 usado para intimidar, achincalhar e amea\u00e7ar uma ministra da Suprema Corte do Brasil. Ou seja, agora mexem tamb\u00e9m com o Poder Judici\u00e1rio. A senhora Rosa Weber, uma mulher discreta, que parece n\u00e3o se desgastar nem tampouco deslumbrar-se com os holofotes das m\u00eddias de massa ou das redes sociais. Acreditem, senhoras e senhores ETs, h\u00e1 apenas duas mulheres e outros nove ministros homens nessa Corte. Mas, s\u00e3o elas os alvos dos ass\u00e9dios morais e psicol\u00f3gicos, das press\u00f5es, por raz\u00f5es distintas.<\/p>\n<p style=\"text-align: justify\">De 11 magistrados\/as, no m\u00ednimo seis, talvez sete, ou nenhuma das alternativas anteriores, devem votar o Habeas Corpus (HC) do ex-presidente Lula, nesta quarta-feira (4), de acordo com o artigo constitucional n\u00ba 5 que estabelece ser o r\u00e9u ou a r\u00e9 presumivelmente inocente, ou n\u00e3o sujeito\/a \u00e0 pris\u00e3o, at\u00e9 que se esgotem seus recursos nos tribunais superiores. Ali\u00e1s, \u00e9 <a href=\"https:\/\/blogs.correiobraziliense.com.br\/igualdade\/o-brasil-afunda-na-escalada-do-fascismo\/\">cl\u00e1usula p\u00e9trea este artigo<\/a>. A pris\u00e3o provis\u00f3ria s\u00f3 poderia ser efetivada em casos espec\u00edficos como o flagrante ou o preventivo. N\u00e3o \u00e9 o caso do ser humano, cidad\u00e3o, em quest\u00e3o.<\/p>\n<p style=\"text-align: justify\">Acontece que o STF vai e volta em suas atribui\u00e7\u00f5es, como se pudesse <a href=\"https:\/\/blogs.correiobraziliense.com.br\/igualdade\/o-brasil-afunda-na-escalada-do-fascismo\/\">brincar de Poder Legislativo e legislar ou mudar as leis<\/a>. A Suprema Corte \u00e9 a <em>guardi\u00e3<\/em> da Constitui\u00e7\u00e3o Federal. A\u00ed, agora h\u00e1 o peda\u00e7o do pa\u00eds, bem feroz e altivo, em sua maioria formado por machistas daquelas elites que n\u00e3o querem perder o poder, conquistado a duros golpes contra outra figura (g\u00eanero feminino), a Democracia, que amea\u00e7a e assedia adivinha quem na Corte cheia de homens?<\/p>\n<p style=\"text-align: justify\">Sim. A mulher. A ministra que pode votar contra tais anseios. A advogada e magistrada constitucionalista que j\u00e1 deixou claro seu voto em debates bem anteriores e na decis\u00e3o do pr\u00f3prio Supremo Tribunal sobre a mesma mat\u00e9ria, em 2016. Ela e outros ministros j\u00e1 o fizeram. Talvez haja mais um. Ou n\u00e3o. N\u00e3o importa. O que faz a diferen\u00e7a aqui \u00e9 que todos <a href=\"https:\/\/g1.globo.com\/mundo\/blog\/helio-gurovitz\/post\/2018\/04\/02\/rosa-e-o-destino-de-lula.ghtml\">cobram o voto da ministra mulher<\/a>. Como se j\u00e1 estivessem acostumados, e est\u00e3o \u2013 os machopatas de plant\u00e3o, a encurralar e a exigir da mulher que fa\u00e7a o que eles querem e bem entendem. Ao seu bel-prazer. Isso \u00e9 o machofascismo, senhoras e senhores, ETs ou n\u00e3o.<\/p>\n<p style=\"text-align: justify\">E estamos a verificar, cada vez mais, ou como sempre foi, que a machopatia n\u00e3o \u00e9 \u201cprivil\u00e9gio\u201d da (extrema) direita, ou dos nazi-fascistas. H\u00e1 os esquerdomachos, como bem conhecemos, n\u00f3s mulheres feministas. O mesmo discurso machista das direitas (nas m\u00eddias, nas redes sociais etc), vemos ser reproduzido pelas m\u00eddias \u201cde esquerda\u201d. Tamb\u00e9m \u201cnaturalizam\u201d a press\u00e3o sobre a(s) ministra(s) do STF.<\/p>\n<figure id=\"attachment_304\" aria-describedby=\"caption-attachment-304\" style=\"width: 503px\" class=\"wp-caption aligncenter\"><img loading=\"lazy\" decoding=\"async\" class=\"wp-image-304\" src=\"https:\/\/blogs.correiobraziliense.com.br\/igualdade\/wp-content\/uploads\/sites\/35\/2018\/04\/Carmen-e-Rosamd-300x200.jpg\" alt=\"A presidenta do STF, ministra C\u00e1rmem Lucia, e a ministra Rosa Weber. Foto: UOL Not\u00edcias\" width=\"503\" height=\"335\" srcset=\"https:\/\/blogs.correiobraziliense.com.br\/igualdade\/wp-content\/uploads\/sites\/35\/2018\/04\/Carmen-e-Rosamd-300x200.jpg 300w, https:\/\/blogs.correiobraziliense.com.br\/igualdade\/wp-content\/uploads\/sites\/35\/2018\/04\/Carmen-e-Rosamd.jpg 768w, https:\/\/blogs.correiobraziliense.com.br\/igualdade\/wp-content\/uploads\/sites\/35\/2018\/04\/Carmen-e-Rosamd-550x367.jpg 550w, https:\/\/blogs.correiobraziliense.com.br\/igualdade\/wp-content\/uploads\/sites\/35\/2018\/04\/Carmen-e-Rosamd-230x153.jpg 230w\" sizes=\"auto, (max-width: 503px) 100vw, 503px\" \/><figcaption id=\"caption-attachment-304\" class=\"wp-caption-text\">A presidenta do STF C\u00e1rmen L\u00facia e a ministra Rosa Weber. <em>Reprodu\u00e7\u00e3o STF<br \/><\/em><\/figcaption><\/figure>\n<p style=\"text-align: justify\">O machismo \u00e9 t\u00e3o entranhado, que esta sociedade acredita ser natural o ass\u00e9dio (moral e psicol\u00f3gico) e a culpa reca\u00edrem sobre a \u00fanica ministra mulher que pode votar a favor de um HC pela liberdade provis\u00f3ria do Lula, ex-presidente. A presidenta da Corte, ministra C\u00e1rmen L\u00facia, caso vote, dever\u00e1 ser contra o HC. Ela sofre o ass\u00e9dio moral \u00e0s avessas. Ou seja, foi pressionada a manter posi\u00e7\u00e3o pol\u00edtica e n\u00e3o colocar em pauta no plen\u00e1rio do STF a an\u00e1lise das liminares concedidas \u00e0s <a href=\"https:\/\/www.jusbrasil.com.br\/topicos\/729960\/acao-declaratoria-de-constitucionalidade-adc\/noticias\">A\u00e7\u00f5es Declarat\u00f3rias de Constitucionalidade (ADC)\u00a0<\/a>\u00a0 43 e 44 pela legitimidade constitucional, ou n\u00e3o, e condicionar o in\u00edcio do cumprimento da pena de pris\u00e3o ao tr\u00e2nsito em julgado (nas cortes superiores). A mat\u00e9ria foi liberada pelo ministro Marco Aur\u00e9lio Mello, para ir a plen\u00e1rio, desde dezembro passado.<\/p>\n<p style=\"text-align: justify\">Enfim, sobre o resto dessa hist\u00f3ria, at\u00e9 mesmo rec\u00e9m-desembarcados nestas paragens j\u00e1 podem antecipar a guerrilha. J\u00e1 podem prever que culpas ser\u00e3o flechadas nas mulheres da Suprema Corte. Seja de um lado seja de outro. Tentar\u00e3o mudar a consci\u00eancia e a convic\u00e7\u00e3o dessa Rosa. E a C\u00e1rmen seguir\u00e1 pressionada pelos holofotes do machismo midi\u00e1tico. Os nove machos da Corte podem dormir tranquilos. Eventualmente, sofrem e sofrer\u00e3o uma achincalhada em restaurantes, bares ou nos avi\u00f5es. Chamam a pol\u00edcia e s\u00e3o prontamente atendidos. Seus votos s\u00e3o respeitados e acatados, sejam odiosos ou sensatos. Ningu\u00e9m os persegue para \u201cfazer a cabe\u00e7a\u201d. Isso \u00e9 para \u201cmulherzinha fraquinha\u201d.<\/p>\n<p>Tragam o meteoro, ETs da salva\u00e7\u00e3o!<\/p>\n","protected":false},"excerpt":{"rendered":"<p>Ministra do STF sofre ass\u00e9dio moral Escrevo este para ETs que est\u00e3o chegando recentemente ao planeta, ou \u00e0 Terra Brasilis, e ainda n\u00e3o deu tempo de procurarem saber o que \u00e9 machismo, o que \u00e9 misoginia, ou o que s\u00e3o as covardias e viol\u00eancias de machopatas ou machofascistas dos tr\u00f3picos latinos. De resto, acredito que qualquer ser extraterrestre que tenha [&hellip;]<\/p>\n","protected":false},"author":78,"featured_media":0,"comment_status":"open","ping_status":"open","sticky":false,"template":"","format":"standard","meta":{"footnotes":""},"categories":[101,95,99,45,81,69,9,31,8,70,94,102,92,12,66,65],"tags":[39,104,14,79,21,64,19,63,23,34,16,77,22,103],"class_list":["post-302","post","type-post","status-publish","format-standard","hentry","category-assedio-machismo","category-atentado-extremismo","category-caravana-lula","category-cinema-e-tv","category-eleicoes-2018","category-fascismo","category-feminismos","category-filosofia-e-politica","category-genero-genero","category-machismo","category-marielle-franco","category-ministras-stf","category-mulheres-brasileiras","category-raca-etnia","category-religiao","category-violencia-de-genero","tag-ativismo-politico","tag-constituicao-federal","tag-direitos-humanos","tag-discurso-de-odio","tag-estereotipos","tag-fascismo","tag-feminismos","tag-machismo","tag-midia","tag-mulheres","tag-raca-e-etnia","tag-redes-sociais","tag-representacoes","tag-stf-mulheres"],"_links":{"self":[{"href":"https:\/\/blogs.correiobraziliense.com.br\/igualdade\/wp-json\/wp\/v2\/posts\/302","targetHints":{"allow":["GET"]}}],"collection":[{"href":"https:\/\/blogs.correiobraziliense.com.br\/igualdade\/wp-json\/wp\/v2\/posts"}],"about":[{"href":"https:\/\/blogs.correiobraziliense.com.br\/igualdade\/wp-json\/wp\/v2\/types\/post"}],"author":[{"embeddable":true,"href":"https:\/\/blogs.correiobraziliense.com.br\/igualdade\/wp-json\/wp\/v2\/users\/78"}],"replies":[{"embeddable":true,"href":"https:\/\/blogs.correiobraziliense.com.br\/igualdade\/wp-json\/wp\/v2\/comments?post=302"}],"version-history":[{"count":4,"href":"https:\/\/blogs.correiobraziliense.com.br\/igualdade\/wp-json\/wp\/v2\/posts\/302\/revisions"}],"predecessor-version":[{"id":308,"href":"https:\/\/blogs.correiobraziliense.com.br\/igualdade\/wp-json\/wp\/v2\/posts\/302\/revisions\/308"}],"wp:attachment":[{"href":"https:\/\/blogs.correiobraziliense.com.br\/igualdade\/wp-json\/wp\/v2\/media?parent=302"}],"wp:term":[{"taxonomy":"category","embeddable":true,"href":"https:\/\/blogs.correiobraziliense.com.br\/igualdade\/wp-json\/wp\/v2\/categories?post=302"},{"taxonomy":"post_tag","embeddable":true,"href":"https:\/\/blogs.correiobraziliense.com.br\/igualdade\/wp-json\/wp\/v2\/tags?post=302"}],"curies":[{"name":"wp","href":"https:\/\/api.w.org\/{rel}","templated":true}]}}