{"id":143,"date":"2017-09-24T05:00:37","date_gmt":"2017-09-24T08:00:37","guid":{"rendered":"https:\/\/blogs.correiobraziliense.com.br\/igualdade\/?p=143"},"modified":"2017-09-24T05:00:37","modified_gmt":"2017-09-24T08:00:37","slug":"entrevista-ao-programa-viva-maria","status":"publish","type":"post","link":"https:\/\/blogs.correiobraziliense.com.br\/igualdade\/entrevista-ao-programa-viva-maria\/","title":{"rendered":"Entrevista ao programa Viva Maria"},"content":{"rendered":"<h2>Mulheres cineastas no 50\u00ba Festival de Bras\u00edlia<\/h2>\n<p>&nbsp;<\/p>\n<figure id=\"attachment_144\" aria-describedby=\"caption-attachment-144\" style=\"width: 1024px\" class=\"wp-caption alignnone\"><img loading=\"lazy\" decoding=\"async\" class=\"wp-image-144 size-large\" src=\"https:\/\/blogs.correiobraziliense.com.br\/igualdade\/wp-content\/uploads\/sites\/35\/2017\/09\/cafe-com-canela-3-2-1024x576-1024x576.jpg\" alt=\"Protagonistas do longa-metragem 'Caf\u00e9 com Canela' (Foto: Rosza Filme\/Divulga\u00e7\u00e3o) \" width=\"1024\" height=\"576\" srcset=\"https:\/\/blogs.correiobraziliense.com.br\/igualdade\/wp-content\/uploads\/sites\/35\/2017\/09\/cafe-com-canela-3-2-1024x576-1024x576.jpg 1024w, https:\/\/blogs.correiobraziliense.com.br\/igualdade\/wp-content\/uploads\/sites\/35\/2017\/09\/cafe-com-canela-3-2-1024x576-300x169.jpg 300w, https:\/\/blogs.correiobraziliense.com.br\/igualdade\/wp-content\/uploads\/sites\/35\/2017\/09\/cafe-com-canela-3-2-1024x576-768x432.jpg 768w, https:\/\/blogs.correiobraziliense.com.br\/igualdade\/wp-content\/uploads\/sites\/35\/2017\/09\/cafe-com-canela-3-2-1024x576-1440x810.jpg 1440w, https:\/\/blogs.correiobraziliense.com.br\/igualdade\/wp-content\/uploads\/sites\/35\/2017\/09\/cafe-com-canela-3-2-1024x576-550x309.jpg 550w, https:\/\/blogs.correiobraziliense.com.br\/igualdade\/wp-content\/uploads\/sites\/35\/2017\/09\/cafe-com-canela-3-2-1024x576-230x129.jpg 230w, https:\/\/blogs.correiobraziliense.com.br\/igualdade\/wp-content\/uploads\/sites\/35\/2017\/09\/cafe-com-canela-3-2-1024x576.jpg 1600w\" sizes=\"auto, (max-width: 1024px) 100vw, 1024px\" \/><figcaption id=\"caption-attachment-144\" class=\"wp-caption-text\">Mulheres negras de diferentes gera\u00e7\u00f5es protagonizam o longa <em>Caf\u00e9 com Canela, <\/em>dirigido por dois jovens <em>do Rec\u00f4ncavo Baiano: Glenda Nic\u00e1cio (25) e Ary Rosa (30). <\/em>O filme conquistou o p\u00fablico no Festival de Bras\u00edlia do Cinema Brasileiro<em>. <\/em><em>Rosza Filme\/Divulga\u00e7\u00e3o<\/em><\/figcaption><\/figure>\n<p style=\"text-align: justify\">Esta blogueira foi <a href=\"http:\/\/radioagencianacional.ebc.com.br\/cultura\/audio\/2017-09\/viva-maria-pesquisadora-destaca-papel-das-mulheres-no-cinema-brasileiro\">entrevistada na sexta-feira (22) pelo programa de r\u00e1dio<\/a> <em>Viva Maria<\/em>, sobre o cinema brasileiro e as mulheres cineastas que est\u00e3o presentes, e bombando, no 50\u00ba Festival de Bras\u00edlia do Cinema Brasileiro. O festival acaba neste domingo (24), com a grande noite de premia\u00e7\u00e3o, ap\u00f3s nove dias de intensa programa\u00e7\u00e3o das produ\u00e7\u00f5es audiovisuais de longa, m\u00e9dia e curta metragens. Foi sucesso de p\u00fablico, que participou ativamente com aplausos, coment\u00e1rios, ou vaias, e votou em seus filmes favoritos, exibidos no Cine Bras\u00edlia e em outras salas de cinema do DF.<\/p>\n<p style=\"text-align: justify\">O programa <em>Viva Maria<\/em>, da Radioag\u00eancia Nacional (EBC), \u00e9 elaborado e comandado pela apresentadora Mara R\u00e9gia, h\u00e1 36 anos. No ultimo dia 14, o programa celebrou mais um ano no ar. Mara R\u00e9gia vem trabalhando, incansavelmente, o resgate da autoestima e das realiza\u00e7\u00f5es de tantas Marias, principalmente, nos rinc\u00f5es mais abandonados do Brasil, como pequenas localidades da Amaz\u00f4nia. \u00c9 um programa ativo na luta contra a viol\u00eancia contra as mulheres, contra a discrimina\u00e7\u00e3o, o preconceito e o racismo.<\/p>\n<p><strong>Segue a entrevista completa no programa \u201cViva Maria: Pesquisadora destaca papel das mulheres no cinema brasileiro\u201d:<\/strong><\/p>\n<p><a href=\"https:\/\/www.youtube.com\/watch?v=dK24_T6IE98\">\u00c1udio\/v\u00eddeo completo aqui<\/a><\/p>\n<p><em>\u201cA chegada da primavera nesta sexta-feira (22) nos d\u00e1 a oportunidade de homenagear com flores e aplausos as mulheres que \u00e0 frente ou por tr\u00e1s das c\u00e2meras se aventuram a fazer cinema no Brasil! \u00c0\u00a0 luz da\u00a0 50\u00aa edi\u00e7\u00e3o do Festival de Bras\u00edlia do Cinema Brasileiro, que termina no pr\u00f3ximo domingo, <strong>Viva Maria<\/strong> faz quest\u00e3o de celebrar o trabalho das mulheres na est\u00e9tica da chamada s\u00e9tima arte.<\/em><\/p>\n<p><em>Pra isso chama a participa\u00e7\u00e3o da jornalista Sandra Machado, que tem um blog no jornal Correio Braziliense, o Blog da Igualdade, e que \u00e9 tamb\u00e9m professora na \u00e1rea de g\u00eanero e estudos de m\u00eddia, e pesquisadora na Universidade de Bras\u00edlia -UnB. Pra come\u00e7o de conversa, vamos deixar que ela analise a presen\u00e7a feminina nas telas do cinema nos anos 60, a d\u00e9cada em que foi criado o\u00a0 Festival de Bras\u00edlia do Cinema Brasileiro.\u201d<\/em><\/p>\n<figure id=\"attachment_146\" aria-describedby=\"caption-attachment-146\" style=\"width: 360px\" class=\"wp-caption alignnone\"><img loading=\"lazy\" decoding=\"async\" class=\"wp-image-146 size-full\" src=\"https:\/\/blogs.correiobraziliense.com.br\/igualdade\/wp-content\/uploads\/sites\/35\/2017\/09\/Gilda-Nomacce.jpg\" alt=\"A atriz Gilda Nomacce em entrevista ao Correio Braziliense, no 50\u00ba Festival de Bras\u00edlia do Cinema Brasileiro. Reprodu\u00e7\u00e3o\" width=\"360\" height=\"197\" srcset=\"https:\/\/blogs.correiobraziliense.com.br\/igualdade\/wp-content\/uploads\/sites\/35\/2017\/09\/Gilda-Nomacce.jpg 360w, https:\/\/blogs.correiobraziliense.com.br\/igualdade\/wp-content\/uploads\/sites\/35\/2017\/09\/Gilda-Nomacce-300x164.jpg 300w, https:\/\/blogs.correiobraziliense.com.br\/igualdade\/wp-content\/uploads\/sites\/35\/2017\/09\/Gilda-Nomacce-230x126.jpg 230w\" sizes=\"auto, (max-width: 360px) 100vw, 360px\" \/><figcaption id=\"caption-attachment-146\" class=\"wp-caption-text\">A atriz Gilda Nomacce em entrevista ao <em>Correio Braziliense<\/em>, no 50\u00ba Festival de Bras\u00edlia do Cinema Brasileiro. <em>Reprodu\u00e7\u00e3o<\/em><\/figcaption><\/figure>\n<p style=\"text-align: justify\">A exibi\u00e7\u00e3o do curta-metragem <strong>A passagem do cometa<\/strong>, de Juliana Rojas, ocorreu no \u00faltimo dia da Mostra Competitiva do Festival de Bras\u00edlia do Cinema Brasileiro. A atriz Gilda Nomacce, que tamb\u00e9m est\u00e1 no longa <strong>Como nossos pais<\/strong> (de La\u00eds Bodanzky), reafirma a presen\u00e7a feminina no cinema nacional. \u201cTenho muita sorte de trabalhar com mulheres incr\u00edveis. A Juliana (Rojas) \u00e9 uma delas. Essa equipe de <strong>A passagem do cometa<\/strong> \u00e9 praticamente s\u00f3 de mulheres, o que \u00e9 uma coisa sensacional\u201d. O enredo do curta se passa em um consult\u00f3rio clandestino de aborto, no mesmo dia da passagem do cometa Harley pela Terra.<em><br \/>\n<\/em><\/p>\n<p style=\"text-align: justify\"><strong>CORRE\u00c7\u00c3O:<\/strong> A men\u00e7\u00e3o do programa <em>Viva Maria<\/em> ao filme <strong>Como Nossos Pais<\/strong>, da diretora La\u00eds Bodansky, deveu-se ao longa haver sido o grande vencedor do Festival de Cinema de Gramado, este ano, com seis pr\u00eamios, incluindo melhor dire\u00e7\u00e3o, para La\u00eds, e melhor filme. Ele n\u00e3o foi exibido no Festival de Bras\u00edlia.<\/p>\n<p>&nbsp;<\/p>\n","protected":false},"excerpt":{"rendered":"<p>Mulheres cineastas no 50\u00ba Festival de Bras\u00edlia &nbsp; Esta blogueira foi entrevistada na sexta-feira (22) pelo programa de r\u00e1dio Viva Maria, sobre o cinema brasileiro e as mulheres cineastas que est\u00e3o presentes, e bombando, no 50\u00ba Festival de Bras\u00edlia do Cinema Brasileiro. O festival acaba neste domingo (24), com a grande noite de premia\u00e7\u00e3o, ap\u00f3s nove dias de intensa programa\u00e7\u00e3o [&hellip;]<\/p>\n","protected":false},"author":78,"featured_media":0,"comment_status":"open","ping_status":"open","sticky":false,"template":"","format":"standard","meta":{"footnotes":""},"categories":[45,11,56,31,8,10,55,44,12],"tags":[25,21,19,15,23,34,24,16,22],"class_list":["post-143","post","type-post","status-publish","format-standard","hentry","category-cinema-e-tv","category-direitos-humanos","category-estudos-de-midia","category-filosofia-e-politica","category-genero-genero","category-lgbti","category-mulheres-cineastas","category-questoes-geracionais","category-raca-etnia","tag-cinema","tag-estereotipos","tag-feminismos","tag-genero","tag-midia","tag-mulheres","tag-producao-audiovisual","tag-raca-e-etnia","tag-representacoes"],"_links":{"self":[{"href":"https:\/\/blogs.correiobraziliense.com.br\/igualdade\/wp-json\/wp\/v2\/posts\/143","targetHints":{"allow":["GET"]}}],"collection":[{"href":"https:\/\/blogs.correiobraziliense.com.br\/igualdade\/wp-json\/wp\/v2\/posts"}],"about":[{"href":"https:\/\/blogs.correiobraziliense.com.br\/igualdade\/wp-json\/wp\/v2\/types\/post"}],"author":[{"embeddable":true,"href":"https:\/\/blogs.correiobraziliense.com.br\/igualdade\/wp-json\/wp\/v2\/users\/78"}],"replies":[{"embeddable":true,"href":"https:\/\/blogs.correiobraziliense.com.br\/igualdade\/wp-json\/wp\/v2\/comments?post=143"}],"version-history":[{"count":2,"href":"https:\/\/blogs.correiobraziliense.com.br\/igualdade\/wp-json\/wp\/v2\/posts\/143\/revisions"}],"predecessor-version":[{"id":147,"href":"https:\/\/blogs.correiobraziliense.com.br\/igualdade\/wp-json\/wp\/v2\/posts\/143\/revisions\/147"}],"wp:attachment":[{"href":"https:\/\/blogs.correiobraziliense.com.br\/igualdade\/wp-json\/wp\/v2\/media?parent=143"}],"wp:term":[{"taxonomy":"category","embeddable":true,"href":"https:\/\/blogs.correiobraziliense.com.br\/igualdade\/wp-json\/wp\/v2\/categories?post=143"},{"taxonomy":"post_tag","embeddable":true,"href":"https:\/\/blogs.correiobraziliense.com.br\/igualdade\/wp-json\/wp\/v2\/tags?post=143"}],"curies":[{"name":"wp","href":"https:\/\/api.w.org\/{rel}","templated":true}]}}