{"id":5300,"date":"2020-06-16T17:09:52","date_gmt":"2020-06-16T20:09:52","guid":{"rendered":"http:\/\/blogs.correiobraziliense.com.br\/elasnoataque\/?p=5300"},"modified":"2020-06-16T17:09:52","modified_gmt":"2020-06-16T20:09:52","slug":"belmonte-investigacao-pf-futebol-brasilia","status":"publish","type":"post","link":"https:\/\/blogs.correiobraziliense.com.br\/elasnoataque\/belmonte-investigacao-pf-futebol-brasilia\/","title":{"rendered":"Veja liga\u00e7\u00e3o de Felipe Belmonte, alvo de opera\u00e7\u00e3o da PF, com futebol feminino"},"content":{"rendered":"<p class=\"p1\"><span class=\"s1\">Um dos alvos de opera\u00e7\u00e3o da <strong>Pol\u00edcia Federal<\/strong> sobre atos antidemocr\u00e1ticos \u00e9 <strong>Luis Felipe Belmonte<\/strong>, presidente do <strong>Real Bras\u00edlia<\/strong>, clube que representar\u00e1 o Distrito Federal no <strong>Campeonato Brasileiro feminino A2<\/strong> em 2020. Nesta ter\u00e7a-feira (15\/6), a PF apreendeu computador, celulares e documentos de Belmonte, que n\u00e3o estava em casa no momento da opera\u00e7\u00e3o. Ele \u00e9 tamb\u00e9m advogado e suplente do senador <strong>Izalci Lucas<\/strong> (PSDB-DF).<\/span><\/p>\n<p class=\"p1\"><span class=\"s1\">\u00a0\u201cQue eles tenham esse mesmo empenho em defender quem me ataca absurdamente, da mesma maneira como est\u00e3o querendo fazer dentro das atribui\u00e7\u00f5es que eles acham que t\u00eam direito\u201d, disse o empres\u00e1rio. Ele \u00e9 um dos principais articuladores no processo de cria\u00e7\u00e3o do partido Alian\u00e7a pelo Brasil, do presidente Jair Bolsonaro. Ele \u00e9 tamb\u00e9m casado com a deputada federal pelo DF Paula Belmonte (Cidadania).<\/span><\/p>\n<p class=\"p1\"><span class=\"s1\">O envolvimento de Felipe Belmonte com o futebol \u00e9 mais antigo do que com a pol\u00edtica. At\u00e9 2018, o milion\u00e1rio Lu\u00eds Felipe Belmonte vivia com a esposa e os filhos na Inglaterra. Do pa\u00eds europeu, ele gerenciava os neg\u00f3cios no Brasil. O que, desde 2016, inclui o time de futebol Real Bras\u00edlia.\u00a0<\/span><\/p>\n<p class=\"p1\"><span class=\"s1\">Originalmente chamado de Esporte Clube Dom Pedro Bandeirante, era conhecido no Distrito Federal como o time dos Bombeiros. Quando subiu para a primeira divis\u00e3o do Campeonato Candango ao ser campe\u00e3o da divis\u00e3o de acesso em 2016, passou a se chamar Real Futebol Clube, mantendo a liga\u00e7\u00e3o com o monarca que deu origem ao nome.\u00a0<\/span><\/p>\n<p class=\"p1\"><span class=\"s1\">Em 2019, o Real lan\u00e7ou a equipe feminina e, logo no primeiro ano, foi <a href=\"https:\/\/www.correiobraziliense.com.br\/app\/noticia\/superesportes\/2019\/12\/08\/interna_superesportes_cb,812424\/real-brasilia-conquista-titulo-inedito.shtml\">campe\u00e3o candango<\/a>. Para levantar o caneco, bateu advers\u00e1rios vitoriosos do futebol feminino do DF, como o Cresspom, na semifinal, e o Minas, \u00fanico representante candango na elite do futebol nacional, na <a href=\"http:\/\/blogs.correiobraziliense.com.br\/elasnoataque\/final-candangao-feminino-transmissao-tv-brasilia\/\">final do torneio local<\/a>. O t\u00edtulo rendeu a vaga para o Real Bras\u00edlia disputar pela primeira vez um campeonato nacional: o Campeonato Brasileiro A2, adiado pela pandemia de covid-19.\u00a0<\/span><\/p>\n<figure id=\"attachment_5302\" aria-describedby=\"caption-attachment-5302\" style=\"width: 675px\" class=\"wp-caption aligncenter\"><img loading=\"lazy\" decoding=\"async\" class=\"size-full wp-image-5302\" src=\"https:\/\/blogs.correiobraziliense.com.br\/elasnoataque\/wp-content\/uploads\/sites\/36\/2020\/06\/RealBrasiliaCampeaoCandango-1.jpg\" alt=\"Time de futebol Real Bras\u00edlia feminino com a ta\u00e7a de campe\u00e3o do candang\u00e3o feminino de 2019\" width=\"675\" height=\"448\" srcset=\"https:\/\/blogs.correiobraziliense.com.br\/elasnoataque\/wp-content\/uploads\/sites\/36\/2020\/06\/RealBrasiliaCampeaoCandango-1.jpg 675w, https:\/\/blogs.correiobraziliense.com.br\/elasnoataque\/wp-content\/uploads\/sites\/36\/2020\/06\/RealBrasiliaCampeaoCandango-1-300x199.jpg 300w, https:\/\/blogs.correiobraziliense.com.br\/elasnoataque\/wp-content\/uploads\/sites\/36\/2020\/06\/RealBrasiliaCampeaoCandango-1-550x365.jpg 550w, https:\/\/blogs.correiobraziliense.com.br\/elasnoataque\/wp-content\/uploads\/sites\/36\/2020\/06\/RealBrasiliaCampeaoCandango-1-230x153.jpg 230w\" sizes=\"auto, (max-width: 675px) 100vw, 675px\" \/><figcaption id=\"caption-attachment-5302\" class=\"wp-caption-text\">Real Bras\u00edlia comemora t\u00edtulo in\u00e9dito no Candang\u00e3o Feminino 2019 | Minervino Junior\/CB\/D.A Press<\/figcaption><\/figure>\n<p class=\"p1\"><span class=\"s1\">O Real Bras\u00edlia tem como patrocinador a Belmonte Sports, tamb\u00e9m do presidente do time Luis Felipe Belmonte. Para a temporada 2020, o clube apresentou uma das melhores infraestruturas esportivas do DF, com objetivo de rivalizar com Brasiliense e Gama no Candang\u00e3o masculino.\u00a0<\/span><\/p>\n<p class=\"p1\"><span class=\"s1\">A parte boa \u00e9 que a equipe feminina compartilha o uso do Centro de Treinamento com o time masculino. Ele tem quatro campos de futebol, academia, piscina, refeit\u00f3rio, audit\u00f3rio, sala de estudos, vesti\u00e1rio com banheira de hidromassagem e banheira de gelo, al\u00e9m de salas para atendimento com psic\u00f3loga, m\u00e9dico, nutricionista, enfermeira e fisioterapeuta.\u00a0<\/span><\/p>\n<p class=\"p1\"><span class=\"s1\">\u00a0<\/span><\/p>\n<h3 class=\"p1\"><span class=\"s1\"><b>A entrada do milion\u00e1rio Felipe Belmonte na pol\u00edtica<\/b><\/span><\/h3>\n<p class=\"p1\"><span class=\"s1\"><br \/>\nDono de fazendas, carros de luxo, investimentos no exterior e pr\u00e9dios que aluga para \u00f3rg\u00e3os do Minist\u00e9rio P\u00fablico, o advogado Belmonte come\u00e7ou a se envolver diretamente na pol\u00edtica nas elei\u00e7\u00f5es de 2018, quando foi o terceiro maior doador privado para campanhas no pa\u00eds.<\/span><\/p>\n<p class=\"p1\"><span class=\"s1\">No mesmo ano, Belmonte filiou-se ao PSDB e bancou a campanha de Izalci Lucas (PSDB-DF), se elegendo como primeiro suplente dele. O propriet\u00e1rio de um escrit\u00f3rio de advocacia que atua sobretudo em casos de direito empresarial e societ\u00e1rio tamb\u00e9m elegeu a esposa, Paula Belmonte, \u00e0 deputada federal na primeira participa\u00e7\u00e3o dela na pol\u00edtica.<\/span><\/p>\n<p class=\"p1\"><span class=\"s1\">Em novembro de 2019, o presidente Jair Bolsonaro desfiliou-se do PSL para criar uma nova legenda, a Alian\u00e7a pelo Brasil. Belmonte foi um dos principais articuladores no processo da funda\u00e7\u00e3o da nova legenda.<\/span><\/p>\n<p class=\"p1\"><span class=\"s1\">A <a href=\"https:\/\/www.correiobraziliense.com.br\/app\/noticia\/politica\/2020\/06\/16\/interna_politica,864133\/apoiadores-bolsonaro-sao-alvos-de-operacao-sobre-atos-antidemocraticos.shtml\">Pol\u00edcia Federal cumpre 21 mandados<\/a> de busca e apreens\u00e3o expedidos pelo ministro do Supremo Tribunal Federal (STF) Alexandre de Moraes no \u00e2mbito do inqu\u00e9rito que investiga atos antidemocr\u00e1ticos. A a\u00e7\u00e3o do ministro foi tomada a pedido da Procuradoria-Geral da Rep\u00fablica (PGR).<\/span><\/p>\n<p class=\"p1\"><span class=\"s1\">Al\u00e9m do DF, a PF cumpriu mandados em S\u00e3o Paulo, Rio de Janeiro, Minas Gerais, Maranh\u00e3o, Santa Catarina. Entre os outros alvos da a\u00e7\u00e3o est\u00e3o o deputado Daniel Silveira (PSL-RJ), o blogueiro Allan dos Santos e o publicit\u00e1rio S\u00e9rgio Lima, marqueteiro do partido que o presidente Jair Bolsonaro tenta criar.<\/span><\/p>\n<p class=\"p1\"><span class=\"s1\">Essa \u00e9 a mesma investiga\u00e7\u00e3o que prendeu a\u00a0 a ativista Sara Fernanda Giromini na segunda-feira (15\/6). Ela \u00e9 conhecida como Sara Winter, l\u00edder do grupo &#8216;300 do Brasil&#8217;, que apoia o presidente Jair Bolsonaro.<\/span><\/p>\n<h3>Assista \u00e0 declara\u00e7\u00e3o de\u00a0Belmonte sobre opera\u00e7\u00e3o da PF:<\/h3>\n<div id=\"info\" class=\"style-scope ytd-video-primary-info-renderer\"><\/div>\n<p><a href=\"https:\/\/www.youtube.com\/watch?v=tPdc4qMSrxk&#038;feature=emb_title\">https:\/\/www.youtube.com\/watch?v=tPdc4qMSrxk&amp;feature=emb_title<\/a><\/p>\n","protected":false},"excerpt":{"rendered":"<p>Um dos alvos de opera\u00e7\u00e3o da Pol\u00edcia Federal sobre atos antidemocr\u00e1ticos \u00e9 Luis Felipe Belmonte, presidente do Real Bras\u00edlia, clube que representar\u00e1 o Distrito Federal no Campeonato Brasileiro feminino A2 em 2020. Nesta ter\u00e7a-feira (15\/6), a PF apreendeu computador, celulares e documentos de Belmonte, que n\u00e3o estava em casa no momento da opera\u00e7\u00e3o. Ele \u00e9 tamb\u00e9m advogado e suplente do [&hellip;]<\/p>\n","protected":false},"author":79,"featured_media":5301,"comment_status":"open","ping_status":"open","sticky":false,"template":"","format":"standard","meta":{"footnotes":""},"categories":[25],"tags":[446,108,824],"class_list":["post-5300","post","type-post","status-publish","format-standard","has-post-thumbnail","hentry","category-futebol","tag-campeonato-brasileiro-a2","tag-futebol-feminino","tag-real-brasilia"],"_links":{"self":[{"href":"https:\/\/blogs.correiobraziliense.com.br\/elasnoataque\/wp-json\/wp\/v2\/posts\/5300","targetHints":{"allow":["GET"]}}],"collection":[{"href":"https:\/\/blogs.correiobraziliense.com.br\/elasnoataque\/wp-json\/wp\/v2\/posts"}],"about":[{"href":"https:\/\/blogs.correiobraziliense.com.br\/elasnoataque\/wp-json\/wp\/v2\/types\/post"}],"author":[{"embeddable":true,"href":"https:\/\/blogs.correiobraziliense.com.br\/elasnoataque\/wp-json\/wp\/v2\/users\/79"}],"replies":[{"embeddable":true,"href":"https:\/\/blogs.correiobraziliense.com.br\/elasnoataque\/wp-json\/wp\/v2\/comments?post=5300"}],"version-history":[{"count":0,"href":"https:\/\/blogs.correiobraziliense.com.br\/elasnoataque\/wp-json\/wp\/v2\/posts\/5300\/revisions"}],"wp:featuredmedia":[{"embeddable":true,"href":"https:\/\/blogs.correiobraziliense.com.br\/elasnoataque\/wp-json\/wp\/v2\/media\/5301"}],"wp:attachment":[{"href":"https:\/\/blogs.correiobraziliense.com.br\/elasnoataque\/wp-json\/wp\/v2\/media?parent=5300"}],"wp:term":[{"taxonomy":"category","embeddable":true,"href":"https:\/\/blogs.correiobraziliense.com.br\/elasnoataque\/wp-json\/wp\/v2\/categories?post=5300"},{"taxonomy":"post_tag","embeddable":true,"href":"https:\/\/blogs.correiobraziliense.com.br\/elasnoataque\/wp-json\/wp\/v2\/tags?post=5300"}],"curies":[{"name":"wp","href":"https:\/\/api.w.org\/{rel}","templated":true}]}}