{"id":5268,"date":"2020-06-01T21:02:32","date_gmt":"2020-06-02T00:02:32","guid":{"rendered":"http:\/\/blogs.correiobraziliense.com.br\/elasnoataque\/?p=5268"},"modified":"2020-06-01T21:02:32","modified_gmt":"2020-06-02T00:02:32","slug":"esporte-democracia-racismo-politica","status":"publish","type":"post","link":"https:\/\/blogs.correiobraziliense.com.br\/elasnoataque\/esporte-democracia-racismo-politica\/","title":{"rendered":"Lista: 5 vezes que o esporte foi palco de ato pr\u00f3-democracia e contra racismo"},"content":{"rendered":"<p><span style=\"font-weight: 400\">Seria at\u00e9 dif\u00edcil imaginar um cen\u00e1rio t\u00e3o conturbado quanto o apresentado em meados de 2020. Al\u00e9m da pandemia do novo coronav\u00edrus que apavora todas as na\u00e7\u00f5es, pa\u00edses inteiros veem protestos contra a brutalidade do racismo ebulirem nas ruas, como nos Estados Unidos ap\u00f3s a morte de George Floyd, em Minneapolis, provocada por um policial branco. No Brasil, esse sentimento de covardia soma-se \u00e0s turbul\u00eancias pol\u00edticas. No \u00faltimo domingo, o esporte foi mais uma vez palco de manifesta\u00e7\u00f5es sociais e pol\u00edticas.<\/span><\/p>\n<p>&nbsp;<\/p>\n<p><strong>Veja quando o esporte foi usado para protestos a favor da democracia ou contra o racismo:\u00a0<\/strong><\/p>\n<h3><b><br \/>\n1- Torcidas de clubes rivais se juntam pela Democracia (2020)<\/b><\/h3>\n<figure id=\"attachment_5273\" aria-describedby=\"caption-attachment-5273\" style=\"width: 750px\" class=\"wp-caption aligncenter\"><img loading=\"lazy\" decoding=\"async\" class=\"size-full wp-image-5273\" src=\"https:\/\/blogs.correiobraziliense.com.br\/elasnoataque\/wp-content\/uploads\/sites\/36\/2020\/06\/FlamengoDemocracia-e1591054362394-1.jpg\" alt=\"\" width=\"750\" height=\"450\" srcset=\"https:\/\/blogs.correiobraziliense.com.br\/elasnoataque\/wp-content\/uploads\/sites\/36\/2020\/06\/FlamengoDemocracia-e1591054362394-1.jpg 750w, https:\/\/blogs.correiobraziliense.com.br\/elasnoataque\/wp-content\/uploads\/sites\/36\/2020\/06\/FlamengoDemocracia-e1591054362394-1-300x180.jpg 300w, https:\/\/blogs.correiobraziliense.com.br\/elasnoataque\/wp-content\/uploads\/sites\/36\/2020\/06\/FlamengoDemocracia-e1591054362394-1-550x330.jpg 550w, https:\/\/blogs.correiobraziliense.com.br\/elasnoataque\/wp-content\/uploads\/sites\/36\/2020\/06\/FlamengoDemocracia-e1591054362394-1-230x138.jpg 230w\" sizes=\"auto, (max-width: 750px) 100vw, 750px\" \/><figcaption id=\"caption-attachment-5273\" class=\"wp-caption-text\">Torcida do flamengo fez protesto pela Democracia no Rio de Janeiro | Divulga\u00e7\u00e3o<\/figcaption><\/figure>\n<p><span style=\"font-weight: 400\"><br \/>\nMesmo com o futebol parado por causa da <a href=\"http:\/\/blogs.correiobraziliense.com.br\/elasnoataque\/futebol-violencia-mulher-pandemia\/\">pandemia<\/a> do novo coronav\u00edrus, as torcidas dos principais clubes do Brasil sa\u00edram \u00e0s ruas no \u00faltimo domingo para protestarem em favor da democracia. At\u00e9 a suspens\u00e3o das competi\u00e7\u00f5es, a intoler\u00e2ncia e viol\u00eancia dentro dos est\u00e1dios obrigou muitos cl\u00e1ssicos estaduais a serem realizados com torcida \u00fanica. Pois em 31 de maio de 2020 torcidas rivais em v\u00e1rias cidades se uniram em atos contra manifesta\u00e7\u00f5es de tom autorit\u00e1rio do presidente da rep\u00fablica Jair Bolsonaro.\u00a0<\/span><\/p>\n<p><span style=\"font-weight: 400\">Em S\u00e3o Paulo, membros da Gavi\u00f5es da Fiel, torcida organizada do Corinthians, foram para a Avenida Paulista, no centro da capital paulista, com faixas pela democracia, fazendo jus ao hist\u00f3rico movimento da Democracia Corinthiana evocado na d\u00e9cada de 1980. Torcedores do S\u00e3o Paulo, Palmeiras e Santos deixaram a rivalidade de lado para se unirem no protesto.\u00a0<\/span><\/p>\n<p><span style=\"font-weight: 400\">Em Belo Horizonte, torcidas organizadas que se autodenominam &#8220;antifascistas&#8221; de Atl\u00e9tico Mineiro, Cruzeiro e Am\u00e9rica fizeram o mesmo. No Rio de Janeiro, foram os flamenguistas que lideraram os atos pela democracia. A maioria dos manifestantes usava m\u00e1scara, seguindo a recomenda\u00e7\u00e3o do Minist\u00e9rio da Sa\u00fade para prevenir o cont\u00e1gio do novo coronav\u00edrus, embora as a\u00e7\u00f5es tenham provocado aglomera\u00e7\u00f5es.\u00a0\u00a0\u00a0<\/span><\/p>\n<p>&nbsp;<\/p>\n<h3><b>2- Ajoelhados na NFL (2016)<\/b><\/h3>\n<figure id=\"attachment_2386\" aria-describedby=\"caption-attachment-2386\" style=\"width: 750px\" class=\"wp-caption aligncenter\"><img loading=\"lazy\" decoding=\"async\" class=\"size-full wp-image-2386\" src=\"http:\/\/blogs.correiobraziliense.com.br\/elasnoataque\/wp-content\/uploads\/sites\/36\/2018\/11\/colin-nfl.jpg\" alt=\"Colin Kaepernick-NFL\" width=\"750\" height=\"500\" srcset=\"https:\/\/blogs.correiobraziliense.com.br\/elasnoataque\/wp-content\/uploads\/sites\/36\/2018\/11\/colin-nfl.jpg 750w, https:\/\/blogs.correiobraziliense.com.br\/elasnoataque\/wp-content\/uploads\/sites\/36\/2018\/11\/colin-nfl-300x200.jpg 300w, https:\/\/blogs.correiobraziliense.com.br\/elasnoataque\/wp-content\/uploads\/sites\/36\/2018\/11\/colin-nfl-550x367.jpg 550w, https:\/\/blogs.correiobraziliense.com.br\/elasnoataque\/wp-content\/uploads\/sites\/36\/2018\/11\/colin-nfl-230x153.jpg 230w\" sizes=\"auto, (max-width: 750px) 100vw, 750px\" \/><figcaption id=\"caption-attachment-2386\" class=\"wp-caption-text\"><span style=\"font-weight: 400\">Protesto de Colin Kaepernick antes de jogo da NFL custou a carreira do jogador |\u00a0<\/span>AFP\/Otto Greule Jr<\/figcaption><\/figure>\n<p><span style=\"font-weight: 400\"><br \/>\nEm 2016, quando os Estados Unidos vivia momentos de tens\u00e3o por protestos contra a viol\u00eancia racial, o quarterback Colin Kaepernick, ent\u00e3o jogador do San Francisco 49ers, ajoelhava-se durante o hino nacional dos Estados Unidos antes das partidas da pr\u00e9-temporada da NFL (sigla em ingl\u00eas da Liga Nacional de Futebol Americano).\u00a0<\/span><\/p>\n<p><span style=\"font-weight: 400\">Na ocasi\u00e3o, Colin Kaepernick declarou: \u201cn\u00e3o vou me levantar e mostrar orgulho pela bandeira de um pa\u00eds que oprime o povo negro e as pessoas de cor\u201d. O gesto do jogador foi seguido por outros atletas e inspirou o movimento Black Lives Matter (vidas negras importam).\u00a0<\/span><\/p>\n<p><span style=\"font-weight: 400\">Apesar disso, a iniciativa foi bastante criticada pelo presidente Donald Trump e o jogador foi boicotado pelos 32 times da liga. Ele n\u00e3o conseguiu um novo clube para jogar depois disso, mesmo tendo sido o 23\u00ba melhor da posi\u00e7\u00e3o na NFL em 2016.<\/span><\/p>\n<p><span style=\"font-weight: 400\">Em 2018, Colin protagonizou um v\u00eddeo publicit\u00e1rio da Nike. E, neste ano, em meio aos protestos pela morte de George Floyd, em Minneapolis, nos Estados Unidos, ele lan\u00e7ou um fundo para contratar advogados para os manifestantes presos durante os atos. O ativista tamb\u00e9m mant\u00e9m o instituto &#8220;Know Your Rights Camp&#8221;, que visa promover educa\u00e7\u00e3o, capacita\u00e7\u00e3o e oportunidades para a comunidade negra dos EUA.<\/span><\/p>\n<p><span style=\"font-weight: 400\"><strong>Quer saber mais?\u00a0<\/strong>Assista ao <a href=\"https:\/\/www.youtube.com\/watch?v=lomlpJREDzw\">comercial da Nike<\/a> que contou com a participa\u00e7\u00e3o de Colin Kaepernick.\u00a0<\/span><\/p>\n<p>&nbsp;<\/p>\n<p><b>3- Democracia corinthiana (1981 a 1985)<\/b><\/p>\n<figure id=\"attachment_5272\" aria-describedby=\"caption-attachment-5272\" style=\"width: 750px\" class=\"wp-caption aligncenter\"><img loading=\"lazy\" decoding=\"async\" class=\"wp-image-5272 size-full\" src=\"https:\/\/blogs.correiobraziliense.com.br\/elasnoataque\/wp-content\/uploads\/sites\/36\/2020\/06\/Socrates-e1591054053482-1.jpg\" alt=\"\" width=\"750\" height=\"450\" srcset=\"https:\/\/blogs.correiobraziliense.com.br\/elasnoataque\/wp-content\/uploads\/sites\/36\/2020\/06\/Socrates-e1591054053482-1.jpg 750w, https:\/\/blogs.correiobraziliense.com.br\/elasnoataque\/wp-content\/uploads\/sites\/36\/2020\/06\/Socrates-e1591054053482-1-300x180.jpg 300w, https:\/\/blogs.correiobraziliense.com.br\/elasnoataque\/wp-content\/uploads\/sites\/36\/2020\/06\/Socrates-e1591054053482-1-550x330.jpg 550w, https:\/\/blogs.correiobraziliense.com.br\/elasnoataque\/wp-content\/uploads\/sites\/36\/2020\/06\/Socrates-e1591054053482-1-230x138.jpg 230w\" sizes=\"auto, (max-width: 750px) 100vw, 750px\" \/><figcaption id=\"caption-attachment-5272\" class=\"wp-caption-text\">Democracia Corinthiana, que tem S\u00f3crates como s\u00edmbolo, \u00e9 saudada at\u00e9 hoje por torcedores | Divulga\u00e7\u00e3o<\/figcaption><\/figure>\n<p><span style=\"font-weight: 400\"><br \/>\n<\/span><span style=\"font-weight: 400\">De 1981 a 1985, os jogadores do Corinthians participavam das decis\u00f5es do clube. Foi um per\u00edodo em que tudo no Corinthians era resolvido pelo voto: das contrata\u00e7\u00f5es ao local de concentra\u00e7\u00e3o. Mas o movimento surgiu ap\u00f3s uma campanha muito ruim em 1981, em que o clube terminou na 26\u00aa posi\u00e7\u00e3o no Brasileiro e amargou um oitavo lugar no Paulista &#8212; sendo rebaixado para a segunda divis\u00e3o do Brasileir\u00e3o, porque eram os estaduais que determinavam a classifica\u00e7\u00e3o para o campeonato nacional na \u00e9poca.<\/span><\/p>\n<p><span style=\"font-weight: 400\">Sob a presid\u00eancia de Waldemar Pires, o Corinthians tinha no cargo de diretor de futebol o soci\u00f3logo Ad\u00edlson Monteiro Alves, um cartola ainda inexperiente que ouvia bastante os jogadores. O elenco corinthiano tinha atletas politizados como Wladimir, Casagrande e S\u00f3crates, este \u00faltimo um s\u00edmbolo tamb\u00e9m na milit\u00e2ncia pelas Diretas J\u00e1, que reivindicou o retorno das elei\u00e7\u00f5es diretas para a Presid\u00eancia da Rep\u00fablica do Brasil entre 1983 e 1984.<\/span><\/p>\n<p><span style=\"font-weight: 400\">A autogest\u00e3o, que seria batizada de Democracia Corinthiana, rendeu acordos como a libera\u00e7\u00e3o os atletas casados da concentra\u00e7\u00e3o antes dos jogos e conseguiu quitar todas as d\u00edvidas do clube. Em campo, ela tamb\u00e9m gerou bons frutos. O Corinthians chegou \u00e0s semifinais do Brasileiro daquele ano e faturou o campeonato paulista de 1982 e de 1983. O movimento acabou em 1985, um ano ap\u00f3s a sa\u00edda de S\u00f3crates para a It\u00e1lia e de Casagrande para o S\u00e3o Paulo.<\/span><\/p>\n<p><span style=\"font-weight: 400\"><strong>Se empolgou?<\/strong> Assista ao <a href=\"https:\/\/www.youtube.com\/watch?v=lbgyHs1PsJI\">document\u00e1rio<\/a>\u00a0sobre a Democracia Corinthiana.<\/span><\/p>\n<p>&nbsp;<\/p>\n<h3><b>4- Os Panteras Negras na Olimp\u00edada (1968)<\/b><\/h3>\n<figure id=\"attachment_5269\" aria-describedby=\"caption-attachment-5269\" style=\"width: 500px\" class=\"wp-caption aligncenter\"><img loading=\"lazy\" decoding=\"async\" class=\"wp-image-5269 size-full\" src=\"https:\/\/blogs.correiobraziliense.com.br\/elasnoataque\/wp-content\/uploads\/sites\/36\/2020\/06\/PanterasNegras-1.jpg\" alt=\"\" width=\"500\" height=\"375\" srcset=\"https:\/\/blogs.correiobraziliense.com.br\/elasnoataque\/wp-content\/uploads\/sites\/36\/2020\/06\/PanterasNegras-1.jpg 500w, https:\/\/blogs.correiobraziliense.com.br\/elasnoataque\/wp-content\/uploads\/sites\/36\/2020\/06\/PanterasNegras-1-300x225.jpg 300w, https:\/\/blogs.correiobraziliense.com.br\/elasnoataque\/wp-content\/uploads\/sites\/36\/2020\/06\/PanterasNegras-1-230x173.jpg 230w\" sizes=\"auto, (max-width: 500px) 100vw, 500px\" \/><figcaption id=\"caption-attachment-5269\" class=\"wp-caption-text\">Os punhos cerrados sobre o p\u00f3dio ol\u00edmpico: gesto eternizado contra o racismo<\/figcaption><\/figure>\n<p><span style=\"font-weight: 400\"><br \/>\nO gesto do grupo Panteras Negras, que combatia o racismo nos Estados Unidos na d\u00e9cada de 1960, ficou marcado como um dos mais emblem\u00e1ticos da hist\u00f3ria dos Jogos Ol\u00edmpicos. Durante a premia\u00e7\u00e3o dos 200 m livres do atletismo nos Jogos da Cidade do M\u00e9xico-1968, os norte-americanos Tommie Smith e John Carlos &#8212; respectivamente medalhistas de ouro e de bronze na prova &#8211; abaixaram a cabe\u00e7a e levantaram os punhos com luvas negras em cima do p\u00f3dio ol\u00edmpico. O gesto foi feito como forma de protesto durante a execu\u00e7\u00e3o do hino nacional e tornou-se um marco na luta contra o racismo.<\/span><\/p>\n<p><span style=\"font-weight: 400\">Pela manifesta\u00e7\u00e3o pol\u00edtica que remetia ao black power (for\u00e7a negra), os dois atletas foram banidos dos Jogos pelo Comit\u00ea Ol\u00edmpico Internacional. At\u00e9 hoje o COI rejeita manifesta\u00e7\u00f5es pol\u00edticas em Olimp\u00edadas. Uma curiosidade \u00e9 que os brasileiros S\u00f3crates (ex-Corinthians) e Reinaldo (ex-Atl\u00e9tico-MG) e um dos principais atacantes de Portugal Eus\u00e9bio (ex-Benfica) celebravam os gols repetindo o gesto com o bra\u00e7o erguido e o punho fechado.\u00a0<\/span><\/p>\n<h3><b>5- Jesse Owens contra o nazismo (1936)<\/b><\/h3>\n<figure id=\"attachment_5271\" aria-describedby=\"caption-attachment-5271\" style=\"width: 512px\" class=\"wp-caption aligncenter\"><img loading=\"lazy\" decoding=\"async\" class=\"wp-image-5271 size-full\" src=\"https:\/\/blogs.correiobraziliense.com.br\/elasnoataque\/wp-content\/uploads\/sites\/36\/2020\/06\/Jesse-Owens-1.jpg\" alt=\"\" width=\"512\" height=\"288\" srcset=\"https:\/\/blogs.correiobraziliense.com.br\/elasnoataque\/wp-content\/uploads\/sites\/36\/2020\/06\/Jesse-Owens-1.jpg 512w, https:\/\/blogs.correiobraziliense.com.br\/elasnoataque\/wp-content\/uploads\/sites\/36\/2020\/06\/Jesse-Owens-1-300x169.jpg 300w, https:\/\/blogs.correiobraziliense.com.br\/elasnoataque\/wp-content\/uploads\/sites\/36\/2020\/06\/Jesse-Owens-1-230x129.jpg 230w\" sizes=\"auto, (max-width: 512px) 100vw, 512px\" \/><figcaption id=\"caption-attachment-5271\" class=\"wp-caption-text\">Jesse Owens desbancou o nazismo de Hitler nas Olimp\u00edadas de Berlim, em 1936<\/figcaption><\/figure>\n<p><span style=\"font-weight: 400\"><br \/>\nOs Jogos Ol\u00edmpicos sediados em Berlim-1936 ocorreram em meio ao nazismo de Adolf Hitler. A resposta ao ditador alem\u00e3o que tentava propagar a cren\u00e7a sobre a superioridade racial dos arianos na primeira Olimp\u00edada sediada na Alemanha veio nas pistas, com o talento do negro Jesse Owens. Com a presen\u00e7a do chanceler alem\u00e3o no est\u00e1dio, o jovem norte-americano de 23 anos venceu o astro alem\u00e3o Luz Long no salto em dist\u00e2ncia. Ao todo, Jesse Owen conquistou quatro medalhas de ouro naquela Olimp\u00edada: revezamento 4x100m rasos, 100m rasos, 200m rasos e salto em dist\u00e2ncia &#8212; nestes dois \u00faltimos bateu o recorde mundial.\u00a0 <\/span><\/p>\n<p><span style=\"font-weight: 400\"><strong>D<\/strong><\/span><strong>ica de ouro:<\/strong> assista ao filme sobre a <a href=\"https:\/\/www.youtube.com\/watch?v=S3OeFRd9QDs\">hist\u00f3ria de Jesse Owens: Ra\u00e7a<\/a> (clique para ver o trailer).<\/p>\n<p>&nbsp;<\/p>\n<h4>O <strong>Elas no Ataque<\/strong> tamb\u00e9m j\u00e1 fez um v\u00eddeo sobre &#8220;Pol\u00edtica e esporte&#8221;, caso queria relembrar:<\/h4>\n<p><a href=\"https:\/\/youtu.be\/nfI0dx9CrDQ\">https:\/\/youtu.be\/nfI0dx9CrDQ<\/a><\/p>\n<p>&nbsp;<\/p>\n","protected":false},"excerpt":{"rendered":"<p>Seria at\u00e9 dif\u00edcil imaginar um cen\u00e1rio t\u00e3o conturbado quanto o apresentado em meados de 2020. Al\u00e9m da pandemia do novo coronav\u00edrus que apavora todas as na\u00e7\u00f5es, pa\u00edses inteiros veem protestos contra a brutalidade do racismo ebulirem nas ruas, como nos Estados Unidos ap\u00f3s a morte de George Floyd, em Minneapolis, provocada por um policial branco. No Brasil, esse sentimento de [&hellip;]<\/p>\n","protected":false},"author":79,"featured_media":5274,"comment_status":"open","ping_status":"open","sticky":false,"template":"","format":"standard","meta":{"footnotes":""},"categories":[28,25,26],"tags":[818,701,560,190,819],"class_list":["post-5268","post","type-post","status-publish","format-standard","has-post-thumbnail","hentry","category-atletismo","category-futebol","category-olimpiadas","tag-democracia","tag-manifestacao","tag-politica","tag-protesto","tag-recismo"],"_links":{"self":[{"href":"https:\/\/blogs.correiobraziliense.com.br\/elasnoataque\/wp-json\/wp\/v2\/posts\/5268","targetHints":{"allow":["GET"]}}],"collection":[{"href":"https:\/\/blogs.correiobraziliense.com.br\/elasnoataque\/wp-json\/wp\/v2\/posts"}],"about":[{"href":"https:\/\/blogs.correiobraziliense.com.br\/elasnoataque\/wp-json\/wp\/v2\/types\/post"}],"author":[{"embeddable":true,"href":"https:\/\/blogs.correiobraziliense.com.br\/elasnoataque\/wp-json\/wp\/v2\/users\/79"}],"replies":[{"embeddable":true,"href":"https:\/\/blogs.correiobraziliense.com.br\/elasnoataque\/wp-json\/wp\/v2\/comments?post=5268"}],"version-history":[{"count":0,"href":"https:\/\/blogs.correiobraziliense.com.br\/elasnoataque\/wp-json\/wp\/v2\/posts\/5268\/revisions"}],"wp:featuredmedia":[{"embeddable":true,"href":"https:\/\/blogs.correiobraziliense.com.br\/elasnoataque\/wp-json\/wp\/v2\/media\/5274"}],"wp:attachment":[{"href":"https:\/\/blogs.correiobraziliense.com.br\/elasnoataque\/wp-json\/wp\/v2\/media?parent=5268"}],"wp:term":[{"taxonomy":"category","embeddable":true,"href":"https:\/\/blogs.correiobraziliense.com.br\/elasnoataque\/wp-json\/wp\/v2\/categories?post=5268"},{"taxonomy":"post_tag","embeddable":true,"href":"https:\/\/blogs.correiobraziliense.com.br\/elasnoataque\/wp-json\/wp\/v2\/tags?post=5268"}],"curies":[{"name":"wp","href":"https:\/\/api.w.org\/{rel}","templated":true}]}}