{"id":3748,"date":"2019-06-24T22:44:39","date_gmt":"2019-06-25T01:44:39","guid":{"rendered":"https:\/\/blogs.correiobraziliense.com.br\/elasnoataque\/?p=3748"},"modified":"2019-06-24T22:47:09","modified_gmt":"2019-06-25T01:47:09","slug":"podcast-eliminacao-brasil-copa-feminina","status":"publish","type":"post","link":"https:\/\/blogs.correiobraziliense.com.br\/elasnoataque\/podcast-eliminacao-brasil-copa-feminina\/","title":{"rendered":"Podcast: a ressaca da elimina\u00e7\u00e3o e os bastidores da despedida do Brasil na Copa"},"content":{"rendered":"<p>O terceiro podcast do Elas no Ataque vem noticiar, infelizmente, a precoce elimina\u00e7\u00e3o do Brasil nas oitavas de final da Copa do Mundo da Fran\u00e7a. Diante das anfitri\u00e3s, <a href=\"https:\/\/blogs.correiobraziliense.com.br\/elasnoataque\/brasil-eliminado-copado-mundo-franca\/\">as brasileiras viram o sonho de conquistar o primeiro t\u00edtulo mundial do pa\u00eds acabar<\/a>. Saiba como foi o \u00faltimo jogo da Sele\u00e7\u00e3o Brasileira no Mundial de 2019:<\/p>\n<p><iframe loading=\"lazy\" width=\"1440\" height=\"400\" scrolling=\"no\" frameborder=\"no\" src=\"https:\/\/w.soundcloud.com\/player\/?visual=true&#038;url=https%3A%2F%2Fapi.soundcloud.com%2Ftracks%2F641629917&#038;show_artwork=true&#038;maxwidth=1440&#038;maxheight=1000&#038;dnt=1\"><\/iframe><\/p>\n","protected":false},"excerpt":{"rendered":"<p>O terceiro podcast do Elas no Ataque vem noticiar, infelizmente, a precoce elimina\u00e7\u00e3o do Brasil nas oitavas de final da Copa do Mundo da Fran\u00e7a. Diante das anfitri\u00e3s, as brasileiras viram o sonho de conquistar o primeiro t\u00edtulo mundial do pa\u00eds acabar. Saiba como foi o \u00faltimo jogo da Sele\u00e7\u00e3o Brasileira no Mundial de 2019:<\/p>\n","protected":false},"author":80,"featured_media":3750,"comment_status":"open","ping_status":"open","sticky":false,"template":"","format":"standard","meta":{"footnotes":""},"categories":[25],"tags":[61,524,20,692,149,30,672,666],"class_list":["post-3748","post","type-post","status-publish","format-standard","has-post-thumbnail","hentry","category-futebol","tag-brasil","tag-copa-da-franca","tag-copa-do-mundo","tag-eliminacao","tag-franca","tag-mundial","tag-oitavas-de-final","tag-podcast"],"_links":{"self":[{"href":"https:\/\/blogs.correiobraziliense.com.br\/elasnoataque\/wp-json\/wp\/v2\/posts\/3748","targetHints":{"allow":["GET"]}}],"collection":[{"href":"https:\/\/blogs.correiobraziliense.com.br\/elasnoataque\/wp-json\/wp\/v2\/posts"}],"about":[{"href":"https:\/\/blogs.correiobraziliense.com.br\/elasnoataque\/wp-json\/wp\/v2\/types\/post"}],"author":[{"embeddable":true,"href":"https:\/\/blogs.correiobraziliense.com.br\/elasnoataque\/wp-json\/wp\/v2\/users\/80"}],"replies":[{"embeddable":true,"href":"https:\/\/blogs.correiobraziliense.com.br\/elasnoataque\/wp-json\/wp\/v2\/comments?post=3748"}],"version-history":[{"count":4,"href":"https:\/\/blogs.correiobraziliense.com.br\/elasnoataque\/wp-json\/wp\/v2\/posts\/3748\/revisions"}],"predecessor-version":[{"id":3755,"href":"https:\/\/blogs.correiobraziliense.com.br\/elasnoataque\/wp-json\/wp\/v2\/posts\/3748\/revisions\/3755"}],"wp:featuredmedia":[{"embeddable":true,"href":"https:\/\/blogs.correiobraziliense.com.br\/elasnoataque\/wp-json\/wp\/v2\/media\/3750"}],"wp:attachment":[{"href":"https:\/\/blogs.correiobraziliense.com.br\/elasnoataque\/wp-json\/wp\/v2\/media?parent=3748"}],"wp:term":[{"taxonomy":"category","embeddable":true,"href":"https:\/\/blogs.correiobraziliense.com.br\/elasnoataque\/wp-json\/wp\/v2\/categories?post=3748"},{"taxonomy":"post_tag","embeddable":true,"href":"https:\/\/blogs.correiobraziliense.com.br\/elasnoataque\/wp-json\/wp\/v2\/tags?post=3748"}],"curies":[{"name":"wp","href":"https:\/\/api.w.org\/{rel}","templated":true}]}}