{"id":3740,"date":"2019-06-23T21:37:26","date_gmt":"2019-06-24T00:37:26","guid":{"rendered":"https:\/\/blogs.correiobraziliense.com.br\/elasnoataque\/?p=3740"},"modified":"2019-06-25T20:00:47","modified_gmt":"2019-06-25T23:00:47","slug":"tempo-tecnico-analise-da-eliminacao-do-brasil-na-copa","status":"publish","type":"post","link":"https:\/\/blogs.correiobraziliense.com.br\/elasnoataque\/tempo-tecnico-analise-da-eliminacao-do-brasil-na-copa\/","title":{"rendered":"Tempo t\u00e9cnico: an\u00e1lise da elimina\u00e7\u00e3o do Brasil na Copa do Mundo"},"content":{"rendered":"<p>A Sele\u00e7\u00e3o Brasileira lutou at\u00e9 o fim dos 90 minutos e levou a anfitri\u00e3 para a prorroga\u00e7\u00e3o nas oitavas de final da Copa do Mundo. O Brasil, no entanto, sucumbiu ao talento de Amandine Henry e viu as donas da casa marcarem 2 a 1 no placar e avan\u00e7arem no Mundial. Analisamos a elimina\u00e7\u00e3o da Sele\u00e7\u00e3o canarinho e comentamos quais s\u00e3o as mudan\u00e7as necess\u00e1rias daqui para frente.<\/p>\n<h2><strong>Assista o v\u00eddeo:<\/strong><\/h2>\n<p>https:\/\/www.facebook.com\/correiobraziliense\/videos\/2325639007706824\/UzpfSTE3ODAwNTc4MjU6MTAyMTEyMDQ4MTc5MTQ1MDY\/<\/p>\n<p><strong><br \/>\nPor Mariana Fraga<\/strong><\/p>\n<p><strong>Patroc\u00ednio:\u00a0<\/strong>Col\u00e9gio Moraes R\u00eago<strong><br \/>\nApoio:\u00a0<\/strong>Casa de Viagens e Bancorbr\u00e1s \u2013 Ag\u00eancia de Viagens<\/p>\n","protected":false},"excerpt":{"rendered":"<p>A Sele\u00e7\u00e3o Brasileira lutou at\u00e9 o fim dos 90 minutos e levou a anfitri\u00e3 para a prorroga\u00e7\u00e3o nas oitavas de final da Copa do Mundo. O Brasil, no entanto, sucumbiu ao talento de Amandine Henry e viu as donas da casa marcarem 2 a 1 no placar e avan\u00e7arem no Mundial. Analisamos a elimina\u00e7\u00e3o da Sele\u00e7\u00e3o canarinho e comentamos quais [&hellip;]<\/p>\n","protected":false},"author":80,"featured_media":3763,"comment_status":"open","ping_status":"open","sticky":false,"template":"","format":"standard","meta":{"footnotes":""},"categories":[25],"tags":[61,524,20,692,149,672],"class_list":["post-3740","post","type-post","status-publish","format-standard","has-post-thumbnail","hentry","category-futebol","tag-brasil","tag-copa-da-franca","tag-copa-do-mundo","tag-eliminacao","tag-franca","tag-oitavas-de-final"],"_links":{"self":[{"href":"https:\/\/blogs.correiobraziliense.com.br\/elasnoataque\/wp-json\/wp\/v2\/posts\/3740","targetHints":{"allow":["GET"]}}],"collection":[{"href":"https:\/\/blogs.correiobraziliense.com.br\/elasnoataque\/wp-json\/wp\/v2\/posts"}],"about":[{"href":"https:\/\/blogs.correiobraziliense.com.br\/elasnoataque\/wp-json\/wp\/v2\/types\/post"}],"author":[{"embeddable":true,"href":"https:\/\/blogs.correiobraziliense.com.br\/elasnoataque\/wp-json\/wp\/v2\/users\/80"}],"replies":[{"embeddable":true,"href":"https:\/\/blogs.correiobraziliense.com.br\/elasnoataque\/wp-json\/wp\/v2\/comments?post=3740"}],"version-history":[{"count":6,"href":"https:\/\/blogs.correiobraziliense.com.br\/elasnoataque\/wp-json\/wp\/v2\/posts\/3740\/revisions"}],"predecessor-version":[{"id":3768,"href":"https:\/\/blogs.correiobraziliense.com.br\/elasnoataque\/wp-json\/wp\/v2\/posts\/3740\/revisions\/3768"}],"wp:featuredmedia":[{"embeddable":true,"href":"https:\/\/blogs.correiobraziliense.com.br\/elasnoataque\/wp-json\/wp\/v2\/media\/3763"}],"wp:attachment":[{"href":"https:\/\/blogs.correiobraziliense.com.br\/elasnoataque\/wp-json\/wp\/v2\/media?parent=3740"}],"wp:term":[{"taxonomy":"category","embeddable":true,"href":"https:\/\/blogs.correiobraziliense.com.br\/elasnoataque\/wp-json\/wp\/v2\/categories?post=3740"},{"taxonomy":"post_tag","embeddable":true,"href":"https:\/\/blogs.correiobraziliense.com.br\/elasnoataque\/wp-json\/wp\/v2\/tags?post=3740"}],"curies":[{"name":"wp","href":"https:\/\/api.w.org\/{rel}","templated":true}]}}