{"id":3671,"date":"2019-06-22T15:12:45","date_gmt":"2019-06-22T18:12:45","guid":{"rendered":"https:\/\/blogs.correiobraziliense.com.br\/elasnoataque\/?p=3671"},"modified":"2019-06-25T21:03:24","modified_gmt":"2019-06-26T00:03:24","slug":"conheca-le-havre-oscar-niemeyer","status":"publish","type":"post","link":"https:\/\/blogs.correiobraziliense.com.br\/elasnoataque\/conheca-le-havre-oscar-niemeyer\/","title":{"rendered":"Cidade que recebe Brasil nas oitavas da Copa da Fran\u00e7a tem liga\u00e7\u00e3o com Niemeyer"},"content":{"rendered":"<p><b>Le Havre (Fran\u00e7a) \u2014 <\/b>A\u00a08.651 km de Bras\u00edlia, Le Havre, cidade que recebe o duelo entre a Sele\u00e7\u00e3o Brasileira e a Fran\u00e7a, nas oitavas de final na Copa do Mundo de futebol feminino, tem liga\u00e7\u00e3o com a capital do pa\u00eds do futebol por meio da arquitetura. A cidade localizada no Norte da Fran\u00e7a, que ganhou o t\u00edtulo de Patrim\u00f4nio da Humanidade da Unesco, divide alguns tra\u00e7os arquitet\u00f4nicos com a capital do pa\u00eds. Isso porque Oscar Niemeyer, arquiteto que participou da constru\u00e7\u00e3o Bras\u00edlia, tamb\u00e9m participou da constru\u00e7\u00e3o de uma parte importante de Le Havre.<\/p>\n<p>O Centro Cultural da cidade foi constru\u00eddo pelo brasileiro e inaugurado em 1982. A obra, conhecida como \u2018O Vulc\u00e3o\u2019 pela forma que leva, tem dois edif\u00edcios: o principal abriga um audit\u00f3rio, do tipo anfiteatro, com 1200 lugares e o menor \u00e9 onde funciona uma moderna biblioteca. Em 2011, o complexo sofreu uma renova\u00e7\u00e3o \u2014 realizada com a aprova\u00e7\u00e3o do arquiteto que faleceu em 2012 \u2014 e foi reaberto ao p\u00fablico em 2015.<\/p>\n<figure id=\"attachment_3675\" aria-describedby=\"caption-attachment-3675\" style=\"width: 620px\" class=\"wp-caption aligncenter\"><img loading=\"lazy\" decoding=\"async\" class=\"size-full wp-image-3675\" src=\"https:\/\/blogs.correiobraziliense.com.br\/elasnoataque\/wp-content\/uploads\/sites\/36\/2019\/06\/le-havre-2.jpg\" alt=\"\" width=\"620\" height=\"393\" srcset=\"https:\/\/blogs.correiobraziliense.com.br\/elasnoataque\/wp-content\/uploads\/sites\/36\/2019\/06\/le-havre-2.jpg 620w, https:\/\/blogs.correiobraziliense.com.br\/elasnoataque\/wp-content\/uploads\/sites\/36\/2019\/06\/le-havre-2-300x190.jpg 300w, https:\/\/blogs.correiobraziliense.com.br\/elasnoataque\/wp-content\/uploads\/sites\/36\/2019\/06\/le-havre-2-550x349.jpg 550w, https:\/\/blogs.correiobraziliense.com.br\/elasnoataque\/wp-content\/uploads\/sites\/36\/2019\/06\/le-havre-2-230x146.jpg 230w\" sizes=\"auto, (max-width: 620px) 100vw, 620px\" \/><figcaption id=\"caption-attachment-3675\" class=\"wp-caption-text\">A obra de Niemeyer vista de cima | Divulga\u00e7\u00e3o\/Internet<\/figcaption><\/figure>\n<p>Vista de cima, a obra de Niemeyer forma uma pomba, s\u00edmbolo que remete \u00e0 paz e se relaciona com a hist\u00f3ria da cidade que sofreu estragos das grandes guerras mundiais. Le Havre \u00e9 a maior cidade da regi\u00e3o da Normandia e fez parte de uma das regi\u00f5es mais devastadas por bombardeio da Segunda Guerra Mundial.<\/p>\n<h2><strong>Est\u00e1dio cheio<\/strong><\/h2>\n<p>\u00c9 neste cen\u00e1rio hist\u00f3rico e marcante que o <a href=\"https:\/\/blogs.correiobraziliense.com.br\/elasnoataque\/brasil-enfrenta-franca-oitavas-de-final-copa\/\">Brasil enfrentar\u00e1 as anfitri\u00e3s do Mundial<\/a>. No domingo (23\/6), Marta e Cia. buscam avan\u00e7ar no mata-mata no Stade Oc\u00e9ane, maior est\u00e1dio da regi\u00e3o da Normandia, com capacidade para 25.000 lugares. A casa do jogo entre Fran\u00e7a x Brasil, que est\u00e1 com os ingressos esgotados, tem at\u00e9 um hotel com 20 quartos com vista para a arena.<\/p>\n<p><strong>Por Maria Eduarda Cardim\u00a0\u2014 Enviada especial<\/strong><\/p>\n<p><strong>Patroc\u00ednio:\u00a0<\/strong>Col\u00e9gio Moraes R\u00eago<strong><br \/>\nApoio:\u00a0<\/strong>Casa de Viagens e Bancorbr\u00e1s \u2013 Ag\u00eancia de Viagens<\/p>\n","protected":false},"excerpt":{"rendered":"<p>Le Havre (Fran\u00e7a) \u2014 A\u00a08.651 km de Bras\u00edlia, Le Havre, cidade que recebe o duelo entre a Sele\u00e7\u00e3o Brasileira e a Fran\u00e7a, nas oitavas de final na Copa do Mundo de futebol feminino, tem liga\u00e7\u00e3o com a capital do pa\u00eds do futebol por meio da arquitetura. A cidade localizada no Norte da Fran\u00e7a, que ganhou o t\u00edtulo de Patrim\u00f4nio da [&hellip;]<\/p>\n","protected":false},"author":80,"featured_media":3672,"comment_status":"open","ping_status":"open","sticky":false,"template":"","format":"standard","meta":{"footnotes":""},"categories":[25],"tags":[524,20,629,149,108,690,672],"class_list":["post-3671","post","type-post","status-publish","format-standard","has-post-thumbnail","hentry","category-futebol","tag-copa-da-franca","tag-copa-do-mundo","tag-copa-do-mundo-feminina","tag-franca","tag-futebol-feminino","tag-le-havre","tag-oitavas-de-final"],"_links":{"self":[{"href":"https:\/\/blogs.correiobraziliense.com.br\/elasnoataque\/wp-json\/wp\/v2\/posts\/3671","targetHints":{"allow":["GET"]}}],"collection":[{"href":"https:\/\/blogs.correiobraziliense.com.br\/elasnoataque\/wp-json\/wp\/v2\/posts"}],"about":[{"href":"https:\/\/blogs.correiobraziliense.com.br\/elasnoataque\/wp-json\/wp\/v2\/types\/post"}],"author":[{"embeddable":true,"href":"https:\/\/blogs.correiobraziliense.com.br\/elasnoataque\/wp-json\/wp\/v2\/users\/80"}],"replies":[{"embeddable":true,"href":"https:\/\/blogs.correiobraziliense.com.br\/elasnoataque\/wp-json\/wp\/v2\/comments?post=3671"}],"version-history":[{"count":9,"href":"https:\/\/blogs.correiobraziliense.com.br\/elasnoataque\/wp-json\/wp\/v2\/posts\/3671\/revisions"}],"predecessor-version":[{"id":3777,"href":"https:\/\/blogs.correiobraziliense.com.br\/elasnoataque\/wp-json\/wp\/v2\/posts\/3671\/revisions\/3777"}],"wp:featuredmedia":[{"embeddable":true,"href":"https:\/\/blogs.correiobraziliense.com.br\/elasnoataque\/wp-json\/wp\/v2\/media\/3672"}],"wp:attachment":[{"href":"https:\/\/blogs.correiobraziliense.com.br\/elasnoataque\/wp-json\/wp\/v2\/media?parent=3671"}],"wp:term":[{"taxonomy":"category","embeddable":true,"href":"https:\/\/blogs.correiobraziliense.com.br\/elasnoataque\/wp-json\/wp\/v2\/categories?post=3671"},{"taxonomy":"post_tag","embeddable":true,"href":"https:\/\/blogs.correiobraziliense.com.br\/elasnoataque\/wp-json\/wp\/v2\/tags?post=3671"}],"curies":[{"name":"wp","href":"https:\/\/api.w.org\/{rel}","templated":true}]}}