{"id":3633,"date":"2019-06-20T08:08:12","date_gmt":"2019-06-20T11:08:12","guid":{"rendered":"https:\/\/blogs.correiobraziliense.com.br\/elasnoataque\/?p=3633"},"modified":"2019-07-11T20:35:17","modified_gmt":"2019-07-11T23:35:17","slug":"selecao-brasileira-pode-enfrentar-alemanha-ou-franca-oitavas-da-copa","status":"publish","type":"post","link":"https:\/\/blogs.correiobraziliense.com.br\/elasnoataque\/selecao-brasileira-pode-enfrentar-alemanha-ou-franca-oitavas-da-copa\/","title":{"rendered":"Sele\u00e7\u00e3o Brasileira vai enfrentar bombardeio a\u00e9reo nas oitavas da Copa"},"content":{"rendered":"<div>\n<p>Ap\u00f3s a vit\u00f3ria por 1 x 0 sobre a It\u00e1lia, o Brasil cravou a classifica\u00e7\u00e3o entre os quatro melhores terceiros colocados para as oitavas de final da Copa do Mundo. O advers\u00e1rio da pr\u00f3xima fase, no entanto, ainda n\u00e3o foi definido e pode ser tanto a anfitri\u00e3, Fran\u00e7a, como a Alemanha, bicampe\u00e3 mundial. Duas sele\u00e7\u00f5es perigosas que tornam ainda mais dif\u00edcil o desafio do time de Marta avan\u00e7ar \u00e0s quartas de final do torneio. A for\u00e7a nas bolas a\u00e9reas \u2013 justamente uma das principais defici\u00eancias defensivas do time verde-amarelo \u2013 \u00e9 caracter\u00edstica ofensiva das duas poss\u00edveis rivais brasileiras.<\/p>\n<p>Se tiver de encarar a Fran\u00e7a, o Brasil ter\u00e1 um oponente a mais: a torcida. O pa\u00eds-sede da Copa viu o futebol feminino emergir no cen\u00e1rio nacional nos \u00faltimos anos e, atualmente, a Liga Francesa \u00e9 refer\u00eancia no mundo. O fortalecimento do torneio foi fundamental para a melhora do desempenho da sele\u00e7\u00e3o. O Lyon \u00e9 o time de destaque. Na estante, coleciona seis Uefa Champions League, sendo as quatro \u00faltimas de forma consecutiva. Do time de mulheres mais bem-sucedido do planeta, sete jogadoras comp\u00f5em a equipe francesa.<\/p>\n<p>Essa \u00e9 apenas a quarta participa\u00e7\u00e3o da Fran\u00e7a em Copas, e o melhor resultado na competi\u00e7\u00e3o foi chegar \u00e0s semifinais em 2011, na Alemanha, faturando o quarto lugar. Neste ano, a estreia convincente com vit\u00f3ria por 4 x 0 contra a Coreia do Sul deu um ar de otimismo aos torcedores. Com 100% de aproveitamento na primeira fase, as anfitri\u00e3s ainda venceram a Noruega, campe\u00e3 mundial em 1995, e a Nig\u00e9ria. Est\u00e3o entre as favoritas ao t\u00edtulo.<\/p>\n<\/div>\n<div>\n<figure id=\"attachment_3635\" aria-describedby=\"caption-attachment-3635\" style=\"width: 750px\" class=\"wp-caption aligncenter\"><img loading=\"lazy\" decoding=\"async\" class=\"size-full wp-image-3635\" src=\"https:\/\/blogs.correiobraziliense.com.br\/elasnoataque\/wp-content\/uploads\/sites\/36\/2019\/06\/DA4A34BC-91A5-4912-8AC2-4CE05E20B9B0.jpeg\" alt=\"Fran\u00e7a de Renard \u00e9 uma das favoritas ao t\u00edtulo da Copa do Mundo feminina 2019\" width=\"750\" height=\"500\" srcset=\"https:\/\/blogs.correiobraziliense.com.br\/elasnoataque\/wp-content\/uploads\/sites\/36\/2019\/06\/DA4A34BC-91A5-4912-8AC2-4CE05E20B9B0.jpeg 750w, https:\/\/blogs.correiobraziliense.com.br\/elasnoataque\/wp-content\/uploads\/sites\/36\/2019\/06\/DA4A34BC-91A5-4912-8AC2-4CE05E20B9B0-300x200.jpeg 300w, https:\/\/blogs.correiobraziliense.com.br\/elasnoataque\/wp-content\/uploads\/sites\/36\/2019\/06\/DA4A34BC-91A5-4912-8AC2-4CE05E20B9B0-550x367.jpeg 550w, https:\/\/blogs.correiobraziliense.com.br\/elasnoataque\/wp-content\/uploads\/sites\/36\/2019\/06\/DA4A34BC-91A5-4912-8AC2-4CE05E20B9B0-230x153.jpeg 230w\" sizes=\"auto, (max-width: 750px) 100vw, 750px\" \/><figcaption id=\"caption-attachment-3635\" class=\"wp-caption-text\">A zagueira francesa Renard, 28 anos, \u00e9 a jogadora mais alta do torneio, com 1,87m | AFP\/Franck Fife<\/figcaption><\/figure>\n<p>Com muito volume de jogo e intensidade ofensiva, as donas da casa t\u00eam a bola a\u00e9rea como uma das principais armas. A zagueira Renard, 28 anos, \u00e9 a jogadora mais alta do torneio, com 1,87m. No primeiro jogo, marcou duas vezes de cabe\u00e7a e \u00e9 a artilheira do pa\u00eds, com tr\u00eas gols. Com presen\u00e7a de \u00e1rea, comanda a defesa e ajuda a organizar o time. Al\u00e9m dela, Amandine Henry, 29 anos, \u00e9 a articuladora do time, tanto nas laterais como no meio-campo. Eug\u00e9nie Le Sommer completa o quadro de destaques. Uma leg\u00edtima camisa 9, sempre bem posicionada, balan\u00e7ou a rede duas vezes no torneio.<\/p>\n<p>No comando t\u00e9cnico, est\u00e1 Corinne Diacre, a primeira mulher a treinar um time profissional de futebol masculino no mundo. De 2014 a 2017, assumiu o Clermont Foot, da segunda divis\u00e3o francesa. Diacre \u00e9 treinadora da sele\u00e7\u00e3o azul desde agosto de 2017 e, com car\u00e1ter forte e frieza, \u00e9 considerada uma das melhores treinadoras do torneio.<\/p>\n<p>Do outro lado est\u00e1 a possibilidade de enfrentar a Alemanha, a segunda melhor sele\u00e7\u00e3o do mundo, de acordo com o ranking da Fifa. O pa\u00eds participou de todas as edi\u00e7\u00f5es do torneio e se consagrou bicampe\u00e3o nas Copas de 2003 e 2007. O \u00faltimo t\u00edtulo alem\u00e3o foi uma lembran\u00e7a amarga para as brasileiras. Ap\u00f3s ter vencido os Estados Unidos por 4 x 0 nas semifinais, a Sele\u00e7\u00e3o canarinho perdeu a final por 2 x 0 e ficou com o vice.<\/p>\n<p>Para aumentar a fama de favorita, nos Jogos do Rio-2016, a equipe alem\u00e3 faturou o in\u00e9dito ouro ol\u00edmpico, no Maracan\u00e3. A Alemanha \u00e9 uma das pot\u00eancias do futebol e, na Copa da Fran\u00e7a, a equipe comandada pela ex-jogadora Martina Voss-Tecklenburg vai apostar na consist\u00eancia defensiva. Apesar de ter algumas defici\u00eancias na marca\u00e7\u00e3o, a sele\u00e7\u00e3o bicampe\u00e3 \u00e9 um dos tr\u00eas pa\u00edses que n\u00e3o foi vazado no torneio. Estados Unidos e Canad\u00e1 completam a lista.<\/p>\n<\/div>\n<div>\n<figure id=\"attachment_3634\" aria-describedby=\"caption-attachment-3634\" style=\"width: 750px\" class=\"wp-caption aligncenter\"><img loading=\"lazy\" decoding=\"async\" class=\"wp-image-3634 size-full\" src=\"https:\/\/blogs.correiobraziliense.com.br\/elasnoataque\/wp-content\/uploads\/sites\/36\/2019\/06\/5AB52C25-50B3-49AF-B285-A51DDC8EF635.jpeg\" alt=\"Dzsenifer Marozsan \u00e9 uma das armas de ataque da Alemanha para a Copa do Mundo feminina da Fran\u00e7a \" width=\"750\" height=\"500\" srcset=\"https:\/\/blogs.correiobraziliense.com.br\/elasnoataque\/wp-content\/uploads\/sites\/36\/2019\/06\/5AB52C25-50B3-49AF-B285-A51DDC8EF635.jpeg 750w, https:\/\/blogs.correiobraziliense.com.br\/elasnoataque\/wp-content\/uploads\/sites\/36\/2019\/06\/5AB52C25-50B3-49AF-B285-A51DDC8EF635-300x200.jpeg 300w, https:\/\/blogs.correiobraziliense.com.br\/elasnoataque\/wp-content\/uploads\/sites\/36\/2019\/06\/5AB52C25-50B3-49AF-B285-A51DDC8EF635-550x367.jpeg 550w, https:\/\/blogs.correiobraziliense.com.br\/elasnoataque\/wp-content\/uploads\/sites\/36\/2019\/06\/5AB52C25-50B3-49AF-B285-A51DDC8EF635-230x153.jpeg 230w\" sizes=\"auto, (max-width: 750px) 100vw, 750px\" \/><figcaption id=\"caption-attachment-3634\" class=\"wp-caption-text\">A alem\u00e3 Dzsenifer Marozsan, recuperada de les\u00e3o, \u00e9 uma das meias mais talentosas da atualidade | AFP\/Loic Venance<\/figcaption><\/figure>\n<p>A Alemanha tamb\u00e9m chega \u00e0s oitavas de final com 100% de aproveitamento. Conquistou duas vit\u00f3rias dif\u00edceis por 1 x 0 sobre China e Espanha, advers\u00e1rias fortes. Al\u00e9m disso, goleou a \u00c1frica do Sul por 4 x 0, com tr\u00eas gols oriundos de lan\u00e7amentos na \u00e1rea e finaliza\u00e7\u00f5es de cabe\u00e7a. Com um elenco de jogadoras altas e de for\u00e7a f\u00edsica, a sele\u00e7\u00e3o alem\u00e3 tamb\u00e9m tem a bola a\u00e9rea como estrat\u00e9gia fundamental do ataque.<\/p>\n<p>Nas oitavas de final, a Alemanha deve contar com a lideran\u00e7a ofensiva de Dzsenifer Marozsan, que estava se recuperando de uma les\u00e3o no dedo do p\u00e9 direito e ficou de fora de dois jogos da fase de grupos. A camisa 10 do Lyon e da sele\u00e7\u00e3o \u00e9 uma das meias mais talentosas da atualidade. A treinadora Martina Voss-Tecklenburg, que disputou uma final de Copa do Mundo em 1995 como jogadora, coleciona canecos \u00e0 frente de times femininos.<\/p>\n<p>O Brasil se classificou para as oitavas de final ap\u00f3s estrear com a vit\u00f3ria por 3 x 0 contra a Jamaica, perder de virada para a Austr\u00e1lia por 3 x 2 e vencer a It\u00e1lia por 1 x 0. A equipe verde e amarela sofre com a aus\u00eancia de Andressa Alves, uma das principais pe\u00e7as na cria\u00e7\u00e3o ofensiva da Sele\u00e7\u00e3o, com duas assist\u00eancias na primeira partida. A atacante teve uma les\u00e3o na coxa e est\u00e1 fora da Copa do Mundo. A equipe brasileira comete muitos erros defensivos e deixa espa\u00e7os para os advers\u00e1rios. Um dos problemas ofensivos est\u00e1 na defici\u00eancia nas finaliza\u00e7\u00f5es. O pa\u00eds perde muitos gols. No entanto, o talento e experi\u00eancia de Marta, seis vezes eleita melhor jogadora do mundo, somados \u00e0 qualidade t\u00e9cnica e de posicionamento de Cristiane, oferecem aos torcedores alguma esperan\u00e7a na classifica\u00e7\u00e3o \u00e0s quartas de final.<\/p>\n<p><strong>Por Mariana Fraga (es<\/strong><strong>tagi\u00e1ria sob a supervis\u00e3o de Fernando Brito)<\/strong><\/p>\n<p><strong>Patroc\u00ednio:\u00a0<\/strong>Col\u00e9gio Moraes R\u00eago<br \/>\n<strong>Apoio:\u00a0<\/strong>Casa de Viagens e Bancorbr\u00e1s \u2013 Ag\u00eancia de Viagens<\/p>\n<\/div>\n","protected":false},"excerpt":{"rendered":"<p>Ap\u00f3s a vit\u00f3ria por 1 x 0 sobre a It\u00e1lia, o Brasil cravou a classifica\u00e7\u00e3o entre os quatro melhores terceiros colocados para as oitavas de final da Copa do Mundo. O advers\u00e1rio da pr\u00f3xima fase, no entanto, ainda n\u00e3o foi definido e pode ser tanto a anfitri\u00e3, Fran\u00e7a, como a Alemanha, bicampe\u00e3 mundial. Duas sele\u00e7\u00f5es perigosas que tornam ainda mais [&hellip;]<\/p>\n","protected":false},"author":79,"featured_media":3642,"comment_status":"open","ping_status":"open","sticky":false,"template":"","format":"standard","meta":{"footnotes":""},"categories":[25],"tags":[646,61,524,149,672,161],"class_list":["post-3633","post","type-post","status-publish","format-standard","has-post-thumbnail","hentry","category-futebol","tag-alemanha","tag-brasil","tag-copa-da-franca","tag-franca","tag-oitavas-de-final","tag-selecao-brasileira"],"_links":{"self":[{"href":"https:\/\/blogs.correiobraziliense.com.br\/elasnoataque\/wp-json\/wp\/v2\/posts\/3633","targetHints":{"allow":["GET"]}}],"collection":[{"href":"https:\/\/blogs.correiobraziliense.com.br\/elasnoataque\/wp-json\/wp\/v2\/posts"}],"about":[{"href":"https:\/\/blogs.correiobraziliense.com.br\/elasnoataque\/wp-json\/wp\/v2\/types\/post"}],"author":[{"embeddable":true,"href":"https:\/\/blogs.correiobraziliense.com.br\/elasnoataque\/wp-json\/wp\/v2\/users\/79"}],"replies":[{"embeddable":true,"href":"https:\/\/blogs.correiobraziliense.com.br\/elasnoataque\/wp-json\/wp\/v2\/comments?post=3633"}],"version-history":[{"count":6,"href":"https:\/\/blogs.correiobraziliense.com.br\/elasnoataque\/wp-json\/wp\/v2\/posts\/3633\/revisions"}],"predecessor-version":[{"id":4147,"href":"https:\/\/blogs.correiobraziliense.com.br\/elasnoataque\/wp-json\/wp\/v2\/posts\/3633\/revisions\/4147"}],"wp:featuredmedia":[{"embeddable":true,"href":"https:\/\/blogs.correiobraziliense.com.br\/elasnoataque\/wp-json\/wp\/v2\/media\/3642"}],"wp:attachment":[{"href":"https:\/\/blogs.correiobraziliense.com.br\/elasnoataque\/wp-json\/wp\/v2\/media?parent=3633"}],"wp:term":[{"taxonomy":"category","embeddable":true,"href":"https:\/\/blogs.correiobraziliense.com.br\/elasnoataque\/wp-json\/wp\/v2\/categories?post=3633"},{"taxonomy":"post_tag","embeddable":true,"href":"https:\/\/blogs.correiobraziliense.com.br\/elasnoataque\/wp-json\/wp\/v2\/tags?post=3633"}],"curies":[{"name":"wp","href":"https:\/\/api.w.org\/{rel}","templated":true}]}}