{"id":3583,"date":"2019-06-18T18:21:28","date_gmt":"2019-06-18T21:21:28","guid":{"rendered":"https:\/\/blogs.correiobraziliense.com.br\/elasnoataque\/?p=3583"},"modified":"2019-07-11T20:33:14","modified_gmt":"2019-07-11T23:33:14","slug":"brasil-x-italia-marta-artilheira-das-copas-do-mundo","status":"publish","type":"post","link":"https:\/\/blogs.correiobraziliense.com.br\/elasnoataque\/brasil-x-italia-marta-artilheira-das-copas-do-mundo\/","title":{"rendered":"Brasil vence It\u00e1lia com 17\u00ba gol de Marta, a artilheira das Copas"},"content":{"rendered":"<p><strong>Valenciennes (Fran\u00e7a) \u2014\u00a0<\/strong>O Brasil colocou a alma em campo contra a It\u00e1lia, nesta ter\u00e7a-feira (18\/6), no Stade du Hainaut, em Valenciennes, na Fran\u00e7a. A vit\u00f3ria at\u00e9 aconteceu. Da canhotinha de Marta, saiu n\u00e3o apenas o \u00fanico gol da partida, como o recorde de maior artilheira da hist\u00f3ria da Copa do Mundo, tanto na feminina quanto na masculina. Ao fazer o 17\u00ba gol em mundiais, a Rainha passou o alem\u00e3o Miroslav Klose, que tem 16. Mas n\u00e3o evitou que\u00a0o Brasil terminasse em terceiro do grupo, posi\u00e7\u00e3o em que pega\u00a0a anfitri\u00e3 Fran\u00e7a ou a bicampe\u00e3 Alemanha nas oitavas de final da Copa do Mundo feminina.<\/p>\n<p>\u201cO recorde \u00e9 nosso, de todas n\u00f3s, mulheres que lutamos constantemente por melhorias em todos os setores. Eu divido com todas que batalham e ainda t\u00eam de provar que s\u00e3o capazes de desempenhar qualquer tipo de atividade\u201d, comemorou Marta. Ap\u00f3s abrir o placar, o Brasil chegou a sentir o gostinho do segundo lugar do grupo. J\u00e1 que a Austr\u00e1lia vencia a Jamaica por 3 x 1. O sentimento durou cerca de 20 minutos, at\u00e9 a Austr\u00e1lia ampliar a vantagem e passar o Brasil na tabela,m, por causa do saldo de gol.<\/p>\n<p>Cerca de seis horas antes de entrar em campo para o jogo contra a It\u00e1lia, a Sele\u00e7\u00e3o Brasileira soube que a meia Andressa Alves estava fora da partida e do restante da Copa do Mundo. Ludmila e Tamires contaram que a not\u00edcia abalou o elenco. &#8220;Mas tamb\u00e9m nos motivou, porque jogamos por ela&#8221;, disseram. A camisa 10 do Barcelona sofreu uma les\u00e3o na coxa esquerda durante treino no dia anterior. A equipe, que j\u00e1 estava desfalcada de Formiga, foi com Andressinha e Ludmila para o campo.<\/p>\n<p>O Brasil come\u00e7ou o jogo indo para cima das italianas, pressionando a sa\u00edda de bola das advers\u00e1rias. Era necess\u00e1rio vencer e ainda abrir boa vantagem para ultrapassar a Austr\u00e1lia ou a pr\u00f3pria It\u00e1lia no saldo de gol. O risco era a exposi\u00e7\u00e3o aos contra-ataques, aposta da Azzurra para o confronto. Logo aos 4 minutos, as italianas mostraram o poder ofensivo que a colocaram na lideran\u00e7a do grupo, com boa finaliza\u00e7\u00e3o da Bonansea no canto direito de B\u00e1rbara.<\/p>\n<p>Assim seguiu a partida. Com 10 minutos, o Brasil tinha 63% de posse de bola. Pouco depois, teve uma sequ\u00eancia de tr\u00eas escanteios seguidos com perigo. No primeiro, Marta cobrou e Debinha completou de letra dentro da \u00e1rea. Uma jogada linda que parou nas m\u00e3os da goleira Giuliani. No segundo, a goleira salvou o que seria um gol ol\u00edmpico da Rainha Marta. No terceiro, Kethellen cabeceou com perigo, mas o placar seguiu inalterado.<\/p>\n<p>Em jogo aberto, a It\u00e1lia ainda assustou ao balan\u00e7ar as redes com Cristiana Girelli, mas em posi\u00e7\u00e3o de impedimento. Gol anulado corretamente. A goleira brasileira B\u00e1rbara tamb\u00e9m precisou protagonizar um milagre ao defender, \u00e0 queima roupa, chute de Bonansea. Mostras de como a It\u00e1lia conseguiu equilibrar a disputa, igualando, inclusive, a posse de bola.<\/p>\n<p><img loading=\"lazy\" decoding=\"async\" class=\"size-full wp-image-3591 aligncenter\" src=\"https:\/\/blogs.correiobraziliense.com.br\/elasnoataque\/wp-content\/uploads\/sites\/36\/2019\/06\/CBF-1.png\" alt=\"\" width=\"750\" height=\"500\" srcset=\"https:\/\/blogs.correiobraziliense.com.br\/elasnoataque\/wp-content\/uploads\/sites\/36\/2019\/06\/CBF-1.png 750w, https:\/\/blogs.correiobraziliense.com.br\/elasnoataque\/wp-content\/uploads\/sites\/36\/2019\/06\/CBF-1-300x200.png 300w, https:\/\/blogs.correiobraziliense.com.br\/elasnoataque\/wp-content\/uploads\/sites\/36\/2019\/06\/CBF-1-550x367.png 550w, https:\/\/blogs.correiobraziliense.com.br\/elasnoataque\/wp-content\/uploads\/sites\/36\/2019\/06\/CBF-1-230x153.png 230w\" sizes=\"auto, (max-width: 750px) 100vw, 750px\" \/><\/p>\n<p>O Brasil voltou do intervalo novamente intenso. Andressinha acertou o travess\u00e3o em cobran\u00e7a de falta e Kathellen arrancou suspiros das arquibancadas ap\u00f3s uma cabe\u00e7ada dentro da \u00e1rea que raspou a trave. As principais tentativas eram do Brasil at\u00e9 Debinha ser deslocada dentro da \u00e1rea e a \u00e1rbitra marcar p\u00eanalti.<\/p>\n<p>Marta, que estava de batom roxo por ter assinado patroc\u00ednio com uma marca de produtos de beleza, abriu o placar, ampliando a marca dela como maior artilheira da hist\u00f3ria da Copa do Mundo, chegando a 17 gols. Os brasileiros comemoraram de olho no placar entre Austr\u00e1lia e Jamaica. Naquele momento, as brasileiras avan\u00e7avam em segundo do grupo, j\u00e1 que as jamaicanos marcaram um gol contra as australianas, deixando o placar, momentaneamente, em 3 x 1.<\/p>\n<p>A alegria brasileira, por\u00e9m, durou apenas at\u00e9 a Austr\u00e1lia arrancar o quarto gol na vit\u00f3ria por 4 x 1. Sem Marta nos \u00faltimos 12 minutos de jogo, o Brasil foi como p\u00f4de para tentar o segundo gol e, assim, subir na tabela. Mas n\u00e3o deu.\u00a0Agora, a equipe comandada por Vad\u00e3o aguarda o fim da fase de grupos para ter o advers\u00e1rio definido. Austr\u00e1lia avan\u00e7ou em segundo e a It\u00e1lia em primeiro.<\/p>\n<p><strong>Por Ma\u00edra Nunes \u2014 Enviada especial\u00a0<\/strong><\/p>\n<p><strong>Patroc\u00ednio:<\/strong> Col\u00e9gio Moraes R\u00eago<br \/>\n<strong>Apoio:<\/strong> Casa de Viagens e Bancorbr\u00e1s &#8211; Ag\u00eancia e viagens<\/p>\n","protected":false},"excerpt":{"rendered":"<p>Valenciennes (Fran\u00e7a) \u2014\u00a0O Brasil colocou a alma em campo contra a It\u00e1lia, nesta ter\u00e7a-feira (18\/6), no Stade du Hainaut, em Valenciennes, na Fran\u00e7a. A vit\u00f3ria at\u00e9 aconteceu. Da canhotinha de Marta, saiu n\u00e3o apenas o \u00fanico gol da partida, como o recorde de maior artilheira da hist\u00f3ria da Copa do Mundo, tanto na feminina quanto na masculina. Ao fazer o [&hellip;]<\/p>\n","protected":false},"author":80,"featured_media":3645,"comment_status":"open","ping_status":"open","sticky":false,"template":"","format":"standard","meta":{"footnotes":""},"categories":[25],"tags":[682,524,20,60,405],"class_list":["post-3583","post","type-post","status-publish","format-standard","has-post-thumbnail","hentry","category-futebol","tag-artilheira","tag-copa-da-franca","tag-copa-do-mundo","tag-marta","tag-recorde"],"_links":{"self":[{"href":"https:\/\/blogs.correiobraziliense.com.br\/elasnoataque\/wp-json\/wp\/v2\/posts\/3583","targetHints":{"allow":["GET"]}}],"collection":[{"href":"https:\/\/blogs.correiobraziliense.com.br\/elasnoataque\/wp-json\/wp\/v2\/posts"}],"about":[{"href":"https:\/\/blogs.correiobraziliense.com.br\/elasnoataque\/wp-json\/wp\/v2\/types\/post"}],"author":[{"embeddable":true,"href":"https:\/\/blogs.correiobraziliense.com.br\/elasnoataque\/wp-json\/wp\/v2\/users\/80"}],"replies":[{"embeddable":true,"href":"https:\/\/blogs.correiobraziliense.com.br\/elasnoataque\/wp-json\/wp\/v2\/comments?post=3583"}],"version-history":[{"count":13,"href":"https:\/\/blogs.correiobraziliense.com.br\/elasnoataque\/wp-json\/wp\/v2\/posts\/3583\/revisions"}],"predecessor-version":[{"id":4145,"href":"https:\/\/blogs.correiobraziliense.com.br\/elasnoataque\/wp-json\/wp\/v2\/posts\/3583\/revisions\/4145"}],"wp:featuredmedia":[{"embeddable":true,"href":"https:\/\/blogs.correiobraziliense.com.br\/elasnoataque\/wp-json\/wp\/v2\/media\/3645"}],"wp:attachment":[{"href":"https:\/\/blogs.correiobraziliense.com.br\/elasnoataque\/wp-json\/wp\/v2\/media?parent=3583"}],"wp:term":[{"taxonomy":"category","embeddable":true,"href":"https:\/\/blogs.correiobraziliense.com.br\/elasnoataque\/wp-json\/wp\/v2\/categories?post=3583"},{"taxonomy":"post_tag","embeddable":true,"href":"https:\/\/blogs.correiobraziliense.com.br\/elasnoataque\/wp-json\/wp\/v2\/tags?post=3583"}],"curies":[{"name":"wp","href":"https:\/\/api.w.org\/{rel}","templated":true}]}}