{"id":3578,"date":"2019-06-18T15:19:07","date_gmt":"2019-06-18T18:19:07","guid":{"rendered":"https:\/\/blogs.correiobraziliense.com.br\/elasnoataque\/?p=3578"},"modified":"2019-07-23T17:13:37","modified_gmt":"2019-07-23T20:13:37","slug":"tempo-tatico-jogadora-do-corinthians-fala-sobre-partida-decisiva-do-brasil","status":"publish","type":"post","link":"https:\/\/blogs.correiobraziliense.com.br\/elasnoataque\/tempo-tatico-jogadora-do-corinthians-fala-sobre-partida-decisiva-do-brasil\/","title":{"rendered":"Tempo t\u00e9cnico: jogadora do Corinthians fala sobre partida decisiva do Brasil"},"content":{"rendered":"<p>\u00c9 dia de decis\u00e3o ! Brasil e It\u00e1lia se enfrentam \u00e0s 16h, no Stade du Hainaut, em Valenciennes. A partida vale a classifica\u00e7\u00e3o para as oitavas de final na Copa do Mundo Feminina, na Fran\u00e7a. Para complicar a situa\u00e7\u00e3o de Vad\u00e3o, a atacante Andressa Alves teve les\u00e3o na coxa esquerda e est\u00e1 fora do Mundial. Al\u00e9m disso, Formiga levou o segundo cart\u00e3o amarelo contra a Austr\u00e1lia e t\u00e1 suspensa do jogo de hoje.\u00a0 Em meio a dois desfalques, as substitutas ser\u00e3o Ludmila e Andressinha.<\/p>\n<p>Com a presen\u00e7a de Vict\u00f3ria Albuquerque, jogadora do Corinthians, que disputou o <a href=\"https:\/\/blogs.correiobraziliense.com.br\/elasnoataque\/brasil-copa-do-mundo-sub-20-feminina\/\">Mundial Sub-20<\/a> tamb\u00e9m na Fran\u00e7a, em 2018, falamos sobre o que perde a Sele\u00e7\u00e3o Brasileira com a aus\u00eancia das duas jogadoras titulares, alternativas t\u00e1ticas e resultados. Al\u00e9m, da carreira da meia-atacante e a participa\u00e7\u00e3o no hit &#8220;jogadeiras&#8221; da parceira de clube Cacau e da ex-atleta Gabi Kivitz.<\/p>\n<h2><strong>Assista o v\u00eddeo:<\/strong><\/h2>\n<p>https:\/\/www.facebook.com\/correiobraziliense\/videos\/2370207039925212\/?epa=SEARCH_BOX<\/p>\n<p><strong><br \/>\nPor Mariana Fraga<\/strong><\/p>\n<p><strong>Patroc\u00ednio:\u00a0<\/strong>Col\u00e9gio Moraes R\u00eago<strong><br \/>\nApoio:\u00a0<\/strong>Casa de Viagens e Bancorbr\u00e1s \u2013 Ag\u00eancia de Viagens<\/p>\n","protected":false},"excerpt":{"rendered":"<p>\u00c9 dia de decis\u00e3o ! Brasil e It\u00e1lia se enfrentam \u00e0s 16h, no Stade du Hainaut, em Valenciennes. A partida vale a classifica\u00e7\u00e3o para as oitavas de final na Copa do Mundo Feminina, na Fran\u00e7a. Para complicar a situa\u00e7\u00e3o de Vad\u00e3o, a atacante Andressa Alves teve les\u00e3o na coxa esquerda e est\u00e1 fora do Mundial. Al\u00e9m disso, Formiga levou o [&hellip;]<\/p>\n","protected":false},"author":80,"featured_media":3579,"comment_status":"open","ping_status":"open","sticky":false,"template":"","format":"standard","meta":{"footnotes":""},"categories":[25],"tags":[61,524,20,358,108,161,189,728],"class_list":["post-3578","post","type-post","status-publish","format-standard","has-post-thumbnail","hentry","category-futebol","tag-brasil","tag-copa-da-franca","tag-copa-do-mundo","tag-corinthians","tag-futebol-feminino","tag-selecao-brasileira","tag-selecao-brasileira-de-futebol-feminino","tag-victoria-albuquerque"],"_links":{"self":[{"href":"https:\/\/blogs.correiobraziliense.com.br\/elasnoataque\/wp-json\/wp\/v2\/posts\/3578","targetHints":{"allow":["GET"]}}],"collection":[{"href":"https:\/\/blogs.correiobraziliense.com.br\/elasnoataque\/wp-json\/wp\/v2\/posts"}],"about":[{"href":"https:\/\/blogs.correiobraziliense.com.br\/elasnoataque\/wp-json\/wp\/v2\/types\/post"}],"author":[{"embeddable":true,"href":"https:\/\/blogs.correiobraziliense.com.br\/elasnoataque\/wp-json\/wp\/v2\/users\/80"}],"replies":[{"embeddable":true,"href":"https:\/\/blogs.correiobraziliense.com.br\/elasnoataque\/wp-json\/wp\/v2\/comments?post=3578"}],"version-history":[{"count":5,"href":"https:\/\/blogs.correiobraziliense.com.br\/elasnoataque\/wp-json\/wp\/v2\/posts\/3578\/revisions"}],"predecessor-version":[{"id":4247,"href":"https:\/\/blogs.correiobraziliense.com.br\/elasnoataque\/wp-json\/wp\/v2\/posts\/3578\/revisions\/4247"}],"wp:featuredmedia":[{"embeddable":true,"href":"https:\/\/blogs.correiobraziliense.com.br\/elasnoataque\/wp-json\/wp\/v2\/media\/3579"}],"wp:attachment":[{"href":"https:\/\/blogs.correiobraziliense.com.br\/elasnoataque\/wp-json\/wp\/v2\/media?parent=3578"}],"wp:term":[{"taxonomy":"category","embeddable":true,"href":"https:\/\/blogs.correiobraziliense.com.br\/elasnoataque\/wp-json\/wp\/v2\/categories?post=3578"},{"taxonomy":"post_tag","embeddable":true,"href":"https:\/\/blogs.correiobraziliense.com.br\/elasnoataque\/wp-json\/wp\/v2\/tags?post=3578"}],"curies":[{"name":"wp","href":"https:\/\/api.w.org\/{rel}","templated":true}]}}