{"id":3541,"date":"2019-06-16T22:05:41","date_gmt":"2019-06-17T01:05:41","guid":{"rendered":"https:\/\/blogs.correiobraziliense.com.br\/elasnoataque\/?p=3541"},"modified":"2019-07-11T20:30:00","modified_gmt":"2019-07-11T23:30:00","slug":"como-a-italia-desenvolveu-o-futebol-feminino","status":"publish","type":"post","link":"https:\/\/blogs.correiobraziliense.com.br\/elasnoataque\/como-a-italia-desenvolveu-o-futebol-feminino\/","title":{"rendered":"Como a It\u00e1lia desenvolveu o futebol feminino e virou l\u00edder do grupo do Brasil"},"content":{"rendered":"<p><strong>Lille (Fran\u00e7a)<\/strong> <strong>\u2014<\/strong> Rival direta das goleadoras da It\u00e1lia na temporada de clubes, a meia Tha\u00edsa, \u00fanica jogadora da Sele\u00e7\u00e3o Brasileira que atua no futebol italiano, acredita que subestimaram a for\u00e7a da Azzurra, advers\u00e1ria do Brasil nesta ter\u00e7a-feira (18\/6), \u00e0s 16h, em Valenciennes. Isso porque a equipe europeia \u00e9 a \u00fanica do <a href=\"https:\/\/blogs.correiobraziliense.com.br\/elasnoataque\/guia-copa-da-franca-conheca-o-grupo-c-da-selecao-brasileira\/\">Grupo C<\/a> que j\u00e1 se classificou para as oitavas, antes mesmo de Austr\u00e1lia e do pr\u00f3prio Brasil, vistos como favoritos da chave. Meia do Milan, Tha\u00edsa atribuiu a for\u00e7a ds italianas ao entrosamento das jogadoras, que atuam em clubes do pa\u00eds. Das 23 convocadas, apenas uma joga no exterior.<\/p>\n<p>\u201cEu vi algumas entrevistas falando sobre a It\u00e1lia, que estava de volta \u00e0 Copa depois de 20 anos, mas eu jogo l\u00e1 e vejo o n\u00edvel do campeonato, das jogadoras, tinha certeza de que Brasil, It\u00e1lia e Austr\u00e1lia brigariam pelos primeiros lugares\u201d, disse. Tha\u00edsa alertou para o meio de campo da equipe e para a jogadora Barbara Bonansea. A meia italiana \u00e9 uma das tr\u00eas respons\u00e1veis pelos sete gols marcados pela Azzurra no torneio at\u00e9 o momento.<\/p>\n<p>Al\u00e9m dela, Aurora Galli e Cristiana Girelli, a artilheira do time com tr\u00eas gols, marcaram na Copa da Fran\u00e7a. As tr\u00eas s\u00e3o companheiras de time no Juventus FC e rivais diretas de Tha\u00edsa, atleta do Milan.\u00a0\u201c\u00c9 muito interessante isso, porque elas se conhecem muito bem. Acho que o meio de campo \u00e9 o cora\u00e7\u00e3o e a Bonansea \u00e9 muito competente e tem dado trabalho para as outras sele\u00e7\u00f5es\u201d, alertou. Al\u00e9m da Juve, que conta com oito convocadas, o Milan tem seis atletas na Copa; a Roma e a Fiorentina, tr\u00eas cada uma; o Chievo Verona Valpo e o Florentia, uma.<\/p>\n<figure id=\"attachment_3556\" aria-describedby=\"caption-attachment-3556\" style=\"width: 750px\" class=\"wp-caption aligncenter\"><img loading=\"lazy\" decoding=\"async\" class=\"wp-image-3556\" src=\"https:\/\/blogs.correiobraziliense.com.br\/elasnoataque\/wp-content\/uploads\/sites\/36\/2019\/06\/thaisa-brasil-it\u00e1lia.jpeg\" alt=\"Camisa 5, Tha\u00edsa disputa a segunda Copa do Mundo dela na Fran\u00e7a, em 2019\" width=\"750\" height=\"500\" srcset=\"https:\/\/blogs.correiobraziliense.com.br\/elasnoataque\/wp-content\/uploads\/sites\/36\/2019\/06\/thaisa-brasil-it\u00e1lia.jpeg 754w, https:\/\/blogs.correiobraziliense.com.br\/elasnoataque\/wp-content\/uploads\/sites\/36\/2019\/06\/thaisa-brasil-it\u00e1lia-300x200.jpeg 300w, https:\/\/blogs.correiobraziliense.com.br\/elasnoataque\/wp-content\/uploads\/sites\/36\/2019\/06\/thaisa-brasil-it\u00e1lia-550x367.jpeg 550w, https:\/\/blogs.correiobraziliense.com.br\/elasnoataque\/wp-content\/uploads\/sites\/36\/2019\/06\/thaisa-brasil-it\u00e1lia-230x153.jpeg 230w\" sizes=\"auto, (max-width: 750px) 100vw, 750px\" \/><figcaption id=\"caption-attachment-3556\" class=\"wp-caption-text\">Meia do Milan, Tha\u00edsa \u00e9 a \u00fanica jogadora da Sele\u00e7\u00e3o Brasileira que atua no futebol italiano<\/figcaption><\/figure>\n<p>Tha\u00edsa, no Milan desde 2018, confessou que ajuda a revelar detalhes da t\u00e1tica e do modo italiano de atuar. \u201cN\u00e3o digo que sou uma espi\u00e3, porque temos um grupo de analistas que tem avaliado a It\u00e1lia, mas \u00e9 l\u00f3gico que dou umas dicas sobre jogadoras e esse tipo de detalhes\u201d, frisa. Ela formou o primeiro time feminino da hist\u00f3ria do Milan e foi a primeira brasileira a atuar na equipe. Desta vez, estar\u00e1 no lado oposto das seis companheiras de clube que defendem a sele\u00e7\u00e3o italiana. Com as agora advers\u00e1rias na Copa, Tha\u00edsa conquistou o terceiro lugar do Campeonato Italiano, atr\u00e1s da Juventus e da Fiorentina.<\/p>\n<p>Desta vez, a amizade ficar\u00e1 de lado. \u201c\u2018Vai ser uma experi\u00eancia diferente, ser\u00e1 a primeira vez que jogarei contra elas, mas, dentro de campo, \u00e9 rivalidade, e eu espero sair vencedora\u201d, destacou. O desafio ter\u00e1 uma dificuldade extra. A brasileira, que divide o meio de campo com Formiga no time titular, n\u00e3o contar\u00e1 com a veterana diante da It\u00e1lia. A camisa 8 do Brasil est\u00e1 suspensa da partida, ap\u00f3s tomar dois cart\u00f5es amarelos. \u201cA Formiga \u00e9 uma perda grande, mas a gente est\u00e1 numa Sele\u00e7\u00e3o e acredito que quem est\u00e1 no banco tamb\u00e9m \u00e9 bem competente para entrar e n\u00e3o deixar esse n\u00edvel cair\u201d, avaliou.<\/p>\n<p>A substituta de Formiga ainda n\u00e3o foi definida pelo t\u00e9cnico Vad\u00e3o, mas o treinador s\u00f3 tem duas op\u00e7\u00f5es. Uma delas \u00e9 a novata Luana, que faz sua estreia na Copa do Mundo da Fran\u00e7a. A outra \u00e9 Andressinha, de 24 anos, que, apesar da pouca idade, atuou como titular do Brasil na Copa anterior, em 2015, e esteve na Olimp\u00edada de 2016.<\/p>\n<h2><strong>It\u00e1lia: retorno \u00e0 Copa com moral<\/strong><\/h2>\n<p>Em solo franc\u00eas, a It\u00e1lia disputa a Copa feminina pela terceira vez e est\u00e1 de volta \u00e0 Copa do Mundo feminina ap\u00f3s 20 anos. Nessas duas d\u00e9cadas, pouco investiu no futebol feminino. A melhor posi\u00e7\u00e3o da equipe no ranking mundial foi em 2003, quando a entidade internacional come\u00e7ou a fazer esse mapeamento entre as sele\u00e7\u00f5es femininas. At\u00e9 2005, ocupou a 10\u00aa posi\u00e7\u00e3o e caiu para a 14\u00aa coloca\u00e7\u00e3o em 2007. A Azzurra permaneceu em 11\u00ba entre 2009 e 2012 e despencou para o 17\u00ba em 2017.<\/p>\n<p>Apesar de tanto tempo ausente do Mundial, a It\u00e1lia chegou \u00e0 Fran\u00e7a com moral. As italianas fizeram uma campanha convincente nas Eliminat\u00f3rias Europeias. Elas carimbaram o passaporte para a Copa com um jogo de anteced\u00eancia, terminando na lideran\u00e7a do Grupo 6, que tamb\u00e9m tinha B\u00e9lgica, Portugal, Rom\u00eania e Mold\u00e1via. Foram sete vit\u00f3rias e apenas uma derrota, com 18 gols marcados e dois sofridos. Foi somente nos \u00faltimos dois anos que a sele\u00e7\u00e3o italiana come\u00e7ou a retomada, que passa pelo fortalecimento da liga nacional.<\/p>\n<p>A It\u00e1lia subiu duas posi\u00e7\u00f5es no ranking, chegando \u00e0 Copa do Mundo como a 15\u00aa melhor sele\u00e7\u00e3o. Mas esse \u00e9 apenas um reflexo dos investimentos feitos internamente na modalidade. Clubes grandes criaram equipes para a disputa da Serie A Femminile, como Fiorentina (2015), Juventus (2017) e Milan e Roma (2018). Emissoras de televis\u00e3o tamb\u00e9m passaram a transmitir os jogos. O torneio tamb\u00e9m ganhou espa\u00e7o em jornais tradicionais e na m\u00eddia alternativa pelas redes sociais.<\/p>\n<p><strong>A liga italiana<\/strong><\/p>\n<p>Fundada em 1986, a Serie A Femminile passou a ser organizada pela Federazione Italiana Giuoco Calcio (FIGC) na atual temporada, assim como a segunda divis\u00e3o do torneio. Hoje, as jogadoras recebem uma compensa\u00e7\u00e3o financeira para se manterem, e os clubes da S\u00e9rie A passaram a serem obrigados a contratarem treinadores com licen\u00e7a da Uefa A. Nas \u00faltimas d\u00e9cadas, muitos clubes tamb\u00e9m come\u00e7aram a abrir espa\u00e7o para atletas formarem equipes mistas e femininas nas categorias juvenis, possibilitando uma forma\u00e7\u00e3o desde a base.<\/p>\n<p>Em mar\u00e7o deste ano, um jogo entre <a href=\"https:\/\/blogs.correiobraziliense.com.br\/elasnoataque\/recorde-publico-futebol-feminino\/\">Juventus e Fiorentina, v\u00e1lido pelo Campeonato Italiano, bateu recorde de p\u00fablico no futebol feminino<\/a>, com cerca de 39 mil pessoas na Arena da Juventus. Atualmente, a liga nacional do pa\u00eds conta com 12 times, que se enfrentam em 22 rodadas. Os dois melhores do campeonato garantem vaga na Liga dos Campe\u00f5es feminina, e os dois \u00faltimos s\u00e3o rebaixados para a segunda divis\u00e3o.<\/p>\n<p>&gt; Veja a comemora\u00e7\u00e3o da Juventus do confronto hist\u00f3rico para o futebol feminino italiano, diante da Fiorentina, em 2019:<\/p>\n<blockquote class=\"twitter-tweet\" data-width=\"550\" data-dnt=\"true\">\n<p lang=\"it\" dir=\"ltr\">?? We&#39;re still celebrating Sunday&#39;s incredible sold-out Premi\u00e8re at Allianz Stadium! ?? And you?  <a href=\"https:\/\/t.co\/HMJRWuLYgR\">https:\/\/t.co\/HMJRWuLYgR<\/a> <\/p>\n<p>?? Noi stiamo ancora esultando per la \u00abPremi\u00e8re\u00bb in un Allianz Stadium sold-out ?\u26aa\u26ab E voi? <a href=\"https:\/\/t.co\/D99tKntlDB\">https:\/\/t.co\/D99tKntlDB<\/a> <a href=\"https:\/\/twitter.com\/hashtag\/JuventusWomen?src=hash&amp;ref_src=twsrc%5Etfw\">#JuventusWomen<\/a> <a href=\"https:\/\/twitter.com\/hashtag\/JuveFiorentina?src=hash&amp;ref_src=twsrc%5Etfw\">#JuveFiorentina<\/a> <a href=\"https:\/\/t.co\/TMjYwMOVJx\">pic.twitter.com\/TMjYwMOVJx<\/a><\/p>\n<p>&mdash; Juventus FC Women (@JuventusFCWomen) <a href=\"https:\/\/twitter.com\/JuventusFCWomen\/status\/1110255135652040704?ref_src=twsrc%5Etfw\">March 25, 2019<\/a><\/p><\/blockquote>\n<p><script async src=\"https:\/\/platform.twitter.com\/widgets.js\" charset=\"utf-8\"><\/script><\/p>\n<h2><strong>Quando os principais clubes italianos criaram equipes femininas<\/strong><\/h2>\n<p>Fiorentina: 2015<br \/>\nJuventus: 2017<br \/>\nMilan: 2018<br \/>\nRoma: 2018<\/p>\n<p><strong>Por Ma\u00edra Nunes e Maria Eduarda Cardim \u2014 Enviadas especiais<\/strong><\/p>\n<p><strong>Patroc\u00ednio:\u00a0<\/strong>Col\u00e9gio Moraes R\u00eago<strong><br \/>\nApoio:\u00a0<\/strong>Casa de Viagens e Bancorbr\u00e1s \u2013 Ag\u00eancia de Viagens<\/p>\n","protected":false},"excerpt":{"rendered":"<p>Lille (Fran\u00e7a) \u2014 Rival direta das goleadoras da It\u00e1lia na temporada de clubes, a meia Tha\u00edsa, \u00fanica jogadora da Sele\u00e7\u00e3o Brasileira que atua no futebol italiano, acredita que subestimaram a for\u00e7a da Azzurra, advers\u00e1ria do Brasil nesta ter\u00e7a-feira (18\/6), \u00e0s 16h, em Valenciennes. Isso porque a equipe europeia \u00e9 a \u00fanica do Grupo C que j\u00e1 se classificou para as [&hellip;]<\/p>\n","protected":false},"author":80,"featured_media":3544,"comment_status":"open","ping_status":"open","sticky":false,"template":"","format":"standard","meta":{"footnotes":""},"categories":[25],"tags":[61,681,524,20,108,654,614],"class_list":["post-3541","post","type-post","status-publish","format-standard","has-post-thumbnail","hentry","category-futebol","tag-brasil","tag-clubes-italianos","tag-copa-da-franca","tag-copa-do-mundo","tag-futebol-feminino","tag-italia","tag-thaisa"],"_links":{"self":[{"href":"https:\/\/blogs.correiobraziliense.com.br\/elasnoataque\/wp-json\/wp\/v2\/posts\/3541","targetHints":{"allow":["GET"]}}],"collection":[{"href":"https:\/\/blogs.correiobraziliense.com.br\/elasnoataque\/wp-json\/wp\/v2\/posts"}],"about":[{"href":"https:\/\/blogs.correiobraziliense.com.br\/elasnoataque\/wp-json\/wp\/v2\/types\/post"}],"author":[{"embeddable":true,"href":"https:\/\/blogs.correiobraziliense.com.br\/elasnoataque\/wp-json\/wp\/v2\/users\/80"}],"replies":[{"embeddable":true,"href":"https:\/\/blogs.correiobraziliense.com.br\/elasnoataque\/wp-json\/wp\/v2\/comments?post=3541"}],"version-history":[{"count":9,"href":"https:\/\/blogs.correiobraziliense.com.br\/elasnoataque\/wp-json\/wp\/v2\/posts\/3541\/revisions"}],"predecessor-version":[{"id":4142,"href":"https:\/\/blogs.correiobraziliense.com.br\/elasnoataque\/wp-json\/wp\/v2\/posts\/3541\/revisions\/4142"}],"wp:featuredmedia":[{"embeddable":true,"href":"https:\/\/blogs.correiobraziliense.com.br\/elasnoataque\/wp-json\/wp\/v2\/media\/3544"}],"wp:attachment":[{"href":"https:\/\/blogs.correiobraziliense.com.br\/elasnoataque\/wp-json\/wp\/v2\/media?parent=3541"}],"wp:term":[{"taxonomy":"category","embeddable":true,"href":"https:\/\/blogs.correiobraziliense.com.br\/elasnoataque\/wp-json\/wp\/v2\/categories?post=3541"},{"taxonomy":"post_tag","embeddable":true,"href":"https:\/\/blogs.correiobraziliense.com.br\/elasnoataque\/wp-json\/wp\/v2\/tags?post=3541"}],"curies":[{"name":"wp","href":"https:\/\/api.w.org\/{rel}","templated":true}]}}