{"id":3528,"date":"2019-06-16T08:39:22","date_gmt":"2019-06-16T11:39:22","guid":{"rendered":"https:\/\/blogs.correiobraziliense.com.br\/elasnoataque\/?p=3528"},"modified":"2019-07-11T18:47:44","modified_gmt":"2019-07-11T21:47:44","slug":"video-pouca-divulgacao-copa-do-mundo-feminina-franca","status":"publish","type":"post","link":"https:\/\/blogs.correiobraziliense.com.br\/elasnoataque\/video-pouca-divulgacao-copa-do-mundo-feminina-franca\/","title":{"rendered":"V\u00eddeo: Veja como est\u00e1 a divulga\u00e7\u00e3o da Copa por onde o Brasil joga"},"content":{"rendered":"<p>Montpellier ainda est\u00e1 entrando no clima da Copa do Mundo feminina, que ganha espa\u00e7o em jornais locais e bares do centro hist\u00f3rico da cidade no Sul da Fran\u00e7a. O Elas no Ataque mostra um pouco do que viu na cidade que recebeu a partida entre Brasil e Austr\u00e1lia, pela segunda rodada do Grupo C do Mundial de 2019. A Copa do Mundo \u00e9 disputada na Fran\u00e7a at\u00e9 7 de julho.<\/p>\n<h3><strong>Veja abaixo o v\u00eddeo<br \/>\n<\/strong><\/h3>\n<p><a href=\"https:\/\/youtu.be\/1CMaPvjzgeA\">https:\/\/youtu.be\/1CMaPvjzgeA<\/a><\/p>\n<p><strong>Patroc\u00ednio:\u00a0<\/strong>Col\u00e9gio Moraes R\u00eago<strong><br \/>\nApoio:\u00a0<\/strong>Casa de Viagens e Bancorbr\u00e1s \u2013 Ag\u00eancia de Viagens<\/p>\n","protected":false},"excerpt":{"rendered":"<p>Montpellier ainda est\u00e1 entrando no clima da Copa do Mundo feminina, que ganha espa\u00e7o em jornais locais e bares do centro hist\u00f3rico da cidade no Sul da Fran\u00e7a. O Elas no Ataque mostra um pouco do que viu na cidade que recebeu a partida entre Brasil e Austr\u00e1lia, pela segunda rodada do Grupo C do Mundial de 2019. A Copa [&hellip;]<\/p>\n","protected":false},"author":79,"featured_media":4103,"comment_status":"open","ping_status":"open","sticky":false,"template":"","format":"standard","meta":{"footnotes":""},"categories":[25],"tags":[653,61,487,524,20,659],"class_list":["post-3528","post","type-post","status-publish","format-standard","has-post-thumbnail","hentry","category-futebol","tag-australia","tag-brasil","tag-copa","tag-copa-da-franca","tag-copa-do-mundo","tag-montpellier"],"_links":{"self":[{"href":"https:\/\/blogs.correiobraziliense.com.br\/elasnoataque\/wp-json\/wp\/v2\/posts\/3528","targetHints":{"allow":["GET"]}}],"collection":[{"href":"https:\/\/blogs.correiobraziliense.com.br\/elasnoataque\/wp-json\/wp\/v2\/posts"}],"about":[{"href":"https:\/\/blogs.correiobraziliense.com.br\/elasnoataque\/wp-json\/wp\/v2\/types\/post"}],"author":[{"embeddable":true,"href":"https:\/\/blogs.correiobraziliense.com.br\/elasnoataque\/wp-json\/wp\/v2\/users\/79"}],"replies":[{"embeddable":true,"href":"https:\/\/blogs.correiobraziliense.com.br\/elasnoataque\/wp-json\/wp\/v2\/comments?post=3528"}],"version-history":[{"count":4,"href":"https:\/\/blogs.correiobraziliense.com.br\/elasnoataque\/wp-json\/wp\/v2\/posts\/3528\/revisions"}],"predecessor-version":[{"id":4102,"href":"https:\/\/blogs.correiobraziliense.com.br\/elasnoataque\/wp-json\/wp\/v2\/posts\/3528\/revisions\/4102"}],"wp:featuredmedia":[{"embeddable":true,"href":"https:\/\/blogs.correiobraziliense.com.br\/elasnoataque\/wp-json\/wp\/v2\/media\/4103"}],"wp:attachment":[{"href":"https:\/\/blogs.correiobraziliense.com.br\/elasnoataque\/wp-json\/wp\/v2\/media?parent=3528"}],"wp:term":[{"taxonomy":"category","embeddable":true,"href":"https:\/\/blogs.correiobraziliense.com.br\/elasnoataque\/wp-json\/wp\/v2\/categories?post=3528"},{"taxonomy":"post_tag","embeddable":true,"href":"https:\/\/blogs.correiobraziliense.com.br\/elasnoataque\/wp-json\/wp\/v2\/tags?post=3528"}],"curies":[{"name":"wp","href":"https:\/\/api.w.org\/{rel}","templated":true}]}}