{"id":3434,"date":"2019-06-13T07:47:36","date_gmt":"2019-06-13T10:47:36","guid":{"rendered":"https:\/\/blogs.correiobraziliense.com.br\/elasnoataque\/?p=3434"},"modified":"2019-07-11T20:13:52","modified_gmt":"2019-07-11T23:13:52","slug":"brasil-encara-australia-que-tem-craque-considerada-a-melhor-do-mundo-por-marta","status":"publish","type":"post","link":"https:\/\/blogs.correiobraziliense.com.br\/elasnoataque\/brasil-encara-australia-que-tem-craque-considerada-a-melhor-do-mundo-por-marta\/","title":{"rendered":"Brasil encara Austr\u00e1lia, que tem craque considerada a melhor do mundo por Marta"},"content":{"rendered":"<p><strong>Montpellier (Fran\u00e7a) \u2014<\/strong> Algoz do Brasil na \u00faltima Copa do Mundo, quando eliminou a Sele\u00e7\u00e3o Brasileira nas oitavas de final de 2015, a Austr\u00e1lia experimentou do mesmo veneno diante da equipe de Marta nas Olimp\u00edadas do Rio, no ano seguinte. Da segunda vez, foram as australianas que ficaram pelo caminho ap\u00f3s perderem para a sele\u00e7\u00e3o canarinha nos p\u00eanaltis. Nesta quinta-feira (13\/6), \u00e0s 13h (de Bras\u00edlia), as duas esquadras voltam a se cruzar, pela primeira fase da Copa do Mundo da Fran\u00e7a, no Stade de la Mosson, em <a href=\"https:\/\/blogs.correiobraziliense.com.br\/elasnoataque\/andressa-alves-australia-x-brasil-montpellier\/\">Montpellier<\/a>.<\/p>\n<p>Apesar da partida n\u00e3o ser eliminat\u00f3ria desta vez, a surpreendente derrota da Austr\u00e1lia para a It\u00e1lia de virada, por 2 x 1, na primeira rodada, criou contornos dram\u00e1ticos para a equipe que era tida como favorita da chave do Brasil. As brasileiras lideram o grupo com tr\u00eas pontos ap\u00f3s vencerem a Jamaica por 3 x 0, mas sabem que os desafios mais dif\u00edceis est\u00e3o por vir, diante da pr\u00f3pria Austr\u00e1lia e da It\u00e1lia. Os dois primeiros de cada grupo se classificam para as oitavas de final, al\u00e9m dos quatro melhores terceiros colocados.<\/p>\n<p>O duelo v\u00e1lido pela fase de grupos promete oferecer emo\u00e7\u00e3o ao torcedor. Isso porque o confronto virou cl\u00e1ssico do futebol feminino. Em 2016, a disputa entre Brasil e Austr\u00e1lia que valia vaga para a semifinal das Olimp\u00edadas do Rio acabou sem gols, inclusive na prorroga\u00e7\u00e3o. Nos p\u00eanaltis, Marta errou a quinta cobran\u00e7a e deixou a advers\u00e1ria a um gol da classifica\u00e7\u00e3o. Foi quando B\u00e1rbara roubou a cena ao defender o p\u00eanalti de Alanna Keneddy. Antes, a goleira brasileira havia defendido o chute de Katrina Gorry. Agora na Copa, todas elas voltam a se encontrar em um torneio oficial de sele\u00e7\u00f5es.<\/p>\n<figure id=\"attachment_3436\" aria-describedby=\"caption-attachment-3436\" style=\"width: 910px\" class=\"wp-caption aligncenter\"><img loading=\"lazy\" decoding=\"async\" class=\"size-full wp-image-3436\" src=\"https:\/\/blogs.correiobraziliense.com.br\/elasnoataque\/wp-content\/uploads\/sites\/36\/2019\/06\/20160813031421_0.jpeg\" alt=\"\" width=\"910\" height=\"599\" srcset=\"https:\/\/blogs.correiobraziliense.com.br\/elasnoataque\/wp-content\/uploads\/sites\/36\/2019\/06\/20160813031421_0.jpeg 910w, https:\/\/blogs.correiobraziliense.com.br\/elasnoataque\/wp-content\/uploads\/sites\/36\/2019\/06\/20160813031421_0-300x197.jpeg 300w, https:\/\/blogs.correiobraziliense.com.br\/elasnoataque\/wp-content\/uploads\/sites\/36\/2019\/06\/20160813031421_0-768x506.jpeg 768w, https:\/\/blogs.correiobraziliense.com.br\/elasnoataque\/wp-content\/uploads\/sites\/36\/2019\/06\/20160813031421_0-550x362.jpeg 550w, https:\/\/blogs.correiobraziliense.com.br\/elasnoataque\/wp-content\/uploads\/sites\/36\/2019\/06\/20160813031421_0-230x151.jpeg 230w\" sizes=\"auto, (max-width: 910px) 100vw, 910px\" \/><figcaption id=\"caption-attachment-3436\" class=\"wp-caption-text\">B\u00e1rbara defendeu dois p\u00eanaltis na classifica\u00e7\u00e3o do Brasil no \u00faltimo jogo oficial contra a Austr\u00e1lia, nas Olimp\u00edadas do Rio | Foto: CBF<\/figcaption><\/figure>\n<p>Das quatro jogadoras que tiveram papel marcante naquele jogo das Olimp\u00edadas do Rio, apenas B\u00e1rbara n\u00e3o joga nos Estados Unidos. A zagueira Alanna Keneddy e a atacante Marta atuam, inclusive, no mesmo clube, o Orlando Pride, dos Estados Unidos. O time norte-americano ainda conta com as meias Camila Martins, do lado brasileiro, e Emily Van Egmond, do lado australiano. Mas \u00e9 uma rival de todas elas na liga norte-americana que vem assumindo protagonismo neste duelo entre sele\u00e7\u00f5es com cara de cl\u00e1ssico.<\/p>\n<p>A capit\u00e3 Sam Kerr \u00e9 a refer\u00eancia da Austr\u00e1lia. Ela inclusive marcou o \u00fanico gol das Matildas, como s\u00e3o chamadas, na Copa da Fran\u00e7a. A atacante do Chicago Red Stars \u00e9 uma das 12 atletas da sele\u00e7\u00e3o australiana que jogam nos EUA. Aos 25 anos, Kerr foi artilheira da liga americana e chegou a concorrer com Marta pelo pr\u00eamio de melhor do mundo em 2018. Esse trof\u00e9u, por\u00e9m, quem levou para casa foi a pr\u00f3pria brasileira, pela sexta vez na carreira. Mas a alagoana sabe bem do potencial de Kerr, tanto que votou na rival australiana para levar a premia\u00e7\u00e3o de melhor do mundo.<\/p>\n<h2><strong>Marta titular<\/strong><\/h2>\n<p>O t\u00e9cnico Vad\u00e3o confirmou a escala\u00e7\u00e3o da jogadora eleita seis vezes melhor do mundo apenas na manh\u00e3 do dia do jogo. Marta come\u00e7ar\u00e1 a partida contra a Austr\u00e1lia, que ser\u00e1 a estreia dela na Copa da Fran\u00e7a na quinta participa\u00e7\u00e3o da atacante no torneio. Nos dois \u00faltimos dias, a camisa 10 treinou normalmente com a equipe depois de se recuperar de uma les\u00e3o na coxa esquerda. \u201cTem respondido bem ao tratamento. Depende de uma conversa de todos n\u00f3s, inclusive da pr\u00f3pria Marta\u201d, disse o treinador, mantendo a cautela na coletiva de ontem.<\/p>\n<p>A goleira B\u00e1rbara n\u00e3o economizou precau\u00e7\u00e3o sobre a presen\u00e7a de Marta em campo. \u201cEla est\u00e1 com fome de bola. Ela se sente 100%. Segundo ela, est\u00e1 se sentindo muito bem. Vai para o jogo\u201d, opina a salvadora de Marta na decis\u00e3o de p\u00eanaltis das quartas de final das Olimp\u00edadas do Rio.<\/p>\n<h2><strong>Rivalidade crescente<\/strong><\/h2>\n<p>Brasil e Austr\u00e1lia se enfrentaram seis vezes em confrontos oficiais, com cinco vit\u00f3rias brasileiras e apenas uma australiana. As Matildas s\u00f3 ganharam do Brasil no \u00faltimo Mundial, em 2015, quando eliminaram a Sele\u00e7\u00e3o (1 x 0) nas oitavas. Apesar do time da veterana <a href=\"https:\/\/blogs.correiobraziliense.com.br\/elasnoataque\/australia-brasil-copa-do-mundo\/\">Formiga<\/a> se destacar nos resultados dos jogos oficiais, foi a equipe australiana que levou a melhor nos confrontos recentes. As Matildas venceram os \u00faltimos quatro amistosos, todos disputados ap\u00f3s as Olimp\u00edadas do Rio.<\/p>\n<p>A evolu\u00e7\u00e3o de Brasil e Austr\u00e1lia\u00a0 \u00e9 oposta no futebol feminino. Em 2003, quando a Fifa come\u00e7ou a ranquear as sele\u00e7\u00f5es, a equipe brasileira ocupava a sexta coloca\u00e7\u00e3o, enquanto a australiana estava na 15\u00aa. O auge da sele\u00e7\u00e3o canarinha foi entre 2008 e 2010, ap\u00f3s ter sido vice-campe\u00e3 mundial em 2007 e prata nas Olimp\u00edadas de Pequim, em 2008, mantendo-se entre os tr\u00eas melhores. Nos anos seguintes, no entanto, o Brasil despencou at\u00e9 a 10\u00aa posi\u00e7\u00e3o, que ocupa desde o ano passado. A Austr\u00e1lia chegou a ser o quarto pa\u00eds melhor ranqueado, em 2017, e atualmente \u00e9 o sexto.<\/p>\n<h3><b>Veja confrontos oficiais entre Brasil x Austr\u00e1lia<\/b><\/h3>\n<p><b>Em Copas do Mundo<\/b><\/p>\n<p>Mundial de 2007: Brasil 3&#215;2 Austr\u00e1lia &#8211; Quartas de Final<br \/>\nMundial de 2011: Brasil 1&#215;0 Austr\u00e1lia &#8211; Fase de Grupos<br \/>\nMundial 2015: Brasil 0x1 Austr\u00e1lia &#8211; Oitavas de Final<\/p>\n<p><b>Em Jogos Ol\u00edmpicos<\/b><\/p>\n<p>Sydney 2000 &#8211; \u00a0Brasil 2&#215;1 Austr\u00e1lia &#8211; Fase de Grupos<br \/>\nAtenas 2004 &#8211; Brasil 1&#215;0 Austr\u00e1lia &#8211; Fase de Grupos<br \/>\nRio 2016 &#8211; Brasil 0 (7) x (6) 0 Austr\u00e1lia &#8211; Quartas de Final<\/p>\n<p><strong>Amistosos Recentes<\/strong><\/p>\n<p>3\/8\/2017 \u2013 Austr\u00e1lia 6 x 1 Brasil<br \/>\n16\/9\/2017 \u2013 Austr\u00e1lia 2 x 1 Brasil<br \/>\n19\/9\/2017 \u2013 Austr\u00e1lia 3 x 2 Brasil<br \/>\n26\/7\/2018 \u2013 Brasil 1 x 3 Austr\u00e1lia (pelo torneio amistoso She Believes)<\/p>\n<p><strong>Por Maria Eduarda Cardim e Ma\u00edra Nunes\u00a0\u2014 Enviadas especiais<\/strong><\/p>\n<p><strong>Patroc\u00ednio<\/strong>:\u00a0Col\u00e9gio Moraes R\u00eago<strong><br \/>\nApoio:\u00a0<\/strong>Casa de Viagens e Bancorbr\u00e1s \u2013 Ag\u00eancia de Viagens<\/p>\n","protected":false},"excerpt":{"rendered":"<p>Montpellier (Fran\u00e7a) \u2014 Algoz do Brasil na \u00faltima Copa do Mundo, quando eliminou a Sele\u00e7\u00e3o Brasileira nas oitavas de final de 2015, a Austr\u00e1lia experimentou do mesmo veneno diante da equipe de Marta nas Olimp\u00edadas do Rio, no ano seguinte. Da segunda vez, foram as australianas que ficaram pelo caminho ap\u00f3s perderem para a sele\u00e7\u00e3o canarinha nos p\u00eanaltis. Nesta quinta-feira [&hellip;]<\/p>\n","protected":false},"author":79,"featured_media":3442,"comment_status":"open","ping_status":"open","sticky":false,"template":"","format":"standard","meta":{"footnotes":""},"categories":[25],"tags":[653,667,61,524,20,60,668],"class_list":["post-3434","post","type-post","status-publish","format-standard","has-post-thumbnail","hentry","category-futebol","tag-australia","tag-barbara","tag-brasil","tag-copa-da-franca","tag-copa-do-mundo","tag-marta","tag-sam-kerr"],"_links":{"self":[{"href":"https:\/\/blogs.correiobraziliense.com.br\/elasnoataque\/wp-json\/wp\/v2\/posts\/3434","targetHints":{"allow":["GET"]}}],"collection":[{"href":"https:\/\/blogs.correiobraziliense.com.br\/elasnoataque\/wp-json\/wp\/v2\/posts"}],"about":[{"href":"https:\/\/blogs.correiobraziliense.com.br\/elasnoataque\/wp-json\/wp\/v2\/types\/post"}],"author":[{"embeddable":true,"href":"https:\/\/blogs.correiobraziliense.com.br\/elasnoataque\/wp-json\/wp\/v2\/users\/79"}],"replies":[{"embeddable":true,"href":"https:\/\/blogs.correiobraziliense.com.br\/elasnoataque\/wp-json\/wp\/v2\/comments?post=3434"}],"version-history":[{"count":11,"href":"https:\/\/blogs.correiobraziliense.com.br\/elasnoataque\/wp-json\/wp\/v2\/posts\/3434\/revisions"}],"predecessor-version":[{"id":4134,"href":"https:\/\/blogs.correiobraziliense.com.br\/elasnoataque\/wp-json\/wp\/v2\/posts\/3434\/revisions\/4134"}],"wp:featuredmedia":[{"embeddable":true,"href":"https:\/\/blogs.correiobraziliense.com.br\/elasnoataque\/wp-json\/wp\/v2\/media\/3442"}],"wp:attachment":[{"href":"https:\/\/blogs.correiobraziliense.com.br\/elasnoataque\/wp-json\/wp\/v2\/media?parent=3434"}],"wp:term":[{"taxonomy":"category","embeddable":true,"href":"https:\/\/blogs.correiobraziliense.com.br\/elasnoataque\/wp-json\/wp\/v2\/categories?post=3434"},{"taxonomy":"post_tag","embeddable":true,"href":"https:\/\/blogs.correiobraziliense.com.br\/elasnoataque\/wp-json\/wp\/v2\/tags?post=3434"}],"curies":[{"name":"wp","href":"https:\/\/api.w.org\/{rel}","templated":true}]}}