{"id":3379,"date":"2019-06-11T16:46:59","date_gmt":"2019-06-11T19:46:59","guid":{"rendered":"https:\/\/blogs.correiobraziliense.com.br\/elasnoataque\/?p=3379"},"modified":"2019-07-11T20:06:07","modified_gmt":"2019-07-11T23:06:07","slug":"guia-copa-da-franca-conheca-o-grupo-d-das-inventoras-do-futebol","status":"publish","type":"post","link":"https:\/\/blogs.correiobraziliense.com.br\/elasnoataque\/guia-copa-da-franca-conheca-o-grupo-d-das-inventoras-do-futebol\/","title":{"rendered":"Guia Copa da Fran\u00e7a: Conhe\u00e7a o Grupo D, das inventoras do futebol"},"content":{"rendered":"<p>A oitava edi\u00e7\u00e3o da Copa do Mundo de futebol feminino j\u00e1 come\u00e7ou e as 24 sele\u00e7\u00f5es participantes do torneio disputam o t\u00edtulo na Fran\u00e7a at\u00e9 7 de julho. O\u00a0<strong>Elas no Ataque<\/strong>\u00a0produziu um guia sobre os pa\u00edses que v\u00e3o disputar o Mundial para voc\u00ea ficar por dentro de todos os detalhes. A cada dia, ser\u00e1 publicado uma das seis chaves da competi\u00e7\u00e3o. Conhe\u00e7a o Grupo D:<\/p>\n<h2>Inglaterra<\/h2>\n<p><img loading=\"lazy\" decoding=\"async\" class=\"aligncenter wp-image-3390\" src=\"https:\/\/blogs.correiobraziliense.com.br\/elasnoataque\/wp-content\/uploads\/sites\/36\/2019\/06\/rxuyjmhnpvv6ce9kqhim.jpg\" alt=\"\" width=\"1228\" height=\"691\" srcset=\"https:\/\/blogs.correiobraziliense.com.br\/elasnoataque\/wp-content\/uploads\/sites\/36\/2019\/06\/rxuyjmhnpvv6ce9kqhim.jpg 1440w, https:\/\/blogs.correiobraziliense.com.br\/elasnoataque\/wp-content\/uploads\/sites\/36\/2019\/06\/rxuyjmhnpvv6ce9kqhim-300x169.jpg 300w, https:\/\/blogs.correiobraziliense.com.br\/elasnoataque\/wp-content\/uploads\/sites\/36\/2019\/06\/rxuyjmhnpvv6ce9kqhim-768x432.jpg 768w, https:\/\/blogs.correiobraziliense.com.br\/elasnoataque\/wp-content\/uploads\/sites\/36\/2019\/06\/rxuyjmhnpvv6ce9kqhim-1024x576.jpg 1024w, https:\/\/blogs.correiobraziliense.com.br\/elasnoataque\/wp-content\/uploads\/sites\/36\/2019\/06\/rxuyjmhnpvv6ce9kqhim-550x309.jpg 550w, https:\/\/blogs.correiobraziliense.com.br\/elasnoataque\/wp-content\/uploads\/sites\/36\/2019\/06\/rxuyjmhnpvv6ce9kqhim-230x129.jpg 230w\" sizes=\"auto, (max-width: 1228px) 100vw, 1228px\" \/><\/p>\n<p>Esta \u00e9 a quinta participa\u00e7\u00e3o da Inglaterra em mundiais, sendo a quarta seguida. Nas Copas do Mundo de 1995, 2007 e 2011, a sele\u00e7\u00e3o inglesa caiu nas quartas de final. A melhor campanha foi em 2015, quando derrotou a Alemanha na disputa pelo terceiro lugar. Essa foi, inclusive, a melhor coloca\u00e7\u00e3o do pa\u00eds em uma Copa do Mundo, masculina ou feminina, desde 1966, quando a equipe masculina se sagrou campe\u00e3.<\/p>\n<p><img loading=\"lazy\" decoding=\"async\" class=\"aligncenter wp-image-3391\" src=\"https:\/\/blogs.correiobraziliense.com.br\/elasnoataque\/wp-content\/uploads\/sites\/36\/2019\/06\/yvbu4lazcpnnillpsisi.jpg\" alt=\"\" width=\"1247\" height=\"703\" srcset=\"https:\/\/blogs.correiobraziliense.com.br\/elasnoataque\/wp-content\/uploads\/sites\/36\/2019\/06\/yvbu4lazcpnnillpsisi-300x169.jpg 300w, https:\/\/blogs.correiobraziliense.com.br\/elasnoataque\/wp-content\/uploads\/sites\/36\/2019\/06\/yvbu4lazcpnnillpsisi-768x432.jpg 768w, https:\/\/blogs.correiobraziliense.com.br\/elasnoataque\/wp-content\/uploads\/sites\/36\/2019\/06\/yvbu4lazcpnnillpsisi-1024x576.jpg 1024w, https:\/\/blogs.correiobraziliense.com.br\/elasnoataque\/wp-content\/uploads\/sites\/36\/2019\/06\/yvbu4lazcpnnillpsisi-550x309.jpg 550w, https:\/\/blogs.correiobraziliense.com.br\/elasnoataque\/wp-content\/uploads\/sites\/36\/2019\/06\/yvbu4lazcpnnillpsisi-230x129.jpg 230w\" sizes=\"auto, (max-width: 1247px) 100vw, 1247px\" \/><\/p>\n<p><strong>Melhor campanha:<\/strong> terceiro lugar (2015)<br \/>\n<strong>Participa\u00e7\u00f5es em Copa:<\/strong> 4 (1995, 2007, 2011, 2015)<br \/>\n<strong>Ranking da Fifa:<\/strong> 3\u00aa posi\u00e7\u00e3o<\/p>\n<p><strong>Passaporte para a Fran\u00e7a<\/strong><\/p>\n<p>Nas eliminat\u00f3rias europeias, a sele\u00e7\u00e3o inglesa venceu oito jogos e empatou um. Foram 29 gols marcados e a defesa s\u00f3 foi vazada uma vez. A excelente campanha inglesa movimentou a imprensa local, que bateu recordes de credenciamento para o evento. O jornal The Guardian declarou que este seria o maior evento esportivo do ano, tamanho otimismo com a sele\u00e7\u00e3o do pa\u00eds. Atualmente, as inglesas ocupam a terceira posi\u00e7\u00e3o no ranking da Fifa, atr\u00e1s de Estados Unidos e Alemanha.<\/p>\n<p><strong>Essa mina sou eu<\/strong><\/p>\n<p>Fran Kirby, 23 anos, \u00e9 a destaque da sele\u00e7\u00e3o inglesa. A atacante de 1,57m tem como marca a criatividade e a explos\u00e3o. A jogadora que atualmente atua no Chelsea defendeu a Inglaterra na Copa do Mundo de 2015, quando o pa\u00eds conseguiu o terceiro lugar. O t\u00e9cnico Mark Sampson, que treinava a equipe na \u00e9poca, chegou a cham\u00e1-la de mini-Messi, pela qualidade apresentada.<\/p>\n<p><img loading=\"lazy\" decoding=\"async\" class=\"aligncenter wp-image-3392\" src=\"https:\/\/blogs.correiobraziliense.com.br\/elasnoataque\/wp-content\/uploads\/sites\/36\/2019\/06\/gllcmnmpoyedvuyym7kn.jpg\" alt=\"\" width=\"1278\" height=\"718\" srcset=\"https:\/\/blogs.correiobraziliense.com.br\/elasnoataque\/wp-content\/uploads\/sites\/36\/2019\/06\/gllcmnmpoyedvuyym7kn.jpg 1440w, https:\/\/blogs.correiobraziliense.com.br\/elasnoataque\/wp-content\/uploads\/sites\/36\/2019\/06\/gllcmnmpoyedvuyym7kn-300x169.jpg 300w, https:\/\/blogs.correiobraziliense.com.br\/elasnoataque\/wp-content\/uploads\/sites\/36\/2019\/06\/gllcmnmpoyedvuyym7kn-768x432.jpg 768w, https:\/\/blogs.correiobraziliense.com.br\/elasnoataque\/wp-content\/uploads\/sites\/36\/2019\/06\/gllcmnmpoyedvuyym7kn-1024x576.jpg 1024w, https:\/\/blogs.correiobraziliense.com.br\/elasnoataque\/wp-content\/uploads\/sites\/36\/2019\/06\/gllcmnmpoyedvuyym7kn-550x309.jpg 550w, https:\/\/blogs.correiobraziliense.com.br\/elasnoataque\/wp-content\/uploads\/sites\/36\/2019\/06\/gllcmnmpoyedvuyym7kn-230x129.jpg 230w\" sizes=\"auto, (max-width: 1278px) 100vw, 1278px\" \/><\/p>\n<p><strong>Dono da prancheta<\/strong><\/p>\n<p>Phil Neville, 42 anos, \u00e9 t\u00e9cnico da sele\u00e7\u00e3o inglesa feminina desde janeiro de 2018. O comandante \u00e9 ex-jogador e defendeu o Manchester United, pelo qual ganhou a Champions League e seis t\u00edtulos da Premier League. Ap\u00f3s a aposentadoria dos gramados em 2013, a primeira experi\u00eancia de Phil Neville fora das quatro linhas foi como auxiliar t\u00e9cnico do Manchester United, na \u00e9poca treinado por David Moyes.<\/p>\n<p><strong>Elenco completo<\/strong><br \/>\n<strong>Goleiras:<\/strong> 1-BARDSLEY, Manchester City WFC (ENG), 13-TELFORD, Chelsea FCW (ENG), 21-EARPS, VfL Wolfsburg (GER)<br \/>\n<strong>Defensoras:<\/strong> 4-WALSH, Manchester City WFC (ENG), 8-J. SCOTT, Manchester City WFC (ENG), 16-MOORE, Reading FCW (ENG), 19-STANWAY, Manchester City WFC (ENG), 20-CARNEY, Chelsea FCW (ENG), 23-STANIFORTH, Birmingham City WFC (ENG)<br \/>\n<strong>Meio Campistas:<\/strong> 2-BRONZE, Olympique Lyon (FRA), 3-GREENWOOD DF Manchester United WFC (ENG), 5-HOUGHTON, Manchester City WFC (ENG), 6-BRIGHT, Chelsea FCW (ENG), 12-STOKES, Manchester City WFC (ENG), 14-WILLIAMSON, Arsenal WFC (ENG), 15-MCMANUS DF Manchester City WFC (ENG), 17-DALY, Houston Dash (USA)<br \/>\n<strong>Atacantes:<\/strong> 7-PARRIS, Manchester City WFC (ENG), 9-TAYLOR, Reign FC (USA), 10-KIRBY, Chelsea FCW (ENG), 11-DUGGAN, FC Barcelona (ESP), 18-WHITE, Birmingham City WFC (ENG), 22-MEAD, Arsenal WFC (ENG)<\/p>\n<p><strong>Jogos da fase de grupos<\/strong><br \/>\n9 de Junho: Inglaterra x Esc\u00f3cia (Allianz Riviera, nice)<br \/>\n14 de Junho: Inglaterra x Argentina (16h; Stade Oc\u00e9an, Le Havre)<br \/>\n17 de Junho: Jap\u00e3o x Inglaterra (16h; Allianz Riviera, Nice)<\/p>\n<h2>Esc\u00f3cia<\/h2>\n<p><img loading=\"lazy\" decoding=\"async\" class=\"aligncenter wp-image-3387\" src=\"https:\/\/blogs.correiobraziliense.com.br\/elasnoataque\/wp-content\/uploads\/sites\/36\/2019\/06\/nrqtvjzmxcmexywblgj5.jpg\" alt=\"\" width=\"1123\" height=\"631\" srcset=\"https:\/\/blogs.correiobraziliense.com.br\/elasnoataque\/wp-content\/uploads\/sites\/36\/2019\/06\/nrqtvjzmxcmexywblgj5.jpg 1440w, https:\/\/blogs.correiobraziliense.com.br\/elasnoataque\/wp-content\/uploads\/sites\/36\/2019\/06\/nrqtvjzmxcmexywblgj5-300x169.jpg 300w, https:\/\/blogs.correiobraziliense.com.br\/elasnoataque\/wp-content\/uploads\/sites\/36\/2019\/06\/nrqtvjzmxcmexywblgj5-768x432.jpg 768w, https:\/\/blogs.correiobraziliense.com.br\/elasnoataque\/wp-content\/uploads\/sites\/36\/2019\/06\/nrqtvjzmxcmexywblgj5-1024x576.jpg 1024w, https:\/\/blogs.correiobraziliense.com.br\/elasnoataque\/wp-content\/uploads\/sites\/36\/2019\/06\/nrqtvjzmxcmexywblgj5-550x309.jpg 550w, https:\/\/blogs.correiobraziliense.com.br\/elasnoataque\/wp-content\/uploads\/sites\/36\/2019\/06\/nrqtvjzmxcmexywblgj5-230x129.jpg 230w\" sizes=\"auto, (max-width: 1123px) 100vw, 1123px\" \/><\/p>\n<p>Esta ser\u00e1 a primeira participa\u00e7\u00e3o da Esc\u00f3cia em um Copa do Mundo Feminina. Em 2015, as escocesas ficaram no quase. Elas perderam para a Holanda na repescagem das eliminat\u00f3rias europ\u00e9ias. A equipe s\u00f3 come\u00e7ou a fazer parte da Associa\u00e7\u00e3o Escocesa de Futebol em 1998, por isso demorou a despontar no cen\u00e1rio mundial. Em 2017, fez a primeira participa\u00e7\u00e3o em Eurocopa. Na conquista da vaga para estrear no mundial, nem todas as atletas da sele\u00e7\u00e3o eram profissionais, tendo de se dividir entre o futebol e outra profiss\u00e3o. O governo escoc\u00eas, ent\u00e3o, aumentou o investimento financeiro para que o elenco pudesse fazer treinos integrais em todo o primeiro semestre de 2019. A equipe escocesa \u00e9 formada majoritariamente por atletas que disputam o Campeonato Ingl\u00eas: s\u00e3o 12 das 23 convocadas.<\/p>\n<p><img loading=\"lazy\" decoding=\"async\" class=\"aligncenter wp-image-3389\" src=\"https:\/\/blogs.correiobraziliense.com.br\/elasnoataque\/wp-content\/uploads\/sites\/36\/2019\/06\/xrr1v9hg7vgz6iu46lzh.jpg\" alt=\"\" width=\"1119\" height=\"630\" srcset=\"https:\/\/blogs.correiobraziliense.com.br\/elasnoataque\/wp-content\/uploads\/sites\/36\/2019\/06\/xrr1v9hg7vgz6iu46lzh.jpg 1440w, https:\/\/blogs.correiobraziliense.com.br\/elasnoataque\/wp-content\/uploads\/sites\/36\/2019\/06\/xrr1v9hg7vgz6iu46lzh-300x169.jpg 300w, https:\/\/blogs.correiobraziliense.com.br\/elasnoataque\/wp-content\/uploads\/sites\/36\/2019\/06\/xrr1v9hg7vgz6iu46lzh-768x432.jpg 768w, https:\/\/blogs.correiobraziliense.com.br\/elasnoataque\/wp-content\/uploads\/sites\/36\/2019\/06\/xrr1v9hg7vgz6iu46lzh-1024x576.jpg 1024w, https:\/\/blogs.correiobraziliense.com.br\/elasnoataque\/wp-content\/uploads\/sites\/36\/2019\/06\/xrr1v9hg7vgz6iu46lzh-550x309.jpg 550w, https:\/\/blogs.correiobraziliense.com.br\/elasnoataque\/wp-content\/uploads\/sites\/36\/2019\/06\/xrr1v9hg7vgz6iu46lzh-230x129.jpg 230w\" sizes=\"auto, (max-width: 1119px) 100vw, 1119px\" \/><\/p>\n<p><strong>Melhor campanha:<\/strong> N\u00e3o possui<br \/>\n<strong>Participa\u00e7\u00f5es em Copa:<\/strong> N\u00e3o possui<br \/>\n<strong>Ranking da Fifa:<\/strong> 20\u00aa posi\u00e7\u00e3o<\/p>\n<p><strong>Passaporte para a Fran\u00e7a<\/strong><\/p>\n<p>Para chegar na primeira Copa do Mundo, a Esc\u00f3cia precisou fazer uma dura batalha contra a Su\u00ed\u00e7a. No Grupo 2 das eliminat\u00f3rias europ\u00e9ias, su\u00ed\u00e7as e escocesas disputaram a vaga ponto a ponto. Um empate da Su\u00ed\u00e7a com a Pol\u00f4nia permitiu que a Esc\u00f3cia conquistasse o primeiro lugar do grupo, ao vencer a Alb\u00e2nia. A equipe terminou com 21 pontos, dois a mais que as advers\u00e1rias, carimbando o passaporte para a Copa da Fran\u00e7a.<\/p>\n<p><strong>Essa mina sou eu<\/strong><\/p>\n<p>Kim Little, 28 anos, \u00e9 meia campista e atualmente joga no Arsenal. Ela j\u00e1 defendeu a sele\u00e7\u00e3o escocesa 70 vezes e marcou 23 gols. Este ser\u00e1 o primeiro grande torneio que disputar\u00e1 pela Esc\u00f3cia, j\u00e1 que ela se lesionou em 2017 e ficou de fora da Eurocopa. Em 2012, Kim Little defendeu a sele\u00e7\u00e3o brit\u00e2nica nas Olimp\u00edadas de Londres.<\/p>\n<p><img loading=\"lazy\" decoding=\"async\" class=\"aligncenter wp-image-3388\" src=\"https:\/\/blogs.correiobraziliense.com.br\/elasnoataque\/wp-content\/uploads\/sites\/36\/2019\/06\/aritrxunweljccr9ouip.jpg\" alt=\"\" width=\"1161\" height=\"654\" srcset=\"https:\/\/blogs.correiobraziliense.com.br\/elasnoataque\/wp-content\/uploads\/sites\/36\/2019\/06\/aritrxunweljccr9ouip.jpg 1440w, https:\/\/blogs.correiobraziliense.com.br\/elasnoataque\/wp-content\/uploads\/sites\/36\/2019\/06\/aritrxunweljccr9ouip-300x169.jpg 300w, https:\/\/blogs.correiobraziliense.com.br\/elasnoataque\/wp-content\/uploads\/sites\/36\/2019\/06\/aritrxunweljccr9ouip-768x432.jpg 768w, https:\/\/blogs.correiobraziliense.com.br\/elasnoataque\/wp-content\/uploads\/sites\/36\/2019\/06\/aritrxunweljccr9ouip-1024x576.jpg 1024w, https:\/\/blogs.correiobraziliense.com.br\/elasnoataque\/wp-content\/uploads\/sites\/36\/2019\/06\/aritrxunweljccr9ouip-550x309.jpg 550w, https:\/\/blogs.correiobraziliense.com.br\/elasnoataque\/wp-content\/uploads\/sites\/36\/2019\/06\/aritrxunweljccr9ouip-230x129.jpg 230w\" sizes=\"auto, (max-width: 1161px) 100vw, 1161px\" \/><\/p>\n<p><strong>Dona da prancheta<\/strong><\/p>\n<p>A Esc\u00f3cia est\u00e1 sob o comando de Michelle &#8220;Sherley&#8221; Kerr, 49 anos e ex-jogadora da sele\u00e7\u00e3o. Keer foi zagueira e capit\u00e3 da sele\u00e7\u00e3o escocesa, quando defendeu a equipe em 59 partidas e marcou tr\u00eas gols entre 1989 e 2008. A ex-atleta j\u00e1 treinou o sub-19 do pa\u00eds e o Arsenal. Sherley Kerr fez hist\u00f3ria ao se tornar a primeira mulher a treinar uma equipe masculina s\u00eanior no Reino Unido, quando comandou a University of Stirling entre 2014 e 2017.<\/p>\n<p><strong>Elenco completo<\/strong><br \/>\n<strong>Goleiras:<\/strong> 1-ALEXANDER, Glasgow City LFC (SCO), 12-LYNN, Vittsjo GIK (SWE), 21-FIFE, Hibernian LFC (SCO)<br \/>\n<strong>Defensoras:<\/strong> 2-SMITH, Manchester United WFC (ENG), 3-DOCHERTY, Glasgow City LFC (SCO), 4-CORSIE, Utah Royals FC (USA), 5-BEATTIE, Manchester City WFC (ENG), 7-LAUDER, Glasgow City LFC (SCO), 14-ARTHUR, Birmingham City WFC (ENG), 15-HOWARD, Reading FCW (ENG), 17-J. MURRAY, Hibernian LFC (SCO)<br \/>\n<strong>Meio Campistas:<\/strong> 6-LOVE, Glasgow City LFC (SCO), 8-LITTLE, Arsenal WFC (ENG), 9-WEIR, Manchester City WFC (ENG), 10-CRICHTON, Glasgow City LFC (SCO), 16-C. MURRAY, Liverpool FCW (ENG), 23-ARNOT, Manchester United WFC (ENG)<br \/>\n<strong>Atacantes:<\/strong> 11-EVANS, Arsenal WFC (ENG), 13-ROSS, West Ham United WFC (ENG), 18-EMSLIE, Manchester City WFC (ENG), 19-CLELLAND, ACF Fiorentina (ITA), 20-BROWN, FC Rosengard (SWE), 22-CUTHBERT, Chelsea FCW (ENG)<\/p>\n<p><strong>Jogos da fase de grupos<\/strong><br \/>\n9 de Junho: Inglaterra x Esc\u00f3cia (Allianz Riviera, Nice)<br \/>\n14 de Junho: Jap\u00e3o x Esc\u00f3cia (10h; Route de Loriente, Rennes)<br \/>\n19 de Junho: Esc\u00f3cia x Argentina (16h; Parc de Princes, Paris)<\/p>\n<h2>Argentina<\/h2>\n<p><img loading=\"lazy\" decoding=\"async\" class=\"aligncenter wp-image-3384\" src=\"https:\/\/blogs.correiobraziliense.com.br\/elasnoataque\/wp-content\/uploads\/sites\/36\/2019\/06\/dwbcsxzksmhqpbz27psd.jpg\" alt=\"\" width=\"1166\" height=\"656\" srcset=\"https:\/\/blogs.correiobraziliense.com.br\/elasnoataque\/wp-content\/uploads\/sites\/36\/2019\/06\/dwbcsxzksmhqpbz27psd.jpg 1440w, https:\/\/blogs.correiobraziliense.com.br\/elasnoataque\/wp-content\/uploads\/sites\/36\/2019\/06\/dwbcsxzksmhqpbz27psd-300x169.jpg 300w, https:\/\/blogs.correiobraziliense.com.br\/elasnoataque\/wp-content\/uploads\/sites\/36\/2019\/06\/dwbcsxzksmhqpbz27psd-768x432.jpg 768w, https:\/\/blogs.correiobraziliense.com.br\/elasnoataque\/wp-content\/uploads\/sites\/36\/2019\/06\/dwbcsxzksmhqpbz27psd-1024x576.jpg 1024w, https:\/\/blogs.correiobraziliense.com.br\/elasnoataque\/wp-content\/uploads\/sites\/36\/2019\/06\/dwbcsxzksmhqpbz27psd-550x309.jpg 550w, https:\/\/blogs.correiobraziliense.com.br\/elasnoataque\/wp-content\/uploads\/sites\/36\/2019\/06\/dwbcsxzksmhqpbz27psd-230x129.jpg 230w\" sizes=\"auto, (max-width: 1166px) 100vw, 1166px\" \/><\/p>\n<p>A rela\u00e7\u00e3o da Argentina com a Copa do Mundo n\u00e3o \u00e9 das melhores. Em duas participa\u00e7\u00f5es, a equipe n\u00e3o conseguiu nenhuma vit\u00f3ria e terminou o torneio em \u00faltimo lugar. No Mundial de 2003, nos Estados Unidos, as argentinas perderam as tr\u00eas partidas em um grupo que tinha Alemanha, Canad\u00e1 e Jap\u00e3o. Na edi\u00e7\u00e3o seguinte, na China, a equipe caiu mais uma vez em uma chave com alem\u00e3s e japonesas, al\u00e9m da Inglaterra. Foram mais tr\u00eas resultados negativos. At\u00e9 o momento, a albiceleste s\u00f3 conseguiu marcar dois gols em Copas.<\/p>\n<p><img loading=\"lazy\" decoding=\"async\" class=\"aligncenter wp-image-3385\" src=\"https:\/\/blogs.correiobraziliense.com.br\/elasnoataque\/wp-content\/uploads\/sites\/36\/2019\/06\/fc5e6wz25vywgqa7qwry.jpg\" alt=\"\" width=\"1171\" height=\"658\" srcset=\"https:\/\/blogs.correiobraziliense.com.br\/elasnoataque\/wp-content\/uploads\/sites\/36\/2019\/06\/fc5e6wz25vywgqa7qwry.jpg 1440w, https:\/\/blogs.correiobraziliense.com.br\/elasnoataque\/wp-content\/uploads\/sites\/36\/2019\/06\/fc5e6wz25vywgqa7qwry-300x169.jpg 300w, https:\/\/blogs.correiobraziliense.com.br\/elasnoataque\/wp-content\/uploads\/sites\/36\/2019\/06\/fc5e6wz25vywgqa7qwry-768x432.jpg 768w, https:\/\/blogs.correiobraziliense.com.br\/elasnoataque\/wp-content\/uploads\/sites\/36\/2019\/06\/fc5e6wz25vywgqa7qwry-1024x576.jpg 1024w, https:\/\/blogs.correiobraziliense.com.br\/elasnoataque\/wp-content\/uploads\/sites\/36\/2019\/06\/fc5e6wz25vywgqa7qwry-550x309.jpg 550w, https:\/\/blogs.correiobraziliense.com.br\/elasnoataque\/wp-content\/uploads\/sites\/36\/2019\/06\/fc5e6wz25vywgqa7qwry-230x129.jpg 230w\" sizes=\"auto, (max-width: 1171px) 100vw, 1171px\" \/><\/p>\n<p><strong>Melhor campanha:<\/strong> fase de grupos (2003 e 2007)<br \/>\n<strong>Participa\u00e7\u00f5es em Copa:<\/strong> 2 ( 2003, 2007)<br \/>\n<strong>Ranking da Fifa:<\/strong> 37\u00aa posi\u00e7\u00e3o<\/p>\n<p><strong>Passaporte para a Fran\u00e7a<\/strong><\/p>\n<p>Depois de passar dois anos sem t\u00e9cnico e de sair do Ranking Mundial Feminino da Fifa, a Argentina come\u00e7ou a se restabelecer para a disputa da Copa Am\u00e9rica Feminina de 2018, no Chile. A equipe terminou o torneio em terceiro lugar e garantiu uma vaga nos playoffs das qualificat\u00f3rias para a Copa do Mundo. Para carimbar o passaporte rumo \u00e0 Fran\u00e7a, a albiceleste enfrentou o Panam\u00e1. O jogo em Buenos Aires foi vencido por 4 x 0. Na partida fora de casa, o empate de 1 x 1 garantiu o regresso das argentinas a Copa do Mundo ap\u00f3s uma aus\u00eancia de 12 anos.<\/p>\n<p><strong>Essa mina sou eu<\/strong><\/p>\n<p>Soledad Jaimes \u00e9 o grande destaque da equipe albiceleste. Aos 30 anos a atacante j\u00e1 jogou no Santos e foi campe\u00e3 brasileira em 2017, quando terminou como artilheira da competi\u00e7\u00e3o com 19 gols em 18 partidas. Ao todo ela fez 66 partidas pelo Peixe e balan\u00e7ou as redes 47 vezes. Jaimes estava na equipe que foi campe\u00e3 da Copa Am\u00e9rica Feminina em 2006. Atualmente ela defende o Lyon da Fran\u00e7a.<\/p>\n<p><img loading=\"lazy\" decoding=\"async\" class=\"aligncenter wp-image-3386\" src=\"https:\/\/blogs.correiobraziliense.com.br\/elasnoataque\/wp-content\/uploads\/sites\/36\/2019\/06\/dnjcjsaomnfz2zluhmjq.jpg\" alt=\"\" width=\"1180\" height=\"664\" srcset=\"https:\/\/blogs.correiobraziliense.com.br\/elasnoataque\/wp-content\/uploads\/sites\/36\/2019\/06\/dnjcjsaomnfz2zluhmjq.jpg 1440w, https:\/\/blogs.correiobraziliense.com.br\/elasnoataque\/wp-content\/uploads\/sites\/36\/2019\/06\/dnjcjsaomnfz2zluhmjq-300x169.jpg 300w, https:\/\/blogs.correiobraziliense.com.br\/elasnoataque\/wp-content\/uploads\/sites\/36\/2019\/06\/dnjcjsaomnfz2zluhmjq-768x432.jpg 768w, https:\/\/blogs.correiobraziliense.com.br\/elasnoataque\/wp-content\/uploads\/sites\/36\/2019\/06\/dnjcjsaomnfz2zluhmjq-1024x576.jpg 1024w, https:\/\/blogs.correiobraziliense.com.br\/elasnoataque\/wp-content\/uploads\/sites\/36\/2019\/06\/dnjcjsaomnfz2zluhmjq-550x309.jpg 550w, https:\/\/blogs.correiobraziliense.com.br\/elasnoataque\/wp-content\/uploads\/sites\/36\/2019\/06\/dnjcjsaomnfz2zluhmjq-230x129.jpg 230w\" sizes=\"auto, (max-width: 1180px) 100vw, 1180px\" \/><\/p>\n<p><strong>Dono da prancheta<\/strong><\/p>\n<p>O comandante argentino \u00e9 Carlos Borrello, que, aos 63 anos, \u00e9 um dos t\u00e9cnicos mais importantes da hist\u00f3ria do futebol feminino no pa\u00eds. Ele ocupou o cargo de diretor t\u00e9cnico da sele\u00e7\u00e3o argentina entre 2003 e 2012, estando presente nas duas \u00fanicas participa\u00e7\u00f5es da equipe em Copa do Mundo. Nesse per\u00edodo, as argentinas conquistaram a Copa Am\u00e9rica Feminina pela primeira e \u00fanica vez na hist\u00f3ria, em 2006. Tamb\u00e9m conseguiram alcan\u00e7ar o top 30 do ranking mundial.<\/p>\n<p><strong>Elenco completo<\/strong><br \/>\n<strong>Goleiras:<\/strong> 1-CORREA,\u00a0 CA Rosario Central (ARG), 12-GARTON (Sem clube) , 23-PEREYRA , UAI Urquiza (ARG)<br \/>\n<strong>Defensoras:<\/strong> 2-BARROSO, Madrid CFF (ESP), 3-STABILE, Boca Juniors (ARG), 4-SACHS, UAI Urquiza (ARG), 6-COMETTI, Sevilla FC (ESP), 13-GOMEZ, CA Rosario Central (ARG), 18-CHAVEZ, CA River Plate (ARG), 21-JUNCOS, (Sem clube)<br \/>\n<strong>Meio Campistas:<\/strong> 5-SANTANA, Logrono CFF (ESP), 8-BRAVO, CD Tac\u00f3n (ESP), 10-BANINI, Levante UD (ESP), 14-MAYORGA, UAI Urquiza (ARG), 16-BENITEZ, Boca Juniors (ARG), 17-CORONEL, Granada CF Femenino (ESP), 20-IPPOLITO, CA River Plate (ARG)<br \/>\n<strong>Atacantes:<\/strong> 7-OVIEDO, Rayo Vallecano (ESP), 9-SOLE JAIMES, Olympique Lyon (FRA), 11-BONSEGUNDO, Sporting Huelva (ESP), 15-POTASSA, UAI Urquiza (ARG), 19-LARROQUETTE, UAI Urquiza (ARG), 22-MEN\u00c9NDEZ, UAI Urquiza (ARG)<\/p>\n<p><strong>Jogos da fase de grupos<\/strong><br \/>\n10 de Junho: Argentina x Jap\u00e3o (Parc de Princes, Paris)<br \/>\n14 de Junho: Inglaterra x Argentina (16h; Stade Oc\u00e9an, Le Havre)<br \/>\n19 de Junho: Argentina x Esc\u00f3cia (Parc de Princes, Paris)<\/p>\n<h2>Jap\u00e3o<\/h2>\n<p><img loading=\"lazy\" decoding=\"async\" class=\"aligncenter wp-image-3383\" src=\"https:\/\/blogs.correiobraziliense.com.br\/elasnoataque\/wp-content\/uploads\/sites\/36\/2019\/06\/u80fzescb8scsrmjct2e.jpg\" alt=\"\" width=\"1105\" height=\"622\" srcset=\"https:\/\/blogs.correiobraziliense.com.br\/elasnoataque\/wp-content\/uploads\/sites\/36\/2019\/06\/u80fzescb8scsrmjct2e.jpg 1440w, https:\/\/blogs.correiobraziliense.com.br\/elasnoataque\/wp-content\/uploads\/sites\/36\/2019\/06\/u80fzescb8scsrmjct2e-300x169.jpg 300w, https:\/\/blogs.correiobraziliense.com.br\/elasnoataque\/wp-content\/uploads\/sites\/36\/2019\/06\/u80fzescb8scsrmjct2e-768x432.jpg 768w, https:\/\/blogs.correiobraziliense.com.br\/elasnoataque\/wp-content\/uploads\/sites\/36\/2019\/06\/u80fzescb8scsrmjct2e-1024x576.jpg 1024w, https:\/\/blogs.correiobraziliense.com.br\/elasnoataque\/wp-content\/uploads\/sites\/36\/2019\/06\/u80fzescb8scsrmjct2e-550x309.jpg 550w, https:\/\/blogs.correiobraziliense.com.br\/elasnoataque\/wp-content\/uploads\/sites\/36\/2019\/06\/u80fzescb8scsrmjct2e-230x129.jpg 230w\" sizes=\"auto, (max-width: 1105px) 100vw, 1105px\" \/><\/p>\n<p>&nbsp;<\/p>\n<p>O Jap\u00e3o est\u00e1 na seleta lista das sele\u00e7\u00f5es que compareceram em todas as copas do mundo. A equipe japonesa j\u00e1 demonstrava que conseguiria grandes feitos, quando em 1995 eliminou o Brasil nas quartas de final. Em 2011, na Alemanha, as japonesas se sagraram campe\u00e3s ao derrotar o Estados Unidos nos p\u00eanaltis. Em 2015, tamb\u00e9m foram finalistas, mas dessa vez perderam para as americanas por 5 x 2.<\/p>\n<p><img loading=\"lazy\" decoding=\"async\" class=\"aligncenter wp-image-3382\" src=\"https:\/\/blogs.correiobraziliense.com.br\/elasnoataque\/wp-content\/uploads\/sites\/36\/2019\/06\/pon1l4p69jw6dnus1car.jpg\" alt=\"\" width=\"1116\" height=\"628\" srcset=\"https:\/\/blogs.correiobraziliense.com.br\/elasnoataque\/wp-content\/uploads\/sites\/36\/2019\/06\/pon1l4p69jw6dnus1car.jpg 1440w, https:\/\/blogs.correiobraziliense.com.br\/elasnoataque\/wp-content\/uploads\/sites\/36\/2019\/06\/pon1l4p69jw6dnus1car-300x169.jpg 300w, https:\/\/blogs.correiobraziliense.com.br\/elasnoataque\/wp-content\/uploads\/sites\/36\/2019\/06\/pon1l4p69jw6dnus1car-768x432.jpg 768w, https:\/\/blogs.correiobraziliense.com.br\/elasnoataque\/wp-content\/uploads\/sites\/36\/2019\/06\/pon1l4p69jw6dnus1car-1024x576.jpg 1024w, https:\/\/blogs.correiobraziliense.com.br\/elasnoataque\/wp-content\/uploads\/sites\/36\/2019\/06\/pon1l4p69jw6dnus1car-550x309.jpg 550w, https:\/\/blogs.correiobraziliense.com.br\/elasnoataque\/wp-content\/uploads\/sites\/36\/2019\/06\/pon1l4p69jw6dnus1car-230x129.jpg 230w\" sizes=\"auto, (max-width: 1116px) 100vw, 1116px\" \/><\/p>\n<p><strong>Melhor campanha:<\/strong> campe\u00e3 (2011)<br \/>\n<strong>Participa\u00e7\u00f5es em Copa:<\/strong> 7 (1991, 1995,1999, 2003, 2007, 2011, 2015)<br \/>\n<strong>Ranking da Fifa:<\/strong> 7\u00aa posi\u00e7\u00e3o<\/p>\n<p><strong>Passaporte para a Fran\u00e7a<\/strong><\/p>\n<p>A sele\u00e7\u00e3o japonesa reina absoluta na \u00c1sia. A equipe foi campe\u00e3 da Copa Asi\u00e1tica e carimbou o passaporte para a Fran\u00e7a. Nas semifinais a equipe derrotou a rival China, por 3 x 1. O t\u00edtulo veio com uma vit\u00f3ria simples por 1 x 0 contra a Austr\u00e1lia.<\/p>\n<p><strong>Essa mina sou eu<\/strong><\/p>\n<p>A atacante Mana Iwabuchi, 26 anos, surgiu para o mundo em 2008, com apenas 15 anos, quando foi eleita a melhor jogadora do mundial Sub-17 da Fifa. Desde ent\u00e3o a jovem vem mostrando todo seu talento. Atualmente a atleta joga pelo Bayern Munique, da Alemanha. Iwabuchi estava na sele\u00e7\u00e3o japonesa que foi campe\u00e3 do mundo em 2011. Esta ser\u00e1 sua terceira copa do mundo.<\/p>\n<p><img loading=\"lazy\" decoding=\"async\" class=\"aligncenter wp-image-3381\" src=\"https:\/\/blogs.correiobraziliense.com.br\/elasnoataque\/wp-content\/uploads\/sites\/36\/2019\/06\/piswmjrrd9kuqcwvgux9.jpg\" alt=\"\" width=\"1074\" height=\"604\" srcset=\"https:\/\/blogs.correiobraziliense.com.br\/elasnoataque\/wp-content\/uploads\/sites\/36\/2019\/06\/piswmjrrd9kuqcwvgux9.jpg 1440w, https:\/\/blogs.correiobraziliense.com.br\/elasnoataque\/wp-content\/uploads\/sites\/36\/2019\/06\/piswmjrrd9kuqcwvgux9-300x169.jpg 300w, https:\/\/blogs.correiobraziliense.com.br\/elasnoataque\/wp-content\/uploads\/sites\/36\/2019\/06\/piswmjrrd9kuqcwvgux9-768x432.jpg 768w, https:\/\/blogs.correiobraziliense.com.br\/elasnoataque\/wp-content\/uploads\/sites\/36\/2019\/06\/piswmjrrd9kuqcwvgux9-1024x576.jpg 1024w, https:\/\/blogs.correiobraziliense.com.br\/elasnoataque\/wp-content\/uploads\/sites\/36\/2019\/06\/piswmjrrd9kuqcwvgux9-550x309.jpg 550w, https:\/\/blogs.correiobraziliense.com.br\/elasnoataque\/wp-content\/uploads\/sites\/36\/2019\/06\/piswmjrrd9kuqcwvgux9-230x129.jpg 230w\" sizes=\"auto, (max-width: 1074px) 100vw, 1074px\" \/><\/p>\n<p><strong>Dona da prancheta<\/strong><\/p>\n<p>Asako Takakura, 51 anos, \u00e9 a comandante das japonesas. Ela \u00e9 ex-jogadora e defendeu a Sele\u00e7\u00e3o do japonesa nos Jogos Ol\u00edmpicos de 1996. Takakura est\u00e1 a frente do Jap\u00e3o desde 2016, antes trabalhou na equipe juvenil que venceu a Copa do Mundo Feminina Sub-17, em 2014, e conseguiu um terceiro lugar na Copa do Mundo Sub-20, em 2016.<\/p>\n<p><strong>Elenco completo<\/strong><\/p>\n<p><span style=\"font-weight: 400\"><strong>Goleiras:<\/strong> 1-IKEDA, Urawa Red Diamonds Ladies (JPN) , 18-YAMASHITA, \u00a0NTV Beleza (JPN)<\/span><\/p>\n<p><span style=\"font-weight: 400\"><strong>Defensoras<\/strong>: 2-UTSUGI, Reign FC (USA), 3-SAMESHIMA, INAC Kobe Leonessa (JPN), 4-KUMAGAI, Olympique Lyon (FRA), 5-ICHISE, Vegalta Sendai Ladies (JPN), 12-MINAMI, Urawa Red Diamonds Ladies (JPN), 16-MIYAGAWA, NTV Beleza (JPN), 22-SHIMIZU, NTV Beleza (JPN), 23-MIYAKE, INAC Kobe Leonessa (JPN)<\/span><\/p>\n<p><span style=\"font-weight: 400\"><strong>Meio Campistas:<\/strong> 6-SUGITA, INAC Kobe Leonessa (JPN), 7-NAKAJIMA, INAC Kobe Leonessa (JPN), 10-SAKAGUCHI, NTV Beleza (JPN), 13-TAKARADA, Cerezo Osaka Sakai L (JPN), 14-HASEGAWA, NTV Beleza (JPN), 15-MOMIKI, NTV Beleza (JPN) , 17-MIURA, NTV Beleza (JPN)<\/span><\/p>\n<p><span style=\"font-weight: 400\"><strong>Atacantes:<\/strong> 8-IWABUCHI, INAC Kobe Leonessa (JPN), 9-SUGASAWA, Urawa Red Diamonds Ladies (JPN), 11-KOBAYASHI, NTV Beleza (JPN), 19-ENDO, NTV Beleza (JPN), 20-YOKOYAMA, AC Nagano Parceiro Ladies (JPN), 21-YOKOYAMA, AC Nagano Parceiro Ladies (JPN)<\/span><\/p>\n<p><strong>Jogos da fase de grupos<\/strong><\/p>\n<p><span style=\"font-weight: 400\">10 de Junho: Argentina x Jap\u00e3o (Parc de Princes, Paris)<\/span><\/p>\n<p><span style=\"font-weight: 400\">14 de Junho: Jap\u00e3o x Esc\u00f3cia (10h; Route de Loriente, Rennes)<\/span><\/p>\n<p><span style=\"font-weight: 400\">17 de Junho: Jap\u00e3o x Inglaterra (16h; Allianz Riviera, Nice)<\/span><\/p>\n<p><strong>Por Emanuelly Fernandes e\u00a0<\/strong><strong>Mariana Fraga<\/strong><\/p>\n<p><strong>Patroc\u00ednio:\u00a0<\/strong>Col\u00e9gio Moraes R\u00eago<strong><br \/>\nApoio:\u00a0<\/strong>Casa de Viagens e Bancorbr\u00e1s \u2013 Ag\u00eancia de Viagens<\/p>\n","protected":false},"excerpt":{"rendered":"<p>A oitava edi\u00e7\u00e3o da Copa do Mundo de futebol feminino j\u00e1 come\u00e7ou e as 24 sele\u00e7\u00f5es participantes do torneio disputam o t\u00edtulo na Fran\u00e7a at\u00e9 7 de julho. O\u00a0Elas no Ataque\u00a0produziu um guia sobre os pa\u00edses que v\u00e3o disputar o Mundial para voc\u00ea ficar por dentro de todos os detalhes. A cada dia, ser\u00e1 publicado uma das seis chaves da [&hellip;]<\/p>\n","protected":false},"author":80,"featured_media":4128,"comment_status":"open","ping_status":"open","sticky":false,"template":"","format":"standard","meta":{"footnotes":""},"categories":[25],"tags":[463,524,20,665,664,53,538],"class_list":["post-3379","post","type-post","status-publish","format-standard","has-post-thumbnail","hentry","category-futebol","tag-argentina","tag-copa-da-franca","tag-copa-do-mundo","tag-escocia","tag-grupo-d","tag-inglaterra","tag-japao"],"_links":{"self":[{"href":"https:\/\/blogs.correiobraziliense.com.br\/elasnoataque\/wp-json\/wp\/v2\/posts\/3379","targetHints":{"allow":["GET"]}}],"collection":[{"href":"https:\/\/blogs.correiobraziliense.com.br\/elasnoataque\/wp-json\/wp\/v2\/posts"}],"about":[{"href":"https:\/\/blogs.correiobraziliense.com.br\/elasnoataque\/wp-json\/wp\/v2\/types\/post"}],"author":[{"embeddable":true,"href":"https:\/\/blogs.correiobraziliense.com.br\/elasnoataque\/wp-json\/wp\/v2\/users\/80"}],"replies":[{"embeddable":true,"href":"https:\/\/blogs.correiobraziliense.com.br\/elasnoataque\/wp-json\/wp\/v2\/comments?post=3379"}],"version-history":[{"count":6,"href":"https:\/\/blogs.correiobraziliense.com.br\/elasnoataque\/wp-json\/wp\/v2\/posts\/3379\/revisions"}],"predecessor-version":[{"id":4129,"href":"https:\/\/blogs.correiobraziliense.com.br\/elasnoataque\/wp-json\/wp\/v2\/posts\/3379\/revisions\/4129"}],"wp:featuredmedia":[{"embeddable":true,"href":"https:\/\/blogs.correiobraziliense.com.br\/elasnoataque\/wp-json\/wp\/v2\/media\/4128"}],"wp:attachment":[{"href":"https:\/\/blogs.correiobraziliense.com.br\/elasnoataque\/wp-json\/wp\/v2\/media?parent=3379"}],"wp:term":[{"taxonomy":"category","embeddable":true,"href":"https:\/\/blogs.correiobraziliense.com.br\/elasnoataque\/wp-json\/wp\/v2\/categories?post=3379"},{"taxonomy":"post_tag","embeddable":true,"href":"https:\/\/blogs.correiobraziliense.com.br\/elasnoataque\/wp-json\/wp\/v2\/tags?post=3379"}],"curies":[{"name":"wp","href":"https:\/\/api.w.org\/{rel}","templated":true}]}}