{"id":3372,"date":"2019-06-11T13:16:49","date_gmt":"2019-06-11T16:16:49","guid":{"rendered":"https:\/\/blogs.correiobraziliense.com.br\/elasnoataque\/?p=3372"},"modified":"2019-07-11T20:12:03","modified_gmt":"2019-07-11T23:12:03","slug":"andressa-alves-australia-x-brasil-montpellier","status":"publish","type":"post","link":"https:\/\/blogs.correiobraziliense.com.br\/elasnoataque\/andressa-alves-australia-x-brasil-montpellier\/","title":{"rendered":"Com Brasil, Andressa Alves retorna a Montpellier, primeiro clube dela na Europa"},"content":{"rendered":"<p><strong>Montpellier (Fran\u00e7a) \u2014\u00a0<\/strong>Na costa sul da Fran\u00e7a, uma cidade com cerca de 260 mil habitantes abriga um centro hist\u00f3rico repleto de ruelas medievais, al\u00e9m de exibir a universidade de medicina mais antiga do Ocidente. Montpellier tamb\u00e9m \u00e9 sede do clube de futebol que abriu as portas para a brasileira Andressa Alves na Europa. Nesta quinta-feira (13\/6), a camisa 10 do Barcelona volta \u00e0 casa do time em que atuou em 2016 para defender o Brasil contra a Austr\u00e1lia, pela segunda rodada da Copa do Mundo feminina.<\/p>\n<p>Aos 23 anos, Andressa Alves chegava para jogar pela primeira vez fora do Brasil sem saber falar franc\u00eas nem ingl\u00eas. O destino era o centen\u00e1rio <a href=\"https:\/\/www.mhscfoot.com\/\">Montpellier H\u00e9rault Sport Club<\/a>. Apesar dos desafios de se inserir em outra cultura, a jogadora abriu um sorriso ao lembrar daquele per\u00edodo da carreira na cidade.<\/p>\n<p>\u201cMe sinto muito bem, foi meu primeiro clube na Europa, o clube que me abriu as portas e agrade\u00e7o a todas as pessoas, porque desde o momento que eu cheguei me deram total suporte, j\u00e1 que eu n\u00e3o falava ingl\u00eas nem franc\u00eas\u201d, afirmou ao <strong>Elas no Ataque<\/strong>.<\/p>\n<p>O clube de Montpellier foi fundado em 1919 e tem time feminino desde 2002. A cria\u00e7\u00e3o de uma equipe de mulheres foi um desejo do falecido presidente Louis Nicollin, que decidiu ser o primeiro clube profissional franc\u00eas a criar uma equipe feminina. \u201cO futebol feminino no Montpellier \u00e9 muito forte. O ex-presidente, que infelizmente faleceu, amava isso e dava total apoio, investia&#8221;, elogia a meia.<\/p>\n<p>&#8220;\u00c9 um clube muito grande, que tem uma hist\u00f3ria muito grande dentro do futebol feminino e que me trouxe muitas alegrias\u201d, completa. Ap\u00f3s a temporada no Montpellier, Andressa foi para o Barcelona, atual clube da meia.<\/p>\n<p>Andressa foi a primeira brasileira a ser contratada pelo time feminino do Bar\u00e7a, que na \u00faltima temporada chegou \u00e0 final da Liga dos Campe\u00f5es com a brasileira como a camisa 10, feito in\u00e9dito \u00e0s espanholas.<\/p>\n<h2><strong>Veja fotos da passagem de Andressa pelo Montpellier<\/strong><\/h2>\n<div id='gallery-1' class='gallery galleryid-3372 gallery-columns-3 gallery-size-full'><figure class='gallery-item'>\n\t\t\t<div class='gallery-icon landscape'>\n\t\t\t\t<a href='https:\/\/blogs.correiobraziliense.com.br\/elasnoataque\/andressa-alves-australia-x-brasil-montpellier\/andressa-alves-3\/'><img loading=\"lazy\" decoding=\"async\" width=\"750\" height=\"500\" src=\"https:\/\/blogs.correiobraziliense.com.br\/elasnoataque\/wp-content\/uploads\/sites\/36\/2019\/06\/Andressa-alves-3.jpg\" class=\"attachment-full size-full\" alt=\"\" aria-describedby=\"gallery-1-3402\" srcset=\"https:\/\/blogs.correiobraziliense.com.br\/elasnoataque\/wp-content\/uploads\/sites\/36\/2019\/06\/Andressa-alves-3.jpg 750w, https:\/\/blogs.correiobraziliense.com.br\/elasnoataque\/wp-content\/uploads\/sites\/36\/2019\/06\/Andressa-alves-3-300x200.jpg 300w, https:\/\/blogs.correiobraziliense.com.br\/elasnoataque\/wp-content\/uploads\/sites\/36\/2019\/06\/Andressa-alves-3-550x367.jpg 550w, https:\/\/blogs.correiobraziliense.com.br\/elasnoataque\/wp-content\/uploads\/sites\/36\/2019\/06\/Andressa-alves-3-230x153.jpg 230w\" sizes=\"auto, (max-width: 750px) 100vw, 750px\" \/><\/a>\n\t\t\t<\/div>\n\t\t\t\t<figcaption class='wp-caption-text gallery-caption' id='gallery-1-3402'>\n\t\t\t\tMHSC\/Divulga\u00e7\u00e3o\n\t\t\t\t<\/figcaption><\/figure><figure class='gallery-item'>\n\t\t\t<div class='gallery-icon landscape'>\n\t\t\t\t<a href='https:\/\/blogs.correiobraziliense.com.br\/elasnoataque\/andressa-alves-australia-x-brasil-montpellier\/andressa-alves-4\/'><img loading=\"lazy\" decoding=\"async\" width=\"750\" height=\"500\" src=\"https:\/\/blogs.correiobraziliense.com.br\/elasnoataque\/wp-content\/uploads\/sites\/36\/2019\/06\/Andressa-alves-4.jpg\" class=\"attachment-full size-full\" alt=\"\" aria-describedby=\"gallery-1-3403\" srcset=\"https:\/\/blogs.correiobraziliense.com.br\/elasnoataque\/wp-content\/uploads\/sites\/36\/2019\/06\/Andressa-alves-4.jpg 750w, https:\/\/blogs.correiobraziliense.com.br\/elasnoataque\/wp-content\/uploads\/sites\/36\/2019\/06\/Andressa-alves-4-300x200.jpg 300w, https:\/\/blogs.correiobraziliense.com.br\/elasnoataque\/wp-content\/uploads\/sites\/36\/2019\/06\/Andressa-alves-4-550x367.jpg 550w, https:\/\/blogs.correiobraziliense.com.br\/elasnoataque\/wp-content\/uploads\/sites\/36\/2019\/06\/Andressa-alves-4-230x153.jpg 230w\" sizes=\"auto, (max-width: 750px) 100vw, 750px\" \/><\/a>\n\t\t\t<\/div>\n\t\t\t\t<figcaption class='wp-caption-text gallery-caption' id='gallery-1-3403'>\n\t\t\t\tMHSC\/Divulga\u00e7\u00e3o\n\t\t\t\t<\/figcaption><\/figure><figure class='gallery-item'>\n\t\t\t<div class='gallery-icon landscape'>\n\t\t\t\t<a href='https:\/\/blogs.correiobraziliense.com.br\/elasnoataque\/andressa-alves-australia-x-brasil-montpellier\/andressa-alves\/'><img loading=\"lazy\" decoding=\"async\" width=\"750\" height=\"500\" src=\"https:\/\/blogs.correiobraziliense.com.br\/elasnoataque\/wp-content\/uploads\/sites\/36\/2019\/06\/Andressa-alves.jpg\" class=\"attachment-full size-full\" alt=\"\" aria-describedby=\"gallery-1-3404\" srcset=\"https:\/\/blogs.correiobraziliense.com.br\/elasnoataque\/wp-content\/uploads\/sites\/36\/2019\/06\/Andressa-alves.jpg 750w, https:\/\/blogs.correiobraziliense.com.br\/elasnoataque\/wp-content\/uploads\/sites\/36\/2019\/06\/Andressa-alves-300x200.jpg 300w, https:\/\/blogs.correiobraziliense.com.br\/elasnoataque\/wp-content\/uploads\/sites\/36\/2019\/06\/Andressa-alves-550x367.jpg 550w, https:\/\/blogs.correiobraziliense.com.br\/elasnoataque\/wp-content\/uploads\/sites\/36\/2019\/06\/Andressa-alves-230x153.jpg 230w\" sizes=\"auto, (max-width: 750px) 100vw, 750px\" \/><\/a>\n\t\t\t<\/div>\n\t\t\t\t<figcaption class='wp-caption-text gallery-caption' id='gallery-1-3404'>\n\t\t\t\tMHSC\/Divulga\u00e7\u00e3o\n\t\t\t\t<\/figcaption><\/figure><figure class='gallery-item'>\n\t\t\t<div class='gallery-icon landscape'>\n\t\t\t\t<a href='https:\/\/blogs.correiobraziliense.com.br\/elasnoataque\/andressa-alves-australia-x-brasil-montpellier\/jmmar20160327\/'><img loading=\"lazy\" decoding=\"async\" width=\"750\" height=\"500\" src=\"https:\/\/blogs.correiobraziliense.com.br\/elasnoataque\/wp-content\/uploads\/sites\/36\/2019\/06\/Andressa-alves-2.jpg\" class=\"attachment-full size-full\" alt=\"\" aria-describedby=\"gallery-1-3401\" srcset=\"https:\/\/blogs.correiobraziliense.com.br\/elasnoataque\/wp-content\/uploads\/sites\/36\/2019\/06\/Andressa-alves-2.jpg 750w, https:\/\/blogs.correiobraziliense.com.br\/elasnoataque\/wp-content\/uploads\/sites\/36\/2019\/06\/Andressa-alves-2-300x200.jpg 300w, https:\/\/blogs.correiobraziliense.com.br\/elasnoataque\/wp-content\/uploads\/sites\/36\/2019\/06\/Andressa-alves-2-550x367.jpg 550w, https:\/\/blogs.correiobraziliense.com.br\/elasnoataque\/wp-content\/uploads\/sites\/36\/2019\/06\/Andressa-alves-2-230x153.jpg 230w\" sizes=\"auto, (max-width: 750px) 100vw, 750px\" \/><\/a>\n\t\t\t<\/div>\n\t\t\t\t<figcaption class='wp-caption-text gallery-caption' id='gallery-1-3401'>\n\t\t\t\tMHSC\/Divulga\u00e7\u00e3o\n\t\t\t\t<\/figcaption><\/figure><figure class='gallery-item'>\n\t\t\t<div class='gallery-icon landscape'>\n\t\t\t\t<a href='https:\/\/blogs.correiobraziliense.com.br\/elasnoataque\/andressa-alves-australia-x-brasil-montpellier\/andre\/'><img loading=\"lazy\" decoding=\"async\" width=\"750\" height=\"500\" src=\"https:\/\/blogs.correiobraziliense.com.br\/elasnoataque\/wp-content\/uploads\/sites\/36\/2019\/06\/andre.jpg\" class=\"attachment-full size-full\" alt=\"Andressa Alves-Montpellier\" aria-describedby=\"gallery-1-3398\" srcset=\"https:\/\/blogs.correiobraziliense.com.br\/elasnoataque\/wp-content\/uploads\/sites\/36\/2019\/06\/andre.jpg 750w, https:\/\/blogs.correiobraziliense.com.br\/elasnoataque\/wp-content\/uploads\/sites\/36\/2019\/06\/andre-300x200.jpg 300w, https:\/\/blogs.correiobraziliense.com.br\/elasnoataque\/wp-content\/uploads\/sites\/36\/2019\/06\/andre-550x367.jpg 550w, https:\/\/blogs.correiobraziliense.com.br\/elasnoataque\/wp-content\/uploads\/sites\/36\/2019\/06\/andre-230x153.jpg 230w\" sizes=\"auto, (max-width: 750px) 100vw, 750px\" \/><\/a>\n\t\t\t<\/div>\n\t\t\t\t<figcaption class='wp-caption-text gallery-caption' id='gallery-1-3398'>\n\t\t\t\tMHSC\/Divulga\u00e7\u00e3o\n\t\t\t\t<\/figcaption><\/figure>\n\t\t<\/div>\n\n<p><strong>Por Maria Eduarda Cardim e Ma\u00edra Nunes\u00a0\u2014 Enviadas especiais<\/strong><\/p>\n<p><strong>Patroc\u00ednio:\u00a0<\/strong>Col\u00e9gio Moraes R\u00eago<strong><br \/>\nApoio:\u00a0<\/strong>Casa de Viagens e Bancorbr\u00e1s \u2013 Ag\u00eancia de Viagens<\/p>\n","protected":false},"excerpt":{"rendered":"<p>Montpellier (Fran\u00e7a) \u2014\u00a0Na costa sul da Fran\u00e7a, uma cidade com cerca de 260 mil habitantes abriga um centro hist\u00f3rico repleto de ruelas medievais, al\u00e9m de exibir a universidade de medicina mais antiga do Ocidente. Montpellier tamb\u00e9m \u00e9 sede do clube de futebol que abriu as portas para a brasileira Andressa Alves na Europa. Nesta quinta-feira (13\/6), a camisa 10 do [&hellip;]<\/p>\n","protected":false},"author":80,"featured_media":3398,"comment_status":"open","ping_status":"open","sticky":false,"template":"","format":"standard","meta":{"footnotes":""},"categories":[25],"tags":[658,524,20,659],"class_list":["post-3372","post","type-post","status-publish","format-standard","has-post-thumbnail","hentry","category-futebol","tag-andressa-alves","tag-copa-da-franca","tag-copa-do-mundo","tag-montpellier"],"_links":{"self":[{"href":"https:\/\/blogs.correiobraziliense.com.br\/elasnoataque\/wp-json\/wp\/v2\/posts\/3372","targetHints":{"allow":["GET"]}}],"collection":[{"href":"https:\/\/blogs.correiobraziliense.com.br\/elasnoataque\/wp-json\/wp\/v2\/posts"}],"about":[{"href":"https:\/\/blogs.correiobraziliense.com.br\/elasnoataque\/wp-json\/wp\/v2\/types\/post"}],"author":[{"embeddable":true,"href":"https:\/\/blogs.correiobraziliense.com.br\/elasnoataque\/wp-json\/wp\/v2\/users\/80"}],"replies":[{"embeddable":true,"href":"https:\/\/blogs.correiobraziliense.com.br\/elasnoataque\/wp-json\/wp\/v2\/comments?post=3372"}],"version-history":[{"count":16,"href":"https:\/\/blogs.correiobraziliense.com.br\/elasnoataque\/wp-json\/wp\/v2\/posts\/3372\/revisions"}],"predecessor-version":[{"id":4132,"href":"https:\/\/blogs.correiobraziliense.com.br\/elasnoataque\/wp-json\/wp\/v2\/posts\/3372\/revisions\/4132"}],"wp:featuredmedia":[{"embeddable":true,"href":"https:\/\/blogs.correiobraziliense.com.br\/elasnoataque\/wp-json\/wp\/v2\/media\/3398"}],"wp:attachment":[{"href":"https:\/\/blogs.correiobraziliense.com.br\/elasnoataque\/wp-json\/wp\/v2\/media?parent=3372"}],"wp:term":[{"taxonomy":"category","embeddable":true,"href":"https:\/\/blogs.correiobraziliense.com.br\/elasnoataque\/wp-json\/wp\/v2\/categories?post=3372"},{"taxonomy":"post_tag","embeddable":true,"href":"https:\/\/blogs.correiobraziliense.com.br\/elasnoataque\/wp-json\/wp\/v2\/tags?post=3372"}],"curies":[{"name":"wp","href":"https:\/\/api.w.org\/{rel}","templated":true}]}}