{"id":3333,"date":"2019-06-09T17:26:17","date_gmt":"2019-06-09T20:26:17","guid":{"rendered":"https:\/\/blogs.correiobraziliense.com.br\/elasnoataque\/?p=3333"},"modified":"2019-07-11T20:21:30","modified_gmt":"2019-07-11T23:21:30","slug":"video-analise-tatica-da-vitoria-do-brasil-na-estreia","status":"publish","type":"post","link":"https:\/\/blogs.correiobraziliense.com.br\/elasnoataque\/video-analise-tatica-da-vitoria-do-brasil-na-estreia\/","title":{"rendered":"Tempo t\u00e9cnico: an\u00e1lise t\u00e1tica da vit\u00f3ria do Brasil na estreia"},"content":{"rendered":"<p>Com direito a hat-trick de Cristiane, o Brasil venceu a Jamaica por 3 x 0 na estreia da Copa do Mundo. A Sele\u00e7\u00e3o Brasileira mostrou a for\u00e7a do coletivo no jogo que n\u00e3o p\u00f4de contar com Marta. A jornalista Mariana Fraga e a t\u00e9cnica de futebol Dani Mendes analisam o primeiro jogo da equipe brasileira no maior mundial feminino de futebol.<\/p>\n<h2><strong>Assista ao v\u00eddeo:<\/strong><\/h2>\n<p>https:\/\/www.facebook.com\/correiobraziliense\/videos\/349737292405052\/UzpfSTE3ODAwNTc4MjU6MzA2MDYxMTI5NDk5NDE0OjEwOjA6MTU2MTk2NDM5OTotNTM1MDgzNjgwOTY4ODUwODQ4OA\/<\/p>\n<p><strong><br \/>\nPor Mariana Fraga<\/strong><\/p>\n<p><strong>Patroc\u00ednio:\u00a0<\/strong>Col\u00e9gio Moraes R\u00eago<strong><br \/>\nApoio:\u00a0<\/strong>Casa de Viagens e Bancorbr\u00e1s \u2013 Ag\u00eancia de Viagens<\/p>\n","protected":false},"excerpt":{"rendered":"<p>Com direito a hat-trick de Cristiane, o Brasil venceu a Jamaica por 3 x 0 na estreia da Copa do Mundo. A Sele\u00e7\u00e3o Brasileira mostrou a for\u00e7a do coletivo no jogo que n\u00e3o p\u00f4de contar com Marta. A jornalista Mariana Fraga e a t\u00e9cnica de futebol Dani Mendes analisam o primeiro jogo da equipe brasileira no maior mundial feminino de [&hellip;]<\/p>\n","protected":false},"author":80,"featured_media":4135,"comment_status":"open","ping_status":"open","sticky":false,"template":"","format":"standard","meta":{"footnotes":""},"categories":[25],"tags":[61,524,20,108,161],"class_list":["post-3333","post","type-post","status-publish","format-standard","has-post-thumbnail","hentry","category-futebol","tag-brasil","tag-copa-da-franca","tag-copa-do-mundo","tag-futebol-feminino","tag-selecao-brasileira"],"_links":{"self":[{"href":"https:\/\/blogs.correiobraziliense.com.br\/elasnoataque\/wp-json\/wp\/v2\/posts\/3333","targetHints":{"allow":["GET"]}}],"collection":[{"href":"https:\/\/blogs.correiobraziliense.com.br\/elasnoataque\/wp-json\/wp\/v2\/posts"}],"about":[{"href":"https:\/\/blogs.correiobraziliense.com.br\/elasnoataque\/wp-json\/wp\/v2\/types\/post"}],"author":[{"embeddable":true,"href":"https:\/\/blogs.correiobraziliense.com.br\/elasnoataque\/wp-json\/wp\/v2\/users\/80"}],"replies":[{"embeddable":true,"href":"https:\/\/blogs.correiobraziliense.com.br\/elasnoataque\/wp-json\/wp\/v2\/comments?post=3333"}],"version-history":[{"count":7,"href":"https:\/\/blogs.correiobraziliense.com.br\/elasnoataque\/wp-json\/wp\/v2\/posts\/3333\/revisions"}],"predecessor-version":[{"id":3776,"href":"https:\/\/blogs.correiobraziliense.com.br\/elasnoataque\/wp-json\/wp\/v2\/posts\/3333\/revisions\/3776"}],"wp:featuredmedia":[{"embeddable":true,"href":"https:\/\/blogs.correiobraziliense.com.br\/elasnoataque\/wp-json\/wp\/v2\/media\/4135"}],"wp:attachment":[{"href":"https:\/\/blogs.correiobraziliense.com.br\/elasnoataque\/wp-json\/wp\/v2\/media?parent=3333"}],"wp:term":[{"taxonomy":"category","embeddable":true,"href":"https:\/\/blogs.correiobraziliense.com.br\/elasnoataque\/wp-json\/wp\/v2\/categories?post=3333"},{"taxonomy":"post_tag","embeddable":true,"href":"https:\/\/blogs.correiobraziliense.com.br\/elasnoataque\/wp-json\/wp\/v2\/tags?post=3333"}],"curies":[{"name":"wp","href":"https:\/\/api.w.org\/{rel}","templated":true}]}}